{"id":148699,"date":"2023-09-25T12:14:13","date_gmt":"2023-09-25T11:14:13","guid":{"rendered":"https:\/\/lavozdehellin.com\/noticias\/?p=148699"},"modified":"2024-02-26T19:36:19","modified_gmt":"2024-02-26T18:36:19","slug":"v08-289-la-diputacion-de-albacete-anima-a-participar-el-29-de-septiembre-en-la-gran-fiesta-de-la-inclusion-con-la-iii-carrera-nocturna-de-amiab-que-homenajeara-a-encarnacion-rodriguez","status":"publish","type":"post","link":"https:\/\/lavozdehellin.com\/noticias\/v08-289-la-diputacion-de-albacete-anima-a-participar-el-29-de-septiembre-en-la-gran-fiesta-de-la-inclusion-con-la-iii-carrera-nocturna-de-amiab-que-homenajeara-a-encarnacion-rodriguez\/","title":{"rendered":"LVH NOTICIAS | LA DIPUTACI\u00d3N DE ALBACETE ANIMA A PARTICIPAR EL 29 DE SEPTIEMBRE \u201cEN LA GRAN FIESTA DE LA INCLUSI\u00d3N\u00bb CON\u00a0LA III CARRERA NOCTURNA DE AMIAB QUE HOMENAJEAR\u00c1 A ENCARNACI\u00d3N RODR\u00cdGUEZ"},"content":{"rendered":"<p style=\"text-align: justify;\">La III \u2018Carrera Nocturna por la Inclusi\u00f3n\u2019 de AMIAB se celebrar\u00e1 el pr\u00f3ximo 29 de septiembre e incluir\u00e1, a modo de homenaje, el \u201capellido\u201d \u2018Memorial Encarnaci\u00f3n Rodr\u00edguez\u2019, tal y como se ha dado a conocer en la presentaci\u00f3n p\u00fablica de esta cita, en la que el diputado provincial de Deportes, Dani Sancha, ha reiterado, una edici\u00f3n m\u00e1s, el apoyo de la Diputaci\u00f3n de Albacete a esta prueba y a esta entidad.<\/p>\n<p><!--more--><br \/>\n<!--publicidad-voz01--><a href=\"https:\/\/www.facebook.com\/SoloRadioHellin\/?locale=es_ES\"><img decoding=\"async\" class=\"alignnone size-medium\" src=\"https:\/\/blogger.googleusercontent.com\/img\/b\/R29vZ2xl\/AVvXsEiNncirNnyGedv00mhjZjh5Wl4_YPdJGanoAl8tL8zH-HwqE8uHqjEfSt340RHdx-9tuCSIkZ8rFamZiGyYlgDGxCsmXjCH_1xk5eYM3ntFZRvJP_jndOKR7w1UAo9Tu0vrZyOLfqRpHIxYI5SymJJ-pfGCQw6QVpggBH-UgfjiFQ2JOxqxG0Jx94kW83c\/s1600\/logo-principal.jpg\" width=\"100%\" height=\"100\" \/><\/a><!--bestpublic-voz01--><!--desk-in-out-voz01--><br \/>\n<!--publicidad-voz02--><a href=\"https:\/\/www.hellincf.com\/\"><img decoding=\"async\" class=\"alignnone size-medium\" src=\"https:\/\/blogger.googleusercontent.com\/img\/b\/R29vZ2xl\/AVvXsEhuZ4-XfBVj3UtdP8-RZugy3WVrg-Zv28c53m4oV47qYCxL1rX_dqWX_YddsGSnpH5SRDqZ7bZeKPIfDVCDncpjVlhy3aQs2vojcJBn7Gdv9hC2_Nzct_pRFrnFE1a7KTCdY1bT_kAgnY3-iadRZrGeJf1fR2P5fu11bokx0pWjaypoy-ctwCjklldpEbA\/s1600\/logo-principal7.jpg\" width=\"100%\" height=\"100\" \/><\/a><!--bestpublic-voz02--><!--desk-in-out-voz02--><\/p>\n<p style=\"text-align: justify;\">Junto a Juani Garc\u00eda, delegada provincial de Sanidad, y a Francisco Villaescusa, concejal de Deportes en el Ayuntamiento de Albacete, Dani Sancha ha felicitado a AMIAB en la figura de su coordinador del \u00c1rea Socia, \u00c1ngel Montero, y de su director deportivo, Juan Miguel Cano (presentes durante el acto), subrayando la labor diaria que realiza esta organizaci\u00f3n para avanzar en inclusi\u00f3n deportiva, pero tambi\u00e9n social y laboral, haciendo de \u00e9sta una provincia mejor y mejorando la calidad de vida de muchas personas, al tiempo que ha destacado la idoneidad de vincular para siempre esta prueba a una mujer como Encarna Rodr\u00edguez, \u201cejemplo de compromiso social y deportivo\u201d.<\/p>\n<p style=\"text-align: justify;\">Asimismo, el responsable provincial ha apuntado la importancia que actividades como esta carrera tienen para visibilizar el deporte inclusivo, sensibilizar a la sociedad y derribar barreras. En este sentido, ha afirmado que el papel que viene desempe\u00f1ando AMIAB \u201ces clave\u201d, anim\u00e1ndoles a seguir en esta direcci\u00f3n, al tiempo que ha agradecido el apoyo a los patrocinadores, y ha recordado que esta cita se suma a un calendario deportivo \u201ccargado\u201d de actividad que pone de relieve que esta provincia \u201ces un referente deportivo a nivel regional y nacional\u201d.<\/p>\n<p style=\"text-align: justify;\">Durante la presentaci\u00f3n, Sancha tambi\u00e9n ha dejado claro que AMIAB ha contado, cuenta y contar\u00e1 con el apoyo de la instituci\u00f3n que preside Santi Caba\u00f1ero tanto en el d\u00eda a d\u00eda de su actividad y en los proyectos que desarrolla, como en cada iniciativa que emprende en pro de la inclusi\u00f3n y la igualdad de oportunidades.<\/p>\n<p style=\"text-align: justify;\">De hecho, la Diputaci\u00f3n colabora con AMIAB por medio de un convenio (por valor de 40.000\u20ac) destinado a la actividad que desarrolla en su Centro de Intervenci\u00f3n Social ubicado Villamalea, y tambi\u00e9n mantiene otro con su Club de Baloncesto en Silla de Ruedas (25.000\u20ac).<\/p>\n<p style=\"text-align: justify;\">Plazo de inscripci\u00f3n abierto<\/p>\n<p style=\"text-align: justify;\">El plazo de inscripci\u00f3n a esta prueba ya est\u00e1 abierto a trav\u00e9s de la p\u00e1gina web www.atletaspopulares.es y en las diferentes oficinas de AMIAB. As\u00ed lo han expresado los responsables de esta entidad que han apuntado que la prueba tendr\u00e1 salida y meta en el Parque Lineal y recorrer\u00e1 la zona del Templete, incluyendo una categor\u00eda para los ni\u00f1os y ni\u00f1as, cuyo recorrido ser\u00e1 de 800 metros. El resto de participantes recorrer\u00e1n 5km.<\/p>\n<p style=\"text-align: justify;\">Adem\u00e1s, han dejado claro que se trata de una \u201ccarrera solidaria\u201d y han explicado que es un evento 100 por 100 inclusivo, ya que el recorrido y las normas son las mismas para todos los y las participantes, a\u00f1adiendo que correr\u00e1n algunos jugadores de la plantilla del BSR AMIAB. Asimismo, han se\u00f1alado que este evento generar\u00e1 trabajo, ya que 18 personas con discapacidad van a ser contratadas para realizar labores de organizaci\u00f3n y corte de calles durante el d\u00eda 29 de septiembre.<\/p>\n<p style=\"text-align: justify;\">En 2019 y 2021 fueron cerca de 1.600 los corredores y corredoras que en silla de ruedas o a pie realizaron esta prueba y, en esta ocasi\u00f3n, se espera, como m\u00ednimo, alcanzar la cifra de pasadas ediciones o superarla. Por ello, los presentes han animado a la participaci\u00f3n tanto de los vecinos y vecinas de Albacete como del resto de la provincia, para contribuir a que esta cita \u201csea una gran fiesta deportiva y de la inclusi\u00f3n\u201d, como ha subrayado el diputado provincial de Deportes, Dani Sancha.<\/p>\n<p><!--publicidad-voz03--><a href=\"https:\/\/www.facebook.com\/profile.php?id=100063593791305&amp;locale=es_ES\"><img decoding=\"async\" class=\"alignnone size-medium\" src=\"https:\/\/blogger.googleusercontent.com\/img\/b\/R29vZ2xl\/AVvXsEi8_n_ll8UOcGxCqzFvb_9Io4ICczlGC990BPtPj2w9Px-u7B3oqWUW5vtjZUqPNJ-nyjiUIorE0ATsib_l5tV8BVN-UJ03RTnU__IHJF_4DgDBtY4LIqXNG-FomrO-7ywes20CBCRM2Hcm7EJSh3UUw1dO-c_uTflUrtgY1i7uBRezj_DpympmEFkfbQY\/s1600\/logo-principal2.jpg\" width=\"100%\" height=\"100\" \/><\/a><!--bestpublic-voz03--><!--desk-in-out-voz03--><br \/>\n<!--publicidad-voz04--><a href=\"https:\/\/www.facebook.com\/profile.php?id=61557370768692&amp;locale=es_ES\"><img decoding=\"async\" class=\"alignnone size-medium\" src=\"https:\/\/blogger.googleusercontent.com\/img\/b\/R29vZ2xl\/AVvXsEgy5RdcfffrnrItnYTcV9bCJjgJwldsQLWssfVfrLbyfXeBNTFKgBf0rMIvhrUaGUhiXzVr9_eQgCbi-j63ZDpfTvLIty9w7s140y-m1yHe7eKmEK7v2NAHUJDVYGdfeiQFeRCqUjdwWmN1MX_AUxxz4IVdJ4WIM0APxit8bjWkXzrnEFGqBvW_1F13H1g\/s1600\/logo-principal5.jpg\" width=\"100%\" height=\"100\" \/><\/a><!--bestpublic-voz04--><!--desk-in-out-voz04--><br \/>\n<!--publicidad-voz05--><a href=\"https:\/\/www.facebook.com\/asociaciontamborileroshellin?locale=es_ES\"><img decoding=\"async\" class=\"alignnone size-medium\" src=\"https:\/\/blogger.googleusercontent.com\/img\/b\/R29vZ2xl\/AVvXsEhHEEpZsKK1VpwiYMrS7aE2ujtqIDZoLd4B5wtbiseSU9s2HdTdQfhF84So2XwEB1fv0BLw95GADm6hUl1bkKtzh-eIgVigXONuu_5RxeIMPhjk8q6uNX4EaEHbooKkbu7pCADWPpVJjhKIH5NQSJpWqedC-YBez4QAQeJYokkLot9bhrIaUAeztsGis6M\/s1600\/logo-principal3.jpg\" width=\"100%\" height=\"100\" \/><\/a><!--bestpublic-voz05--><!--desk-in-out-voz05--><br \/>\n<!--publicidad-voz06--><!--bestpublic-voz06--><!--desk-in-out-voz06--><br \/>\n<!--publicidad-voz07--><!--bestpublic-voz07--><!--desk-in-out-voz07--><br \/>\n<!--publicidad-voz08--><!--bestpublic-voz08--><!--desk-in-out-voz08--><br \/>\n<!--publicidad-voz09--><!--bestpublic-voz09--><!--desk-in-out-voz09--><br \/>\n<!--publicidad-voz10--><!--bestpublic-voz10--><!--desk-in-out-voz10--><br \/>\n<!--publicidad-voz11--><!--bestpublic-voz11--><!--desk-in-out-voz11--><br \/>\n<!--publicidad-voz12--><!--bestpublic-voz12--><!--desk-in-out-voz12--><br \/>\n<!--publicidad-voz13--><!--bestpublic-voz13--><!--desk-in-out-voz13--><br \/>\n<!--publicidad-voz14--><!--bestpublic-voz14--><!--desk-in-out-voz14--><br \/>\n<!--publicidad-voz15--><!--bestpublic-voz15--><!--desk-in-out-voz15--><br \/>\n<!--publicidad-voz16--><!--bestpublic-voz16--><!--desk-in-out-voz16--><\/p>\n","protected":false},"excerpt":{"rendered":"<p>La III \u2018Carrera Nocturna por la Inclusi\u00f3n\u2019 de AMIAB se celebrar\u00e1 el pr\u00f3ximo 29 de septiembre e incluir\u00e1, a modo de homenaje, el \u201capellido\u201d \u2018Memorial Encarnaci\u00f3n Rodr\u00edguez\u2019, tal y como&#8230;<\/p>\n","protected":false},"author":2,"featured_media":148700,"comment_status":"closed","ping_status":"closed","sticky":false,"template":"","format":"standard","meta":{"footnotes":""},"categories":[753,718,715,716,717],"tags":[],"class_list":["post-148699","post","type-post","status-publish","format-standard","has-post-thumbnail","hentry","category-blog-lv034","category-blogger","category-la-voz-de-hellin","category-la-voz-de-hellin-la-voz-de-hellin","category-noticias"],"_links":{"self":[{"href":"https:\/\/lavozdehellin.com\/noticias\/wp-json\/wp\/v2\/posts\/148699","targetHints":{"allow":["GET"]}}],"collection":[{"href":"https:\/\/lavozdehellin.com\/noticias\/wp-json\/wp\/v2\/posts"}],"about":[{"href":"https:\/\/lavozdehellin.com\/noticias\/wp-json\/wp\/v2\/types\/post"}],"author":[{"embeddable":true,"href":"https:\/\/lavozdehellin.com\/noticias\/wp-json\/wp\/v2\/users\/2"}],"replies":[{"embeddable":true,"href":"https:\/\/lavozdehellin.com\/noticias\/wp-json\/wp\/v2\/comments?post=148699"}],"version-history":[{"count":0,"href":"https:\/\/lavozdehellin.com\/noticias\/wp-json\/wp\/v2\/posts\/148699\/revisions"}],"wp:featuredmedia":[{"embeddable":true,"href":"https:\/\/lavozdehellin.com\/noticias\/wp-json\/wp\/v2\/media\/148700"}],"wp:attachment":[{"href":"https:\/\/lavozdehellin.com\/noticias\/wp-json\/wp\/v2\/media?parent=148699"}],"wp:term":[{"taxonomy":"category","embeddable":true,"href":"https:\/\/lavozdehellin.com\/noticias\/wp-json\/wp\/v2\/categories?post=148699"},{"taxonomy":"post_tag","embeddable":true,"href":"https:\/\/lavozdehellin.com\/noticias\/wp-json\/wp\/v2\/tags?post=148699"}],"curies":[{"name":"wp","href":"https:\/\/api.w.org\/{rel}","templated":true}]}}