{"id":148702,"date":"2023-09-24T19:45:18","date_gmt":"2023-09-24T18:45:18","guid":{"rendered":"https:\/\/lavozdehellin.com\/noticias\/?p=148702"},"modified":"2024-02-26T19:36:19","modified_gmt":"2024-02-26T18:36:19","slug":"v08-288-el-presidente-de-la-diputacion-de-albacete-entrega-a-garcia-lopez-el-trofeo-que-le-acredita-como-el-primer-leyenda-del-tenis-de-albacete","status":"publish","type":"post","link":"https:\/\/lavozdehellin.com\/noticias\/v08-288-el-presidente-de-la-diputacion-de-albacete-entrega-a-garcia-lopez-el-trofeo-que-le-acredita-como-el-primer-leyenda-del-tenis-de-albacete\/","title":{"rendered":"LVH NOTICIAS | EL PRESIDENTE DE LA DIPUTACI\u00d3N DE ALBACETE ENTREGA A GARC\u00cdA-L\u00d3PEZ\u00a0EL TROFEO QUE LE ACREDITA COMO EL PRIMER \u2018LEYENDA\u2019 DEL TENIS DE ALBACETE"},"content":{"rendered":"<p style=\"text-align: justify;\">Emocionante jornada deportiva en las instalaciones del Club de Tenis Albacete que arrancaba por la ma\u00f1ana, con la disputa de la final del Trofeo de Tenis en Silla de Ruedas Ciudad de Albacete, y prosegu\u00eda ya por la tarde, con la de la I Copa Leyendas del Tenis de Albacete.<\/p>\n<p><!--more--><br \/>\n<!--publicidad-voz01--><a href=\"https:\/\/www.facebook.com\/SoloRadioHellin\/?locale=es_ES\"><img decoding=\"async\" class=\"alignnone size-medium\" src=\"https:\/\/blogger.googleusercontent.com\/img\/b\/R29vZ2xl\/AVvXsEiNncirNnyGedv00mhjZjh5Wl4_YPdJGanoAl8tL8zH-HwqE8uHqjEfSt340RHdx-9tuCSIkZ8rFamZiGyYlgDGxCsmXjCH_1xk5eYM3ntFZRvJP_jndOKR7w1UAo9Tu0vrZyOLfqRpHIxYI5SymJJ-pfGCQw6QVpggBH-UgfjiFQ2JOxqxG0Jx94kW83c\/s1600\/logo-principal.jpg\" width=\"100%\" height=\"100\" \/><\/a><!--bestpublic-voz01--><!--desk-in-out-voz01--><br \/>\n<!--publicidad-voz02--><a href=\"https:\/\/www.hellincf.com\/\"><img decoding=\"async\" class=\"alignnone size-medium\" src=\"https:\/\/blogger.googleusercontent.com\/img\/b\/R29vZ2xl\/AVvXsEhuZ4-XfBVj3UtdP8-RZugy3WVrg-Zv28c53m4oV47qYCxL1rX_dqWX_YddsGSnpH5SRDqZ7bZeKPIfDVCDncpjVlhy3aQs2vojcJBn7Gdv9hC2_Nzct_pRFrnFE1a7KTCdY1bT_kAgnY3-iadRZrGeJf1fR2P5fu11bokx0pWjaypoy-ctwCjklldpEbA\/s1600\/logo-principal7.jpg\" width=\"100%\" height=\"100\" \/><\/a><!--bestpublic-voz02--><!--desk-in-out-voz02--><\/p>\n<p style=\"text-align: justify;\">Final \u00e9sta presenciada por el presidente de la Diputaci\u00f3n de Albacete, Santi Caba\u00f1ero que, acompa\u00f1ado del diputado provincial de Deportes, Dani Sancha, y del diputado y coordinador del \u00e1rea deportiva y social en la instituci\u00f3n provincial, Juanra Amores, ha disfrutado del talento que el \u2018duelo de L\u00f3pez\u2019 ha dejado sobre la tierra batida de la pista central del CT Albacete, con las raquetas de Guillermo Garc\u00eda L\u00f3pez y Feliciano L\u00f3pez.<\/p>\n<p style=\"text-align: justify;\">Caba\u00f1ero ha constatado lo que \u00e9l mismo avanz\u00f3 en la presentaci\u00f3n de este evento algunas semanas atr\u00e1s: que el cambio de fechas y de formato atraer\u00edan a m\u00e1s p\u00fablico ansioso por ver en Albacete a estas leyendas en acci\u00f3n, como as\u00ed se ha demostrado en dos jornadas de ambiente electrizante.<\/p>\n<p style=\"text-align: justify;\">En las semifinales, ambos jugadores demostraron su calidad en partidos intensos: Guillermo Garc\u00eda L\u00f3pez venci\u00f3 a Fernando Verdasco por un doble 6-4, mientras que Feliciano L\u00f3pez se impuso a Nicol\u00e1s Almagro con un marcador de 6-3 y 6-4 en solo una hora y tres minutos de juego. Este domingo, ha sido finalmente Guillermo Garc\u00eda-L\u00f3pez quien ha logrado firmar su nombre como primer vencedor de esta Copa Leyendas, participando Caba\u00f1ero en la entrega del trofeo, imponi\u00e9ndose por dos sets a cero (7-5 y 6-4) en menos de dos horas de partido.<\/p>\n<p style=\"text-align: justify;\">La gran acogida el p\u00fablico avala el \u00e9xito de la I Copa Leyendas del Tenis<\/p>\n<p style=\"text-align: justify;\">La Copa Leyendas del Tenis es una evoluci\u00f3n del ic\u00f3nico Torneo Internacional de Tenis Ciudad de Albacete y, como ya lo hiciera con \u00e9ste, la Diputaci\u00f3n ha respaldado el nuevo evento con un firme compromiso que, en lo econ\u00f3mico, se traduce en una inversi\u00f3n de 25.000 \u20ac.<\/p>\n<p style=\"text-align: justify;\">Caba\u00f1ero ha resaltado el buen sabor de boca que ha dejado esta primera edici\u00f3n del torneo que, aspirando a consolidarse en el calendario, se propone que, como \u00e9l mismo dec\u00eda en aqu\u00e9lla presentaci\u00f3n \u201ctodo el que haya sido algo en el mundo del tenis, vaya a tener que pasar por esta Copa Leyendas de Albacete\u201d, reuniendo a algunas de las mejores raquetas de los \u00faltimos a\u00f1os, con figuras como David Ferrer, Sergi Bruguera, Carlos Moy\u00e1, \u00c1lex Corretja, Tommy Robredo, Nicol\u00e1s Almagro y los propios Feliciano L\u00f3pez y Guillermo Garc\u00eda L\u00f3pez, entre otros.<\/p>\n<p style=\"text-align: justify;\">Tras comprobar la acogida y la respuesta del p\u00fablico, el presidente de la Diputaci\u00f3n se ha mostrado convencido de que esta Copa ser\u00e1 una plataforma que seguir\u00e1 inspirando a las futuras generaciones de deportistas, fomentando valores como el trabajo en equipo, la perseverancia y el respeto.<\/p>\n<p style=\"text-align: justify;\">Caba\u00f1ero ha elogiado la capacidad del Club de Tenis Albacete para reunir el apoyo necesario para impulsar esta nueva iniciativa de la mano de instituciones y empresas, y ha felicitado a todas las personas y entidades que han estado involucradas en la organizaci\u00f3n de esta emocionante Copa Leyendas del Tenis que, ha se\u00f1alado, ser\u00e1 una cita destacada en el calendario deportivo provincial.<\/p>\n<p style=\"text-align: justify;\">Dando las gracias a los jugadores que han disputado la I edici\u00f3n de esta Copa, el presidente ha subrayado la huella imborrable que han dejado en el mundo deportivo y que Albacete ha tenido el placer de reconocerles y de admirar durante este fin de semana.<\/p>\n<p><!--publicidad-voz03--><a href=\"https:\/\/www.facebook.com\/profile.php?id=100063593791305&amp;locale=es_ES\"><img decoding=\"async\" class=\"alignnone size-medium\" src=\"https:\/\/blogger.googleusercontent.com\/img\/b\/R29vZ2xl\/AVvXsEi8_n_ll8UOcGxCqzFvb_9Io4ICczlGC990BPtPj2w9Px-u7B3oqWUW5vtjZUqPNJ-nyjiUIorE0ATsib_l5tV8BVN-UJ03RTnU__IHJF_4DgDBtY4LIqXNG-FomrO-7ywes20CBCRM2Hcm7EJSh3UUw1dO-c_uTflUrtgY1i7uBRezj_DpympmEFkfbQY\/s1600\/logo-principal2.jpg\" width=\"100%\" height=\"100\" \/><\/a><!--bestpublic-voz03--><!--desk-in-out-voz03--><br \/>\n<!--publicidad-voz04--><a href=\"https:\/\/www.facebook.com\/profile.php?id=61557370768692&amp;locale=es_ES\"><img decoding=\"async\" class=\"alignnone size-medium\" src=\"https:\/\/blogger.googleusercontent.com\/img\/b\/R29vZ2xl\/AVvXsEgy5RdcfffrnrItnYTcV9bCJjgJwldsQLWssfVfrLbyfXeBNTFKgBf0rMIvhrUaGUhiXzVr9_eQgCbi-j63ZDpfTvLIty9w7s140y-m1yHe7eKmEK7v2NAHUJDVYGdfeiQFeRCqUjdwWmN1MX_AUxxz4IVdJ4WIM0APxit8bjWkXzrnEFGqBvW_1F13H1g\/s1600\/logo-principal5.jpg\" width=\"100%\" height=\"100\" \/><\/a><!--bestpublic-voz04--><!--desk-in-out-voz04--><br \/>\n<!--publicidad-voz05--><a href=\"https:\/\/www.facebook.com\/asociaciontamborileroshellin?locale=es_ES\"><img decoding=\"async\" class=\"alignnone size-medium\" src=\"https:\/\/blogger.googleusercontent.com\/img\/b\/R29vZ2xl\/AVvXsEhHEEpZsKK1VpwiYMrS7aE2ujtqIDZoLd4B5wtbiseSU9s2HdTdQfhF84So2XwEB1fv0BLw95GADm6hUl1bkKtzh-eIgVigXONuu_5RxeIMPhjk8q6uNX4EaEHbooKkbu7pCADWPpVJjhKIH5NQSJpWqedC-YBez4QAQeJYokkLot9bhrIaUAeztsGis6M\/s1600\/logo-principal3.jpg\" width=\"100%\" height=\"100\" \/><\/a><!--bestpublic-voz05--><!--desk-in-out-voz05--><br \/>\n<!--publicidad-voz06--><!--bestpublic-voz06--><!--desk-in-out-voz06--><br \/>\n<!--publicidad-voz07--><!--bestpublic-voz07--><!--desk-in-out-voz07--><br \/>\n<!--publicidad-voz08--><!--bestpublic-voz08--><!--desk-in-out-voz08--><br \/>\n<!--publicidad-voz09--><!--bestpublic-voz09--><!--desk-in-out-voz09--><br \/>\n<!--publicidad-voz10--><!--bestpublic-voz10--><!--desk-in-out-voz10--><br \/>\n<!--publicidad-voz11--><!--bestpublic-voz11--><!--desk-in-out-voz11--><br \/>\n<!--publicidad-voz12--><!--bestpublic-voz12--><!--desk-in-out-voz12--><br \/>\n<!--publicidad-voz13--><!--bestpublic-voz13--><!--desk-in-out-voz13--><br \/>\n<!--publicidad-voz14--><!--bestpublic-voz14--><!--desk-in-out-voz14--><br \/>\n<!--publicidad-voz15--><!--bestpublic-voz15--><!--desk-in-out-voz15--><br \/>\n<!--publicidad-voz16--><!--bestpublic-voz16--><!--desk-in-out-voz16--><\/p>\n","protected":false},"excerpt":{"rendered":"<p>Emocionante jornada deportiva en las instalaciones del Club de Tenis Albacete que arrancaba por la ma\u00f1ana, con la disputa de la final del Trofeo de Tenis en Silla de Ruedas&#8230;<\/p>\n","protected":false},"author":2,"featured_media":148703,"comment_status":"closed","ping_status":"closed","sticky":false,"template":"","format":"standard","meta":{"footnotes":""},"categories":[753,718,715,716,717],"tags":[],"class_list":["post-148702","post","type-post","status-publish","format-standard","has-post-thumbnail","hentry","category-blog-lv034","category-blogger","category-la-voz-de-hellin","category-la-voz-de-hellin-la-voz-de-hellin","category-noticias"],"_links":{"self":[{"href":"https:\/\/lavozdehellin.com\/noticias\/wp-json\/wp\/v2\/posts\/148702","targetHints":{"allow":["GET"]}}],"collection":[{"href":"https:\/\/lavozdehellin.com\/noticias\/wp-json\/wp\/v2\/posts"}],"about":[{"href":"https:\/\/lavozdehellin.com\/noticias\/wp-json\/wp\/v2\/types\/post"}],"author":[{"embeddable":true,"href":"https:\/\/lavozdehellin.com\/noticias\/wp-json\/wp\/v2\/users\/2"}],"replies":[{"embeddable":true,"href":"https:\/\/lavozdehellin.com\/noticias\/wp-json\/wp\/v2\/comments?post=148702"}],"version-history":[{"count":0,"href":"https:\/\/lavozdehellin.com\/noticias\/wp-json\/wp\/v2\/posts\/148702\/revisions"}],"wp:featuredmedia":[{"embeddable":true,"href":"https:\/\/lavozdehellin.com\/noticias\/wp-json\/wp\/v2\/media\/148703"}],"wp:attachment":[{"href":"https:\/\/lavozdehellin.com\/noticias\/wp-json\/wp\/v2\/media?parent=148702"}],"wp:term":[{"taxonomy":"category","embeddable":true,"href":"https:\/\/lavozdehellin.com\/noticias\/wp-json\/wp\/v2\/categories?post=148702"},{"taxonomy":"post_tag","embeddable":true,"href":"https:\/\/lavozdehellin.com\/noticias\/wp-json\/wp\/v2\/tags?post=148702"}],"curies":[{"name":"wp","href":"https:\/\/api.w.org\/{rel}","templated":true}]}}