{"id":148708,"date":"2023-09-23T20:01:58","date_gmt":"2023-09-23T19:01:58","guid":{"rendered":"https:\/\/lavozdehellin.com\/noticias\/?p=148708"},"modified":"2024-02-26T19:36:19","modified_gmt":"2024-02-26T18:36:19","slug":"v08-286-el-presidente-de-la-diputacion-de-albacete-asiste-al-xiii-pleno-de-la-federacion-espanola-de-municipios-y-provincias-femp","status":"publish","type":"post","link":"https:\/\/lavozdehellin.com\/noticias\/v08-286-el-presidente-de-la-diputacion-de-albacete-asiste-al-xiii-pleno-de-la-federacion-espanola-de-municipios-y-provincias-femp\/","title":{"rendered":"LVH NOTICIAS | EL PRESIDENTE DE LA DIPUTACI\u00d3N DE ALBACETE ASISTE AL XIII PLENO DE LA FEDERACI\u00d3N ESPA\u00d1OLA DE MUNICIPIOS Y PROVINCIAS (FEMP)"},"content":{"rendered":"<p style=\"text-align: justify;\">A lo largo de toda la jornada de hoy, el presidente de la Diputaci\u00f3n de Albacete, Santi Caba\u00f1ero, ha participado en Madrid en el XIII Pleno de la Federaci\u00f3n Espa\u00f1ola de Municipios y Provincias (FEMP).<\/p>\n<p><!--more--><br \/>\n<!--publicidad-voz01--><a href=\"https:\/\/www.facebook.com\/SoloRadioHellin\/?locale=es_ES\"><img decoding=\"async\" class=\"alignnone size-medium\" src=\"https:\/\/blogger.googleusercontent.com\/img\/b\/R29vZ2xl\/AVvXsEiNncirNnyGedv00mhjZjh5Wl4_YPdJGanoAl8tL8zH-HwqE8uHqjEfSt340RHdx-9tuCSIkZ8rFamZiGyYlgDGxCsmXjCH_1xk5eYM3ntFZRvJP_jndOKR7w1UAo9Tu0vrZyOLfqRpHIxYI5SymJJ-pfGCQw6QVpggBH-UgfjiFQ2JOxqxG0Jx94kW83c\/s1600\/logo-principal.jpg\" width=\"100%\" height=\"100\" \/><\/a><!--bestpublic-voz01--><!--desk-in-out-voz01--><br \/>\n<!--publicidad-voz02--><a href=\"https:\/\/www.hellincf.com\/\"><img decoding=\"async\" class=\"alignnone size-medium\" src=\"https:\/\/blogger.googleusercontent.com\/img\/b\/R29vZ2xl\/AVvXsEhuZ4-XfBVj3UtdP8-RZugy3WVrg-Zv28c53m4oV47qYCxL1rX_dqWX_YddsGSnpH5SRDqZ7bZeKPIfDVCDncpjVlhy3aQs2vojcJBn7Gdv9hC2_Nzct_pRFrnFE1a7KTCdY1bT_kAgnY3-iadRZrGeJf1fR2P5fu11bokx0pWjaypoy-ctwCjklldpEbA\/s1600\/logo-principal7.jpg\" width=\"100%\" height=\"100\" \/><\/a><!--bestpublic-voz02--><!--desk-in-out-voz02--><\/p>\n<p style=\"text-align: justify;\">El evento, desarrollado el Palacio Municipal de Congresos de Madrid, ha reunido a representantes de los distintos Gobiernos Locales de toda Espa\u00f1a, incluyendo ayuntamientos, diputaciones, cabildos y consejos insulares.<\/p>\n<p style=\"text-align: justify;\">La cita ha estado encabezada por la ministra portavoz y responsable en funciones de la cartera de Pol\u00edtica Territorial del Gobierno de Espa\u00f1a, Isabel Rodr\u00edguez, y ha formalizado la renovaci\u00f3n de los \u00f3rganos de gobierno de la Federaci\u00f3n para adaptarlos a la representaci\u00f3n emanada de las urnas en las elecciones municipales del 28 de mayo. Un marco en el que la alcaldesa de Jerez, Mar\u00eda Jos\u00e9 Garc\u00eda-Pelayo, ha tomado el testigo al primer edil de Vigo, Abel Caballero, que ha encabezado la FEMP durante los \u00faltimos a\u00f1os.<\/p>\n<p style=\"text-align: justify;\">Un periodo, tal y como ha comentado Santi Caba\u00f1ero, que ha estado marcado de forma determinante \u201cprimero, por la pandemia que irrumpi\u00f3 en escena en marzo de 2020; y, despu\u00e9s, por la guerra que se libre en Ucrania con efectos globales\u201d, as\u00ed como por \u201clas respuestas que, como pa\u00eds y como continente, se han dado a esas coyunturas\u201d y donde, ha subrayado, \u201cel papel de las Entidades Locales y del modelo de cogobernanza se han destapado como como absolutamente necesarios y protagonistas para alcanzar mayores cotas de bienestar y de cohesi\u00f3n social en nuestro pa\u00eds, abrazando lo urbano y lo rural\u201d, ha resaltado el presidente albacetense.<\/p>\n<p style=\"text-align: justify;\">El presidente provincial de Albacete ha enfatizado la gran relevancia que este evento tiene para el futuro del gobierno local en Espa\u00f1a, y ha deseado que sirva para seguir la l\u00ednea de trabajo que, durante estos \u00faltimos cuatro a\u00f1os, ha servido para definir una agenda clara que, teniendo en cuenta las reivindicaciones y potencialidades de las entidades locales, las considere como los agentes protagonistas que son y que han de seguir siendo, para lograr que el pa\u00eds contin\u00fae avanzando bajo criterios de igualdad de oportunidades, justicia social y cohesi\u00f3n territorial.<\/p>\n<p style=\"text-align: justify;\">Porque, ha subrayado, \u201clas respuestas mejores y m\u00e1s eficaces a los mayores problemas, suelen venir de una acci\u00f3n pol\u00edtica municipal fuerte, y de su colaboraci\u00f3n con el resto de las administraciones pensando \u00fanicamente en lo mejor para la ciudadan\u00eda\u201d.<\/p>\n<p style=\"text-align: justify;\">El Pleno, \u00f3rgano soberano de la Federaci\u00f3n<\/p>\n<p style=\"text-align: justify;\">El Pleno es el \u00f3rgano soberano de la FEMP. Se re\u00fane cada cuatro a\u00f1os despu\u00e9s de las elecciones locales, si bien tambi\u00e9n puede convocarse de manera extraordinaria bajo ciertas circunstancias, que ha de estimar el Consejo Territorial o un n\u00famero significativo de socios y socias.<\/p>\n<p style=\"text-align: justify;\">En este evento se han abordado temas fundamentales para el futuro del mundo local en Espa\u00f1a bajo el lema \u2018El futuro est\u00e1 en lo local, marc\u00e1ndose los objetivos de trabajo de la Federaci\u00f3n para el mandato 2023-2027. En el seno del Pleno se ha elegido una nueva Junta de Gobierno, que incluye Presidencias, Vicepresidencias y Vocal\u00edas, as\u00ed como un nuevo Consejo Territorial. Adem\u00e1s, se han debatido y aprobado las resoluciones que guiar\u00e1n la actividad y las multas de la Federaci\u00f3n en estos pr\u00f3ximos a\u00f1os.<\/p>\n<p style=\"text-align: justify;\">Por la ma\u00f1ana, se abr\u00eda el Pleno y se eleg\u00eda a su Mesa, que ha presidido el evento y dirigido los debates. Luego, se ha procedido a la elecci\u00f3n de los miembros de las cuatro Comisiones de Trabajo (una espec\u00edfica para Estatutos; la de Gobiernos Locales: Administraci\u00f3n y Territorio; la de Cohesi\u00f3n Social y Ciudadan\u00eda; y la de Sostenibilidad y Promoci\u00f3n Local) debati\u00e9ndose en ellas m\u00e1s de 250 propuestas de resoluci\u00f3n.<\/p>\n<p style=\"text-align: justify;\">En paralelo a la aprobaci\u00f3n de dichas Resoluciones, se abr\u00eda el plazo para la presentaci\u00f3n de candidaturas a los \u00f3rganos de gobierno de la Federaci\u00f3n, la Junta de Gobierno y el Consejo Territorial. Unas votaciones que se han llevado a cabo de acuerdo con la poblaci\u00f3n de cada Entidad Local, asignando un n\u00famero de votos proporcional a su tama\u00f1o.<\/p>\n<p><!--publicidad-voz03--><a href=\"https:\/\/www.facebook.com\/profile.php?id=100063593791305&amp;locale=es_ES\"><img decoding=\"async\" class=\"alignnone size-medium\" src=\"https:\/\/blogger.googleusercontent.com\/img\/b\/R29vZ2xl\/AVvXsEi8_n_ll8UOcGxCqzFvb_9Io4ICczlGC990BPtPj2w9Px-u7B3oqWUW5vtjZUqPNJ-nyjiUIorE0ATsib_l5tV8BVN-UJ03RTnU__IHJF_4DgDBtY4LIqXNG-FomrO-7ywes20CBCRM2Hcm7EJSh3UUw1dO-c_uTflUrtgY1i7uBRezj_DpympmEFkfbQY\/s1600\/logo-principal2.jpg\" width=\"100%\" height=\"100\" \/><\/a><!--bestpublic-voz03--><!--desk-in-out-voz03--><br \/>\n<!--publicidad-voz04--><a href=\"https:\/\/www.facebook.com\/profile.php?id=61557370768692&amp;locale=es_ES\"><img decoding=\"async\" class=\"alignnone size-medium\" src=\"https:\/\/blogger.googleusercontent.com\/img\/b\/R29vZ2xl\/AVvXsEgy5RdcfffrnrItnYTcV9bCJjgJwldsQLWssfVfrLbyfXeBNTFKgBf0rMIvhrUaGUhiXzVr9_eQgCbi-j63ZDpfTvLIty9w7s140y-m1yHe7eKmEK7v2NAHUJDVYGdfeiQFeRCqUjdwWmN1MX_AUxxz4IVdJ4WIM0APxit8bjWkXzrnEFGqBvW_1F13H1g\/s1600\/logo-principal5.jpg\" width=\"100%\" height=\"100\" \/><\/a><!--bestpublic-voz04--><!--desk-in-out-voz04--><br \/>\n<!--publicidad-voz05--><a href=\"https:\/\/www.facebook.com\/asociaciontamborileroshellin?locale=es_ES\"><img decoding=\"async\" class=\"alignnone size-medium\" src=\"https:\/\/blogger.googleusercontent.com\/img\/b\/R29vZ2xl\/AVvXsEhHEEpZsKK1VpwiYMrS7aE2ujtqIDZoLd4B5wtbiseSU9s2HdTdQfhF84So2XwEB1fv0BLw95GADm6hUl1bkKtzh-eIgVigXONuu_5RxeIMPhjk8q6uNX4EaEHbooKkbu7pCADWPpVJjhKIH5NQSJpWqedC-YBez4QAQeJYokkLot9bhrIaUAeztsGis6M\/s1600\/logo-principal3.jpg\" width=\"100%\" height=\"100\" \/><\/a><!--bestpublic-voz05--><!--desk-in-out-voz05--><br \/>\n<!--publicidad-voz06--><!--bestpublic-voz06--><!--desk-in-out-voz06--><br \/>\n<!--publicidad-voz07--><!--bestpublic-voz07--><!--desk-in-out-voz07--><br \/>\n<!--publicidad-voz08--><!--bestpublic-voz08--><!--desk-in-out-voz08--><br \/>\n<!--publicidad-voz09--><!--bestpublic-voz09--><!--desk-in-out-voz09--><br \/>\n<!--publicidad-voz10--><!--bestpublic-voz10--><!--desk-in-out-voz10--><br \/>\n<!--publicidad-voz11--><!--bestpublic-voz11--><!--desk-in-out-voz11--><br \/>\n<!--publicidad-voz12--><!--bestpublic-voz12--><!--desk-in-out-voz12--><br \/>\n<!--publicidad-voz13--><!--bestpublic-voz13--><!--desk-in-out-voz13--><br \/>\n<!--publicidad-voz14--><!--bestpublic-voz14--><!--desk-in-out-voz14--><br \/>\n<!--publicidad-voz15--><!--bestpublic-voz15--><!--desk-in-out-voz15--><br \/>\n<!--publicidad-voz16--><!--bestpublic-voz16--><!--desk-in-out-voz16--><\/p>\n","protected":false},"excerpt":{"rendered":"<p>A lo largo de toda la jornada de hoy, el presidente de la Diputaci\u00f3n de Albacete, Santi Caba\u00f1ero, ha participado en Madrid en el XIII Pleno de la Federaci\u00f3n Espa\u00f1ola&#8230;<\/p>\n","protected":false},"author":2,"featured_media":148709,"comment_status":"closed","ping_status":"closed","sticky":false,"template":"","format":"standard","meta":{"footnotes":""},"categories":[753,718,715,716,717],"tags":[],"class_list":["post-148708","post","type-post","status-publish","format-standard","has-post-thumbnail","hentry","category-blog-lv034","category-blogger","category-la-voz-de-hellin","category-la-voz-de-hellin-la-voz-de-hellin","category-noticias"],"_links":{"self":[{"href":"https:\/\/lavozdehellin.com\/noticias\/wp-json\/wp\/v2\/posts\/148708","targetHints":{"allow":["GET"]}}],"collection":[{"href":"https:\/\/lavozdehellin.com\/noticias\/wp-json\/wp\/v2\/posts"}],"about":[{"href":"https:\/\/lavozdehellin.com\/noticias\/wp-json\/wp\/v2\/types\/post"}],"author":[{"embeddable":true,"href":"https:\/\/lavozdehellin.com\/noticias\/wp-json\/wp\/v2\/users\/2"}],"replies":[{"embeddable":true,"href":"https:\/\/lavozdehellin.com\/noticias\/wp-json\/wp\/v2\/comments?post=148708"}],"version-history":[{"count":0,"href":"https:\/\/lavozdehellin.com\/noticias\/wp-json\/wp\/v2\/posts\/148708\/revisions"}],"wp:featuredmedia":[{"embeddable":true,"href":"https:\/\/lavozdehellin.com\/noticias\/wp-json\/wp\/v2\/media\/148709"}],"wp:attachment":[{"href":"https:\/\/lavozdehellin.com\/noticias\/wp-json\/wp\/v2\/media?parent=148708"}],"wp:term":[{"taxonomy":"category","embeddable":true,"href":"https:\/\/lavozdehellin.com\/noticias\/wp-json\/wp\/v2\/categories?post=148708"},{"taxonomy":"post_tag","embeddable":true,"href":"https:\/\/lavozdehellin.com\/noticias\/wp-json\/wp\/v2\/tags?post=148708"}],"curies":[{"name":"wp","href":"https:\/\/api.w.org\/{rel}","templated":true}]}}