{"id":148711,"date":"2023-09-22T13:53:52","date_gmt":"2023-09-22T12:53:52","guid":{"rendered":"https:\/\/lavozdehellin.com\/noticias\/?p=148711"},"modified":"2024-02-26T19:36:19","modified_gmt":"2024-02-26T18:36:19","slug":"v08-285-cabanero-resalta-el-papel-clave-de-las-diputaciones-para-articular-la-intermunicipalidad-que-ha-de-hacer-cada-vez-mas-fuerte-al-medio-rural","status":"publish","type":"post","link":"https:\/\/lavozdehellin.com\/noticias\/v08-285-cabanero-resalta-el-papel-clave-de-las-diputaciones-para-articular-la-intermunicipalidad-que-ha-de-hacer-cada-vez-mas-fuerte-al-medio-rural\/","title":{"rendered":"LVH NOTICIAS | CABA\u00d1ERO RESALTA EL PAPEL CLAVE DE LAS DIPUTACIONES PARA \u201cARTICULAR LA INTERMUNICIPALIDAD\u201d QUE HA DE HACER CADA VEZ M\u00c1S FUERTE AL MEDIO RURAL"},"content":{"rendered":"<p style=\"text-align: justify;\">El presidente de la Diputaci\u00f3n de Albacete, Santi Caba\u00f1ero, ha participado en el Foro \u2018Empu\u00e9blate: Soluciones contra la despoblaci\u00f3n\u2019 que la Fundaci\u00f3n Eurocaja Rural ha organizado para este viernes en su Palacio de Congresos de Toledo.<\/p>\n<p><!--more--><br \/>\n<!--publicidad-voz01--><a href=\"https:\/\/www.facebook.com\/SoloRadioHellin\/?locale=es_ES\"><img decoding=\"async\" class=\"alignnone size-medium\" src=\"https:\/\/blogger.googleusercontent.com\/img\/b\/R29vZ2xl\/AVvXsEiNncirNnyGedv00mhjZjh5Wl4_YPdJGanoAl8tL8zH-HwqE8uHqjEfSt340RHdx-9tuCSIkZ8rFamZiGyYlgDGxCsmXjCH_1xk5eYM3ntFZRvJP_jndOKR7w1UAo9Tu0vrZyOLfqRpHIxYI5SymJJ-pfGCQw6QVpggBH-UgfjiFQ2JOxqxG0Jx94kW83c\/s1600\/logo-principal.jpg\" width=\"100%\" height=\"100\" \/><\/a><!--bestpublic-voz01--><!--desk-in-out-voz01--><br \/>\n<!--publicidad-voz02--><a href=\"https:\/\/www.hellincf.com\/\"><img decoding=\"async\" class=\"alignnone size-medium\" src=\"https:\/\/blogger.googleusercontent.com\/img\/b\/R29vZ2xl\/AVvXsEhuZ4-XfBVj3UtdP8-RZugy3WVrg-Zv28c53m4oV47qYCxL1rX_dqWX_YddsGSnpH5SRDqZ7bZeKPIfDVCDncpjVlhy3aQs2vojcJBn7Gdv9hC2_Nzct_pRFrnFE1a7KTCdY1bT_kAgnY3-iadRZrGeJf1fR2P5fu11bokx0pWjaypoy-ctwCjklldpEbA\/s1600\/logo-principal7.jpg\" width=\"100%\" height=\"100\" \/><\/a><!--bestpublic-voz02--><!--desk-in-out-voz02--><\/p>\n<p style=\"text-align: justify;\">Un evento que, ya en su tercera edici\u00f3n consecutiva, se ha convertido en un punto de referencia nacional para compartir ideas y propuestas enfocadas al trabajo en Reto Demogr\u00e1fico.<\/p>\n<p style=\"text-align: justify;\">El foro re\u00fane a entidades y colectivos que promueven distintos proyectos de buenas pr\u00e1cticas en el objetivo de fomentar el medio rural. Adem\u00e1s, aborda el desaf\u00edo de las diputaciones frente al fen\u00f3meno de la despoblaci\u00f3n, destacando el papel de las Entidades Locales en la lucha contra la Espa\u00f1a menos habitada, as\u00ed como el de las estrategias demogr\u00e1ficas, los proyectos innovadores impulsados en peque\u00f1os municipios y distintas experiencias destacadas en el \u00e1mbito rural.<\/p>\n<p style=\"text-align: justify;\">Santi Caba\u00f1ero ha sido uno de los protagonistas de la Mesa titulada \u2018El Reto de las Diputaciones\u2019, moderada por Manuel Campo Vidal. Compartiendo tiempo con M\u00aa \u00c1ngeles Armisen, presidenta de la Diputaci\u00f3n de Palencia, y con Concepci\u00f3n Cedillo, al frente de la de Toledo, han explicado c\u00f3mo trabajan frente al desaf\u00edo de la despoblaci\u00f3n en sus respectivas provincias, destacando las iniciativas que han implementado y las que perfilan para abordar esa realidad.<\/p>\n<p style=\"text-align: justify;\">Eje transversal del gobierno de Caba\u00f1ero<\/p>\n<p style=\"text-align: justify;\">El presidente de la Diputaci\u00f3n de Albacete ha destacado que esa filosof\u00eda es \u201cun eje transversal\u201d de las pol\u00edticas que dise\u00f1a e implementa su gobierno, haciendo hincapi\u00e9 en impulsar \u201cmedidas de discriminaci\u00f3n positiva\u201d en favor de las localidades con menos poblaci\u00f3n porque, ha subrayado, \u201cla clave de b\u00f3veda es la igualdad de oportunidades, pero igualdad entendida como equidad, no como equidistancia\u201d.<\/p>\n<p style=\"text-align: justify;\">Una l\u00ednea de trabajo compartida con el Ejecutivo auton\u00f3mico, dentro un agenda com\u00fan a modo de Estrategia Regional frente a la Despoblacio\u0301n, con medidas y presupuesto concretos que, en 2022, derivaron m\u00e1s de 43 millones de euros del presupuesto de la Diputaci\u00f3n a actuaciones concretas vinculadas a este objetivo, especialmente en las dos zonas de intensa y las 3 de extrema despoblacio\u0301n que hay en la provincia de Albacete afectando a 72 municipios, el 84% del total.<\/p>\n<p style=\"text-align: justify;\">Adem\u00e1s, ha resaltado la importancia de trabajar con paso firme en l\u00edneas estrat\u00e9gicas como mejorar la Red Provincial de Carreteras, apoyar a las localidades en el fomento de infraestructuras sostenibles y promover servicios sociales y recursos p\u00fablicos que sean determinantes a la hora no solo de mantener, sino de atraer poblaci\u00f3n al medio rural desde la puesta en valor de sus ventajas.<\/p>\n<p style=\"text-align: justify;\">Fundamental, tal y como ha subrayado el presidente Caba\u00f1ero, es el compromiso con la igualdad de g\u00e9nero para su acci\u00f3n de gobierno, \u00e1rea igualmente transversal y que ha visto cuadruplicado su presupuesto este a\u00f1o para avanzar en medidas de corresponsabilidad. Tambi\u00e9n el que su gesti\u00f3n provincial mantiene con iniciativas que aseguren la igualdad de condiciones en el acceso a la educaci\u00f3n, as\u00ed como las orientadas a mejorar en materia de formaci\u00f3n y de empleo, mirando especialmente a colectivos vulnerables con programas adaptados, adem\u00e1s, a las potencialidades y necesidades laborales de cada zona o comarca.<\/p>\n<p style=\"text-align: justify;\">Los fondos europeos, fundamentales para superar la brecha de un municipalismo aislado<\/p>\n<p style=\"text-align: justify;\">Tambi\u00e9n ha explicado lo vital de abrir v\u00edas de colaboraci\u00f3n con otros entes y organismos externos que comparten el fin de mejorar la calidad de vida de quienes tienen m\u00e1s problemas para seguir viviendo en los pueblos. Un ejemplo, es el convenio que la Diputaci\u00f3n viene suscribiendo con el Colegio de Farmac\u00e9uticos de la provincia y que est\u00e1 permitiendo desarrollar Sistemas Personalizados de Dosificacio\u0301n de medicamentos (SPD) que ya arrojan grandes resultados de mejora de la adherencia terape\u0301utica en pacientes mayores del medio rural. Una iniciativa de \u00e9xito, pionera en la regi\u00f3n y referente a nivel nacional.<\/p>\n<p style=\"text-align: justify;\">Como referente es el papel que la Diputaci\u00f3n encabezada por Caba\u00f1ero viene desempe\u00f1ando en materia de modernizaci\u00f3n de la administraci\u00f3n con el objetivo de acercarla a la poblaci\u00f3n, viva donde viva y con independencia del nivel de recursos y de conocimientos inform\u00e1ticos que tenga.<\/p>\n<p style=\"text-align: justify;\">Subrayando que las administraciones provinciales son determinantes para articular la intermunicipalidad, superando la fragmentaci\u00f3n del municipalismo aislado, Santi Caba\u00f1ero ha insistido en que la participaci\u00f3n de los Gobiernos Locales en el dise\u00f1o, programaci\u00f3n y ejecuci\u00f3n de los fondos europeos es fundamental, tanto vinculados al Plan de Recuperaci\u00f3n, Transformaci\u00f3n y Resiliencia (MRR) como all Marco Financiero Europeo Plurianual 2021-2027 (Fondos Estructurales y de Fondos de Inversi\u00f3n), siendo conveniente una reserva espec\u00edfica de fondos para luchar contra la despoblaci\u00f3n.<\/p>\n<p style=\"text-align: justify;\">As\u00ed, ha enfatizado en que desde las diputaciones se ha de estar muy pendientes de las oportunidades que abren estas v\u00edas para hacer que las oportunidades no pasen de largo de los peque\u00f1os municipios y de quienes viven en ellos.<\/p>\n<p><!--publicidad-voz03--><a href=\"https:\/\/www.facebook.com\/profile.php?id=100063593791305&amp;locale=es_ES\"><img decoding=\"async\" class=\"alignnone size-medium\" src=\"https:\/\/blogger.googleusercontent.com\/img\/b\/R29vZ2xl\/AVvXsEi8_n_ll8UOcGxCqzFvb_9Io4ICczlGC990BPtPj2w9Px-u7B3oqWUW5vtjZUqPNJ-nyjiUIorE0ATsib_l5tV8BVN-UJ03RTnU__IHJF_4DgDBtY4LIqXNG-FomrO-7ywes20CBCRM2Hcm7EJSh3UUw1dO-c_uTflUrtgY1i7uBRezj_DpympmEFkfbQY\/s1600\/logo-principal2.jpg\" width=\"100%\" height=\"100\" \/><\/a><!--bestpublic-voz03--><!--desk-in-out-voz03--><br \/>\n<!--publicidad-voz04--><a href=\"https:\/\/www.facebook.com\/profile.php?id=61557370768692&amp;locale=es_ES\"><img decoding=\"async\" class=\"alignnone size-medium\" src=\"https:\/\/blogger.googleusercontent.com\/img\/b\/R29vZ2xl\/AVvXsEgy5RdcfffrnrItnYTcV9bCJjgJwldsQLWssfVfrLbyfXeBNTFKgBf0rMIvhrUaGUhiXzVr9_eQgCbi-j63ZDpfTvLIty9w7s140y-m1yHe7eKmEK7v2NAHUJDVYGdfeiQFeRCqUjdwWmN1MX_AUxxz4IVdJ4WIM0APxit8bjWkXzrnEFGqBvW_1F13H1g\/s1600\/logo-principal5.jpg\" width=\"100%\" height=\"100\" \/><\/a><!--bestpublic-voz04--><!--desk-in-out-voz04--><br \/>\n<!--publicidad-voz05--><a href=\"https:\/\/www.facebook.com\/asociaciontamborileroshellin?locale=es_ES\"><img decoding=\"async\" class=\"alignnone size-medium\" src=\"https:\/\/blogger.googleusercontent.com\/img\/b\/R29vZ2xl\/AVvXsEhHEEpZsKK1VpwiYMrS7aE2ujtqIDZoLd4B5wtbiseSU9s2HdTdQfhF84So2XwEB1fv0BLw95GADm6hUl1bkKtzh-eIgVigXONuu_5RxeIMPhjk8q6uNX4EaEHbooKkbu7pCADWPpVJjhKIH5NQSJpWqedC-YBez4QAQeJYokkLot9bhrIaUAeztsGis6M\/s1600\/logo-principal3.jpg\" width=\"100%\" height=\"100\" \/><\/a><!--bestpublic-voz05--><!--desk-in-out-voz05--><br \/>\n<!--publicidad-voz06--><!--bestpublic-voz06--><!--desk-in-out-voz06--><br \/>\n<!--publicidad-voz07--><!--bestpublic-voz07--><!--desk-in-out-voz07--><br \/>\n<!--publicidad-voz08--><!--bestpublic-voz08--><!--desk-in-out-voz08--><br \/>\n<!--publicidad-voz09--><!--bestpublic-voz09--><!--desk-in-out-voz09--><br \/>\n<!--publicidad-voz10--><!--bestpublic-voz10--><!--desk-in-out-voz10--><br \/>\n<!--publicidad-voz11--><!--bestpublic-voz11--><!--desk-in-out-voz11--><br \/>\n<!--publicidad-voz12--><!--bestpublic-voz12--><!--desk-in-out-voz12--><br \/>\n<!--publicidad-voz13--><!--bestpublic-voz13--><!--desk-in-out-voz13--><br \/>\n<!--publicidad-voz14--><!--bestpublic-voz14--><!--desk-in-out-voz14--><br \/>\n<!--publicidad-voz15--><!--bestpublic-voz15--><!--desk-in-out-voz15--><br \/>\n<!--publicidad-voz16--><!--bestpublic-voz16--><!--desk-in-out-voz16--><\/p>\n","protected":false},"excerpt":{"rendered":"<p>El presidente de la Diputaci\u00f3n de Albacete, Santi Caba\u00f1ero, ha participado en el Foro \u2018Empu\u00e9blate: Soluciones contra la despoblaci\u00f3n\u2019 que la Fundaci\u00f3n Eurocaja Rural ha organizado para este viernes en&#8230;<\/p>\n","protected":false},"author":2,"featured_media":148712,"comment_status":"closed","ping_status":"closed","sticky":false,"template":"","format":"standard","meta":{"footnotes":""},"categories":[753,718,715,716,717],"tags":[],"class_list":["post-148711","post","type-post","status-publish","format-standard","has-post-thumbnail","hentry","category-blog-lv034","category-blogger","category-la-voz-de-hellin","category-la-voz-de-hellin-la-voz-de-hellin","category-noticias"],"_links":{"self":[{"href":"https:\/\/lavozdehellin.com\/noticias\/wp-json\/wp\/v2\/posts\/148711","targetHints":{"allow":["GET"]}}],"collection":[{"href":"https:\/\/lavozdehellin.com\/noticias\/wp-json\/wp\/v2\/posts"}],"about":[{"href":"https:\/\/lavozdehellin.com\/noticias\/wp-json\/wp\/v2\/types\/post"}],"author":[{"embeddable":true,"href":"https:\/\/lavozdehellin.com\/noticias\/wp-json\/wp\/v2\/users\/2"}],"replies":[{"embeddable":true,"href":"https:\/\/lavozdehellin.com\/noticias\/wp-json\/wp\/v2\/comments?post=148711"}],"version-history":[{"count":0,"href":"https:\/\/lavozdehellin.com\/noticias\/wp-json\/wp\/v2\/posts\/148711\/revisions"}],"wp:featuredmedia":[{"embeddable":true,"href":"https:\/\/lavozdehellin.com\/noticias\/wp-json\/wp\/v2\/media\/148712"}],"wp:attachment":[{"href":"https:\/\/lavozdehellin.com\/noticias\/wp-json\/wp\/v2\/media?parent=148711"}],"wp:term":[{"taxonomy":"category","embeddable":true,"href":"https:\/\/lavozdehellin.com\/noticias\/wp-json\/wp\/v2\/categories?post=148711"},{"taxonomy":"post_tag","embeddable":true,"href":"https:\/\/lavozdehellin.com\/noticias\/wp-json\/wp\/v2\/tags?post=148711"}],"curies":[{"name":"wp","href":"https:\/\/api.w.org\/{rel}","templated":true}]}}