{"id":148717,"date":"2023-09-22T12:48:27","date_gmt":"2023-09-22T11:48:27","guid":{"rendered":"https:\/\/lavozdehellin.com\/noticias\/?p=148717"},"modified":"2024-02-26T19:36:20","modified_gmt":"2024-02-26T18:36:20","slug":"v08-283-la-diputacion-de-albacete-se-suma-al-dorado-de-afanion-en-su-objetivo-de-dedicar-septiembre-a-sensibilizar-sobre-el-cancer-infanto-juvenil","status":"publish","type":"post","link":"https:\/\/lavozdehellin.com\/noticias\/v08-283-la-diputacion-de-albacete-se-suma-al-dorado-de-afanion-en-su-objetivo-de-dedicar-septiembre-a-sensibilizar-sobre-el-cancer-infanto-juvenil\/","title":{"rendered":"LVH NOTICIAS | LA DIPUTACI\u00d3N DE ALBACETE SE SUMA AL DORADO DE AFANION EN SU OBJETIVO DE DEDICAR SEPTIEMBRE A SENSIBILIZAR SOBRE EL C\u00c1NCER INFANTO-JUVENIL"},"content":{"rendered":"<p style=\"text-align: justify;\">La diputada de Servicios Sociales, Juani Garc\u00eda, ha reafirmado en nombre del presidente provincial, Santi Caba\u00f1ero, el compromiso de la Diputaci\u00f3n con AFANION en este mes de septiembre que, de forma especial, la Asociaci\u00f3n de Familiares y Amigos de Ni\u00f1os con C\u00e1ncer destina a la Sensibilizaci\u00f3n sobre el C\u00e1ncer Infanto-Juvenil.<\/p>\n<p><!--more--><br \/>\n<!--publicidad-voz01--><a href=\"https:\/\/www.facebook.com\/SoloRadioHellin\/?locale=es_ES\"><img decoding=\"async\" class=\"alignnone size-medium\" src=\"https:\/\/blogger.googleusercontent.com\/img\/b\/R29vZ2xl\/AVvXsEiNncirNnyGedv00mhjZjh5Wl4_YPdJGanoAl8tL8zH-HwqE8uHqjEfSt340RHdx-9tuCSIkZ8rFamZiGyYlgDGxCsmXjCH_1xk5eYM3ntFZRvJP_jndOKR7w1UAo9Tu0vrZyOLfqRpHIxYI5SymJJ-pfGCQw6QVpggBH-UgfjiFQ2JOxqxG0Jx94kW83c\/s1600\/logo-principal.jpg\" width=\"100%\" height=\"100\" \/><\/a><!--bestpublic-voz01--><!--desk-in-out-voz01--><br \/>\n<!--publicidad-voz02--><a href=\"https:\/\/www.hellincf.com\/\"><img decoding=\"async\" class=\"alignnone size-medium\" src=\"https:\/\/blogger.googleusercontent.com\/img\/b\/R29vZ2xl\/AVvXsEhuZ4-XfBVj3UtdP8-RZugy3WVrg-Zv28c53m4oV47qYCxL1rX_dqWX_YddsGSnpH5SRDqZ7bZeKPIfDVCDncpjVlhy3aQs2vojcJBn7Gdv9hC2_Nzct_pRFrnFE1a7KTCdY1bT_kAgnY3-iadRZrGeJf1fR2P5fu11bokx0pWjaypoy-ctwCjklldpEbA\/s1600\/logo-principal7.jpg\" width=\"100%\" height=\"100\" \/><\/a><!--bestpublic-voz02--><!--desk-in-out-voz02--><\/p>\n<p style=\"text-align: justify;\">La dirigente ha participado activamente, junto a la tambi\u00e9n diputada del gobierno provincial, Ana Albadalejo, en la Mesa Informativa que AFANION ha instalado este viernes en las inmediaciones del Ayuntamiento de Albacete, teniendo ocasi\u00f3n de hacerle entrega al presidente de la entidad, Juan Garc\u00eda, de la aportaci\u00f3n con la que, de forma simb\u00f3lica, la Diputaci\u00f3n apoya con 800 euros al colectivo en este d\u00eda en el que se vuelca en hacer llegar a la ciudadan\u00eda, a pie de calle, el papel vital que desempe\u00f1a esta asociaci\u00f3n. Un peque\u00f1o apoyo espec\u00edfico de esta jornada informativa al que, no obstante, la Diputaci\u00f3n suma otro tipo de ayudas que, a lo largo del a\u00f1o, presta a AFANION.<\/p>\n<p style=\"text-align: justify;\">AFANION presta atenci\u00f3n cada a\u00f1o a entre 50 y 60 nuevas familias en C-LM<\/p>\n<p style=\"text-align: justify;\">La asociaci\u00f3n recibe cada a\u00f1o a entre 50 y 60 nuevas familias que, en la misma proporci\u00f3n, suponen nuevos diagn\u00f3sticos de c\u00e1ncer en ni\u00f1os, ni\u00f1as y adolescentes en la regi\u00f3n, realizando entre 200 y 300 actuaciones cada a\u00f1o con esos n\u00facleos familiares a los que atiende en todas las fases de la enfermedad: desde el diagn\u00f3stico al tratamiento incluyendo, como ha explicado el propio Juan Garc\u00eda, las reca\u00eddas y el duelo en los casos en los que estas circunstancias se acaban produciendo.<\/p>\n<p style=\"text-align: justify;\">De forma especial durante este mes, la Diputaci\u00f3n ha demostrado su s\u00f3lida \u2018alianza\u2019 con AFANION de diversas maneras, desde iluminando su edificio cada noche del color dorado que simboliza esta causa, hasta con la colocaci\u00f3n de una pancarta que recuerda este motivo en la fachada del Palacio Provincial. Y la diputada de Servicios Sociales, incidiendo en la importancia que tiene la visibilizaci\u00f3n del c\u00e1ncer infantil, ha animado a la ciudadan\u00eda a participar en todas aquellas actividades destinadas a este fin.<\/p>\n<p style=\"text-align: justify;\">Adem\u00e1s, hace solo una semana, durante la Feria de Albacete, tanto el presidente provincial como el de AFANION presentaron los calendarios solidarios de la entidad para 2024: una iniciativa en la que la Diputaci\u00f3n es clave ya que es su imprenta provincial la que asume la edici\u00f3n de los 2.500 ejemplares.<\/p>\n<p style=\"text-align: justify;\">Centrados esta vez en la tem\u00e1tica de la comida saludable, m\u00e1s de 40 ni\u00f1os, ni\u00f1as y adolescentes protagonizan esos calendarios que est\u00e1n disponibles en la sede de AFANION a solo 5 \u20ac y que la Diputaci\u00f3n se compromet\u00eda a comprar en cantidad suficiente para que, como viene haciendo desde 2019, todos los ayuntamientos de la provincia luzcan uno en sus instalaciones a sabiendas de que lo recaudado con ellos se destina a que la asociaci\u00f3n ofrezca diversos servicios a sus socios.<\/p>\n<p style=\"text-align: justify;\">Apoyo en lo econ\u00f3mico y en lo reivindicativo<\/p>\n<p style=\"text-align: justify;\">Hace un a\u00f1o, retomaba el Servicio de Atenci\u00f3n a Secuelas (que tuvo que pararse a ra\u00edz de los estragos que la pandemia caus\u00f3 tambi\u00e9n en los ingresos del tejido asociativo). Recientemente, 15 j\u00f3venes adultos han recorrido el Camino de Santiago en una gran experiencia que AFANION no descarta repetir.<\/p>\n<p style=\"text-align: justify;\">Adem\u00e1s, el colectivo sigue reivindicando las Unidades de Cuidados Paliativos Pedi\u00e1tricos: un objetivo en cuyo logro tiene puestas muchas esperanzas porque, como ha recordado su presidente, las familias tienen el derecho a poder decidir d\u00f3nde sus hijos o hijas terminan sus vidas: si en un hospital y en cualquier otro lugar, para lo que se deben procurar unos cuidados paliativos adecuados.<\/p>\n<p style=\"text-align: justify;\">La diputada de Servicios Sociales ha mostrado su total apoyo sobre todas estas cuestiones que se hacen tan necesarias, y ha reiterado el compromiso de la instituci\u00f3n presidida por Caba\u00f1ero, plasmado tambi\u00e9n en el convenio anual (de 23.000 euros) que se suscribe con AFANION.<\/p>\n<p style=\"text-align: justify;\">Asimismo, ha insistido en la necesidad de fomentar la investigaci\u00f3n y mejorar las condiciones laborales de los investigadores en el \u00e1mbito del c\u00e1ncer. Al hilo de esto, destaca el plazo abierto estos d\u00edas para participar en las Ayudas a la Investigaci\u00f3n \u2018Juan Carlos Izpis\u00faa Belmonte\u2019 que, con un presupuesto cercano a los 30.000 euros, tiene en marcha la Diputaci\u00f3n en su tercera edici\u00f3n para proyectos socio-sanitarios radicados en la provincia de Albacete.<\/p>\n<p style=\"text-align: justify;\">Finalmente, Garc\u00eda ha agradecido profundamente a la gran \u2018familia\u2019 de AFANION su dedicaci\u00f3n y apoyo incansable para con los ni\u00f1os, ni\u00f1as, adolescentes y familias que enfrentan este desaf\u00edo, marcando con su humanidad, su cercan\u00eda, su profesionalidad, su cari\u00f1o y su experiencia una diferencia real en la vida de quienes padecen c\u00e1ncer.<\/p>\n<p><!--publicidad-voz03--><a href=\"https:\/\/www.facebook.com\/profile.php?id=100063593791305&amp;locale=es_ES\"><img decoding=\"async\" class=\"alignnone size-medium\" src=\"https:\/\/blogger.googleusercontent.com\/img\/b\/R29vZ2xl\/AVvXsEi8_n_ll8UOcGxCqzFvb_9Io4ICczlGC990BPtPj2w9Px-u7B3oqWUW5vtjZUqPNJ-nyjiUIorE0ATsib_l5tV8BVN-UJ03RTnU__IHJF_4DgDBtY4LIqXNG-FomrO-7ywes20CBCRM2Hcm7EJSh3UUw1dO-c_uTflUrtgY1i7uBRezj_DpympmEFkfbQY\/s1600\/logo-principal2.jpg\" width=\"100%\" height=\"100\" \/><\/a><!--bestpublic-voz03--><!--desk-in-out-voz03--><br \/>\n<!--publicidad-voz04--><a href=\"https:\/\/www.facebook.com\/profile.php?id=61557370768692&amp;locale=es_ES\"><img decoding=\"async\" class=\"alignnone size-medium\" src=\"https:\/\/blogger.googleusercontent.com\/img\/b\/R29vZ2xl\/AVvXsEgy5RdcfffrnrItnYTcV9bCJjgJwldsQLWssfVfrLbyfXeBNTFKgBf0rMIvhrUaGUhiXzVr9_eQgCbi-j63ZDpfTvLIty9w7s140y-m1yHe7eKmEK7v2NAHUJDVYGdfeiQFeRCqUjdwWmN1MX_AUxxz4IVdJ4WIM0APxit8bjWkXzrnEFGqBvW_1F13H1g\/s1600\/logo-principal5.jpg\" width=\"100%\" height=\"100\" \/><\/a><!--bestpublic-voz04--><!--desk-in-out-voz04--><br \/>\n<!--publicidad-voz05--><a href=\"https:\/\/www.facebook.com\/asociaciontamborileroshellin?locale=es_ES\"><img decoding=\"async\" class=\"alignnone size-medium\" src=\"https:\/\/blogger.googleusercontent.com\/img\/b\/R29vZ2xl\/AVvXsEhHEEpZsKK1VpwiYMrS7aE2ujtqIDZoLd4B5wtbiseSU9s2HdTdQfhF84So2XwEB1fv0BLw95GADm6hUl1bkKtzh-eIgVigXONuu_5RxeIMPhjk8q6uNX4EaEHbooKkbu7pCADWPpVJjhKIH5NQSJpWqedC-YBez4QAQeJYokkLot9bhrIaUAeztsGis6M\/s1600\/logo-principal3.jpg\" width=\"100%\" height=\"100\" \/><\/a><!--bestpublic-voz05--><!--desk-in-out-voz05--><br \/>\n<!--publicidad-voz06--><!--bestpublic-voz06--><!--desk-in-out-voz06--><br \/>\n<!--publicidad-voz07--><!--bestpublic-voz07--><!--desk-in-out-voz07--><br \/>\n<!--publicidad-voz08--><!--bestpublic-voz08--><!--desk-in-out-voz08--><br \/>\n<!--publicidad-voz09--><!--bestpublic-voz09--><!--desk-in-out-voz09--><br \/>\n<!--publicidad-voz10--><!--bestpublic-voz10--><!--desk-in-out-voz10--><br \/>\n<!--publicidad-voz11--><!--bestpublic-voz11--><!--desk-in-out-voz11--><br \/>\n<!--publicidad-voz12--><!--bestpublic-voz12--><!--desk-in-out-voz12--><br \/>\n<!--publicidad-voz13--><!--bestpublic-voz13--><!--desk-in-out-voz13--><br \/>\n<!--publicidad-voz14--><!--bestpublic-voz14--><!--desk-in-out-voz14--><br \/>\n<!--publicidad-voz15--><!--bestpublic-voz15--><!--desk-in-out-voz15--><br \/>\n<!--publicidad-voz16--><!--bestpublic-voz16--><!--desk-in-out-voz16--><\/p>\n","protected":false},"excerpt":{"rendered":"<p>La diputada de Servicios Sociales, Juani Garc\u00eda, ha reafirmado en nombre del presidente provincial, Santi Caba\u00f1ero, el compromiso de la Diputaci\u00f3n con AFANION en este mes de septiembre que, de&#8230;<\/p>\n","protected":false},"author":2,"featured_media":148718,"comment_status":"closed","ping_status":"closed","sticky":false,"template":"","format":"standard","meta":{"footnotes":""},"categories":[753,718,715,716,717],"tags":[],"class_list":["post-148717","post","type-post","status-publish","format-standard","has-post-thumbnail","hentry","category-blog-lv034","category-blogger","category-la-voz-de-hellin","category-la-voz-de-hellin-la-voz-de-hellin","category-noticias"],"_links":{"self":[{"href":"https:\/\/lavozdehellin.com\/noticias\/wp-json\/wp\/v2\/posts\/148717","targetHints":{"allow":["GET"]}}],"collection":[{"href":"https:\/\/lavozdehellin.com\/noticias\/wp-json\/wp\/v2\/posts"}],"about":[{"href":"https:\/\/lavozdehellin.com\/noticias\/wp-json\/wp\/v2\/types\/post"}],"author":[{"embeddable":true,"href":"https:\/\/lavozdehellin.com\/noticias\/wp-json\/wp\/v2\/users\/2"}],"replies":[{"embeddable":true,"href":"https:\/\/lavozdehellin.com\/noticias\/wp-json\/wp\/v2\/comments?post=148717"}],"version-history":[{"count":0,"href":"https:\/\/lavozdehellin.com\/noticias\/wp-json\/wp\/v2\/posts\/148717\/revisions"}],"wp:featuredmedia":[{"embeddable":true,"href":"https:\/\/lavozdehellin.com\/noticias\/wp-json\/wp\/v2\/media\/148718"}],"wp:attachment":[{"href":"https:\/\/lavozdehellin.com\/noticias\/wp-json\/wp\/v2\/media?parent=148717"}],"wp:term":[{"taxonomy":"category","embeddable":true,"href":"https:\/\/lavozdehellin.com\/noticias\/wp-json\/wp\/v2\/categories?post=148717"},{"taxonomy":"post_tag","embeddable":true,"href":"https:\/\/lavozdehellin.com\/noticias\/wp-json\/wp\/v2\/tags?post=148717"}],"curies":[{"name":"wp","href":"https:\/\/api.w.org\/{rel}","templated":true}]}}