{"id":148726,"date":"2023-09-20T23:20:38","date_gmt":"2023-09-20T22:20:38","guid":{"rendered":"https:\/\/lavozdehellin.com\/noticias\/?p=148726"},"modified":"2024-02-26T19:36:20","modified_gmt":"2024-02-26T18:36:20","slug":"v08-280-cabanero-subraya-el-referente-cultural-y-artistico-que-munera-hace-de-sus-fiestas-patronales","status":"publish","type":"post","link":"https:\/\/lavozdehellin.com\/noticias\/v08-280-cabanero-subraya-el-referente-cultural-y-artistico-que-munera-hace-de-sus-fiestas-patronales\/","title":{"rendered":"LVH NOTICIAS | CABA\u00d1ERO SUBRAYA EL \u201cREFERENTE CULTURAL Y ART\u00cdSTICO\u201d QUE MUNERA HACE DE SUS FIESTAS PATRONALES"},"content":{"rendered":"<p style=\"text-align: justify;\">El presidente provincial, Santi Caba\u00f1ero, ha encabezado en la noche de este mi\u00e9rcoles la delegaci\u00f3n de la Diputaci\u00f3n de Albacete que ha participado en los actos que marcan el inicio de las celebraciones que Munera brinda, desde 1756, a la Virgen de la Fuente.<\/p>\n<p><!--more--><br \/>\n<!--publicidad-voz01--><a href=\"https:\/\/www.facebook.com\/SoloRadioHellin\/?locale=es_ES\"><img decoding=\"async\" class=\"alignnone size-medium\" src=\"https:\/\/blogger.googleusercontent.com\/img\/b\/R29vZ2xl\/AVvXsEiNncirNnyGedv00mhjZjh5Wl4_YPdJGanoAl8tL8zH-HwqE8uHqjEfSt340RHdx-9tuCSIkZ8rFamZiGyYlgDGxCsmXjCH_1xk5eYM3ntFZRvJP_jndOKR7w1UAo9Tu0vrZyOLfqRpHIxYI5SymJJ-pfGCQw6QVpggBH-UgfjiFQ2JOxqxG0Jx94kW83c\/s1600\/logo-principal.jpg\" width=\"100%\" height=\"100\" \/><\/a><!--bestpublic-voz01--><!--desk-in-out-voz01--><br \/>\n<!--publicidad-voz02--><a href=\"https:\/\/www.hellincf.com\/\"><img decoding=\"async\" class=\"alignnone size-medium\" src=\"https:\/\/blogger.googleusercontent.com\/img\/b\/R29vZ2xl\/AVvXsEhuZ4-XfBVj3UtdP8-RZugy3WVrg-Zv28c53m4oV47qYCxL1rX_dqWX_YddsGSnpH5SRDqZ7bZeKPIfDVCDncpjVlhy3aQs2vojcJBn7Gdv9hC2_Nzct_pRFrnFE1a7KTCdY1bT_kAgnY3-iadRZrGeJf1fR2P5fu11bokx0pWjaypoy-ctwCjklldpEbA\/s1600\/logo-principal7.jpg\" width=\"100%\" height=\"100\" \/><\/a><!--bestpublic-voz02--><!--desk-in-out-voz02--><\/p>\n<p style=\"text-align: justify;\">Junto al vicepresidente, Fran Valera, y a otros representantes de la Corporaci\u00f3n Provincial, ha acompa\u00f1ado al alcalde, Desiderio Mart\u00ednez, y a todo su equipo en el Ayuntamiento; lugar desde el que precisamente han comenzado los actos a primera hora de la tarde, con la inauguraci\u00f3n de las distintas exposiciones que la localidad ofrece durante estas jornadas especiales a la poblaci\u00f3n local y visitante.<\/p>\n<p style=\"text-align: justify;\">As\u00ed, la Casa de la Cultura alberga tanto la muestra de bolillos, refajos, bordados y pintura elaborada en el seno del alumnado de la Universidad Popular, como la organizada con motivo del XL aniversario de \u00e9sta. En la calle Mayor, se puede disfrutar tanto de la exposici\u00f3n de pintura de Mariv\u00ed Pa\u00f1os como de la de escultura de Edmundo Bl\u00e1zquez y de la muestra que sirve de homenaje a la Banda Municipal de M\u00fasica de Munera con motivo de su XXX cumplea\u00f1os. Por \u00faltimo, en el Auditorio Municipal, el p\u00fablico tiene a su disposici\u00f3n la exposici\u00f3n trienal del certamen fotogr\u00e1fico \u2018Munera La Bella\u2019.<\/p>\n<p style=\"text-align: justify;\">El LIV P\u00f3rtico Literario de la localidad ha servido, ya en las primeras horas de la noche, del proleg\u00f3meno perfecto al pasacalles que la Banda ha protagonizado para recoger a sus nuevos integrantes.<\/p>\n<p style=\"text-align: justify;\">Presentes ya todas las autoridades en la Plaza de la Constituci\u00f3n, ha tenido lugar la Salve en honor a la patrona de Munera, en la Iglesia parroquial de San Sebasti\u00e1n. Y, ya desde el balc\u00f3n del Ayuntamiento, se ha producido el saludo del alcalde y el posterior Preg\u00f3n de fiestas, protagonizado por Ismael Garc\u00eda Varea: vicerrector de Transformaci\u00f3n y Estrategia Digital de la Universidad de Castilla-La Mancha.<\/p>\n<p style=\"text-align: justify;\">Munera, referente cultural y art\u00edstico<\/p>\n<p style=\"text-align: justify;\">El disparo del cohete anunciador del inicio de las celebraciones y el encendido del alumbrado, ha dado pie al tradicional desfile y al homenaje a la bandera, as\u00ed como al encendido de la tan m\u00edtica Luminaria en la Plaza de la Constituci\u00f3n.<\/p>\n<p style=\"text-align: justify;\">Caba\u00f1ero ha puesto en valor \u201cel compromiso y el cari\u00f1o\u201d que toda la poblaci\u00f3n de Munera, con su alcalde al frente, pone a\u00f1o tras a\u00f1o no s\u00f3lo en \u201ccuidar y poner en valor estas jornadas especiales\u201d, sino en hacerlas\u201d crecer y mejorar, apostando por potenciar sus tradiciones y por aprovecharlas como una potente herramienta que, adem\u00e1s de crear identidad en torno al pueblo, lo hacen referente cultural y art\u00edstico en diversas disciplinas\u201d.<\/p>\n<p style=\"text-align: justify;\">Animando a cuantos vecinos y vecinas ha tenido ocasi\u00f3n de saludar a disfrutar plenamente de todas y cada una de las actividades programadas, el presidente provincial ha deseado que sean unas jornadas que, adem\u00e1s de grandes momentos en familia y junto a seres queridos, deje en los distintos establecimientos hosteleros y comerciales de la localidad \u201criqueza, negocio y dinamismo\u201d.<\/p>\n<p><!--publicidad-voz03--><a href=\"https:\/\/www.facebook.com\/profile.php?id=100063593791305&amp;locale=es_ES\"><img decoding=\"async\" class=\"alignnone size-medium\" src=\"https:\/\/blogger.googleusercontent.com\/img\/b\/R29vZ2xl\/AVvXsEi8_n_ll8UOcGxCqzFvb_9Io4ICczlGC990BPtPj2w9Px-u7B3oqWUW5vtjZUqPNJ-nyjiUIorE0ATsib_l5tV8BVN-UJ03RTnU__IHJF_4DgDBtY4LIqXNG-FomrO-7ywes20CBCRM2Hcm7EJSh3UUw1dO-c_uTflUrtgY1i7uBRezj_DpympmEFkfbQY\/s1600\/logo-principal2.jpg\" width=\"100%\" height=\"100\" \/><\/a><!--bestpublic-voz03--><!--desk-in-out-voz03--><br \/>\n<!--publicidad-voz04--><a href=\"https:\/\/www.facebook.com\/profile.php?id=61557370768692&amp;locale=es_ES\"><img decoding=\"async\" class=\"alignnone size-medium\" src=\"https:\/\/blogger.googleusercontent.com\/img\/b\/R29vZ2xl\/AVvXsEgy5RdcfffrnrItnYTcV9bCJjgJwldsQLWssfVfrLbyfXeBNTFKgBf0rMIvhrUaGUhiXzVr9_eQgCbi-j63ZDpfTvLIty9w7s140y-m1yHe7eKmEK7v2NAHUJDVYGdfeiQFeRCqUjdwWmN1MX_AUxxz4IVdJ4WIM0APxit8bjWkXzrnEFGqBvW_1F13H1g\/s1600\/logo-principal5.jpg\" width=\"100%\" height=\"100\" \/><\/a><!--bestpublic-voz04--><!--desk-in-out-voz04--><br \/>\n<!--publicidad-voz05--><a href=\"https:\/\/www.facebook.com\/asociaciontamborileroshellin?locale=es_ES\"><img decoding=\"async\" class=\"alignnone size-medium\" src=\"https:\/\/blogger.googleusercontent.com\/img\/b\/R29vZ2xl\/AVvXsEhHEEpZsKK1VpwiYMrS7aE2ujtqIDZoLd4B5wtbiseSU9s2HdTdQfhF84So2XwEB1fv0BLw95GADm6hUl1bkKtzh-eIgVigXONuu_5RxeIMPhjk8q6uNX4EaEHbooKkbu7pCADWPpVJjhKIH5NQSJpWqedC-YBez4QAQeJYokkLot9bhrIaUAeztsGis6M\/s1600\/logo-principal3.jpg\" width=\"100%\" height=\"100\" \/><\/a><!--bestpublic-voz05--><!--desk-in-out-voz05--><br \/>\n<!--publicidad-voz06--><!--bestpublic-voz06--><!--desk-in-out-voz06--><br \/>\n<!--publicidad-voz07--><!--bestpublic-voz07--><!--desk-in-out-voz07--><br \/>\n<!--publicidad-voz08--><!--bestpublic-voz08--><!--desk-in-out-voz08--><br \/>\n<!--publicidad-voz09--><!--bestpublic-voz09--><!--desk-in-out-voz09--><br \/>\n<!--publicidad-voz10--><!--bestpublic-voz10--><!--desk-in-out-voz10--><br \/>\n<!--publicidad-voz11--><!--bestpublic-voz11--><!--desk-in-out-voz11--><br \/>\n<!--publicidad-voz12--><!--bestpublic-voz12--><!--desk-in-out-voz12--><br \/>\n<!--publicidad-voz13--><!--bestpublic-voz13--><!--desk-in-out-voz13--><br \/>\n<!--publicidad-voz14--><!--bestpublic-voz14--><!--desk-in-out-voz14--><br \/>\n<!--publicidad-voz15--><!--bestpublic-voz15--><!--desk-in-out-voz15--><br \/>\n<!--publicidad-voz16--><!--bestpublic-voz16--><!--desk-in-out-voz16--><\/p>\n","protected":false},"excerpt":{"rendered":"<p>El presidente provincial, Santi Caba\u00f1ero, ha encabezado en la noche de este mi\u00e9rcoles la delegaci\u00f3n de la Diputaci\u00f3n de Albacete que ha participado en los actos que marcan el inicio&#8230;<\/p>\n","protected":false},"author":2,"featured_media":148727,"comment_status":"closed","ping_status":"closed","sticky":false,"template":"","format":"standard","meta":{"footnotes":""},"categories":[753,718,715,716,717],"tags":[],"class_list":["post-148726","post","type-post","status-publish","format-standard","has-post-thumbnail","hentry","category-blog-lv034","category-blogger","category-la-voz-de-hellin","category-la-voz-de-hellin-la-voz-de-hellin","category-noticias"],"_links":{"self":[{"href":"https:\/\/lavozdehellin.com\/noticias\/wp-json\/wp\/v2\/posts\/148726","targetHints":{"allow":["GET"]}}],"collection":[{"href":"https:\/\/lavozdehellin.com\/noticias\/wp-json\/wp\/v2\/posts"}],"about":[{"href":"https:\/\/lavozdehellin.com\/noticias\/wp-json\/wp\/v2\/types\/post"}],"author":[{"embeddable":true,"href":"https:\/\/lavozdehellin.com\/noticias\/wp-json\/wp\/v2\/users\/2"}],"replies":[{"embeddable":true,"href":"https:\/\/lavozdehellin.com\/noticias\/wp-json\/wp\/v2\/comments?post=148726"}],"version-history":[{"count":0,"href":"https:\/\/lavozdehellin.com\/noticias\/wp-json\/wp\/v2\/posts\/148726\/revisions"}],"wp:featuredmedia":[{"embeddable":true,"href":"https:\/\/lavozdehellin.com\/noticias\/wp-json\/wp\/v2\/media\/148727"}],"wp:attachment":[{"href":"https:\/\/lavozdehellin.com\/noticias\/wp-json\/wp\/v2\/media?parent=148726"}],"wp:term":[{"taxonomy":"category","embeddable":true,"href":"https:\/\/lavozdehellin.com\/noticias\/wp-json\/wp\/v2\/categories?post=148726"},{"taxonomy":"post_tag","embeddable":true,"href":"https:\/\/lavozdehellin.com\/noticias\/wp-json\/wp\/v2\/tags?post=148726"}],"curies":[{"name":"wp","href":"https:\/\/api.w.org\/{rel}","templated":true}]}}