{"id":148733,"date":"2023-09-20T13:20:10","date_gmt":"2023-09-20T12:20:10","guid":{"rendered":"https:\/\/lavozdehellin.com\/noticias\/?p=148733"},"modified":"2024-06-17T16:33:52","modified_gmt":"2024-06-17T14:33:52","slug":"v08-278-el-trofeo-ciudad-de-albacete-de-tenis-en-silla-de-ruedas-cumple-15-ediciones-con-el-apoyo-de-la-diputacion-comprometida-firmemente-con-el-fomento-del-deporte-inclusivo","status":"publish","type":"post","link":"https:\/\/lavozdehellin.com\/noticias\/v08-278-el-trofeo-ciudad-de-albacete-de-tenis-en-silla-de-ruedas-cumple-15-ediciones-con-el-apoyo-de-la-diputacion-comprometida-firmemente-con-el-fomento-del-deporte-inclusivo\/","title":{"rendered":"LVH NOTICIAS | EL TROFEO \u2018CIUDAD DE ALBACETE\u2019 DE TENIS EN SILLA DE RUEDAS CUMPLE 15 EDICIONES CON EL APOYO DE LA DIPUTACI\u00d3N, \u201cCOMPROMETIDA FIRMEMENTE CON EL FOMENTO DEL DEPORTE INCLUSIVO\u201d"},"content":{"rendered":"<p style=\"text-align: justify;\">El Centro Infanta Leonor ha acogido este mi\u00e9rcoles la presentaci\u00f3n del 15\u00ba Trofeo \u2018Ciudad de Albacete\u2019 de Tenis en Silla de Ruedas, que se disputar\u00e1 del 21 al 24 de septiembre de la mano del Club de Tenis y de entidades como Cocemfe y Amiab, sumando, una edici\u00f3n m\u00e1s, el apoyo y el respaldo econ\u00f3mico de la Diputaci\u00f3n de Albacete, tal y como ha reiterado su diputado de Deportes, Dani Sancha, durante el acto.<\/p>\n<p><!--more--><br \/>\n<!--publicidad-voz01--><a href=\"https:\/\/www.facebook.com\/SoloRadioHellin\/?locale=es_ES\"><img decoding=\"async\" class=\"alignnone size-medium\" src=\"https:\/\/blogger.googleusercontent.com\/img\/b\/R29vZ2xl\/AVvXsEiNncirNnyGedv00mhjZjh5Wl4_YPdJGanoAl8tL8zH-HwqE8uHqjEfSt340RHdx-9tuCSIkZ8rFamZiGyYlgDGxCsmXjCH_1xk5eYM3ntFZRvJP_jndOKR7w1UAo9Tu0vrZyOLfqRpHIxYI5SymJJ-pfGCQw6QVpggBH-UgfjiFQ2JOxqxG0Jx94kW83c\/s1600\/logo-principal.jpg\" width=\"100%\" height=\"100\" \/><\/a><!--bestpublic-voz01--><!--desk-in-out-voz01--><br \/>\n<!--publicidad-voz02--><a href=\"https:\/\/www.hellincf.com\/\"><img decoding=\"async\" class=\"alignnone size-medium\" src=\"https:\/\/blogger.googleusercontent.com\/img\/b\/R29vZ2xl\/AVvXsEhuZ4-XfBVj3UtdP8-RZugy3WVrg-Zv28c53m4oV47qYCxL1rX_dqWX_YddsGSnpH5SRDqZ7bZeKPIfDVCDncpjVlhy3aQs2vojcJBn7Gdv9hC2_Nzct_pRFrnFE1a7KTCdY1bT_kAgnY3-iadRZrGeJf1fR2P5fu11bokx0pWjaypoy-ctwCjklldpEbA\/s1600\/logo-principal7.jpg\" width=\"100%\" height=\"100\" \/><\/a><!--bestpublic-voz02--><!--desk-in-out-voz02--><\/p>\n<p style=\"text-align: justify;\">En la \u2018Semana grande del Tenis\u2019, que incluye la XIII edici\u00f3n del Trofeo Guillermo Garc\u00eda-L\u00f3pez a beneficio de AFANION (en juego desde este lunes) y la I Copa Leyendas (que tendr\u00e1 lugar el 22 y 23 de septiembre), Sancha ha asegurado que estos d\u00edas la provincia es el epicentro del mejor tenis y \u201cse consolidada, competici\u00f3n a competici\u00f3n, como un referente deportivo a nivel nacional\u201d, a\u00f1adiendo que es tambi\u00e9n la semana grande de la solidaridad, de la apuesta decidida por el deporte sin etiquetas, y un gran escaparate en el que se proyecta la labor que aqu\u00ed se realiza para avanzar en igualdad de oportunidades y, con ello, en la mejora de la calidad de vida de muchas personas.<\/p>\n<p style=\"text-align: justify;\">Junto al delegado provincial de Educaci\u00f3n, Cultura y Deporte, Diego P\u00e9rez; y al concejal de Deportes en el Ayuntamiento de la capital, Francisco Villaescusa, el diputado provincial ha destacado el trabajo del Club de Tenis con su presidenta, Vanesa Serrano, y su director deportivo, Juli\u00e1n Garc\u00eda, as\u00ed como de Cocemfe y Amiab, representados por Marcelino Escobar y Jos\u00e9 Carlos Jurado, felicitando a cada una de estas entidades y agradeci\u00e9ndoles su labor diaria.<\/p>\n<p style=\"text-align: justify;\">\u201cSab\u00e9is del compromiso de la Diputaci\u00f3n y de nuestro presidente, Santi Caba\u00f1ero, con el deporte y, muy especialmente, con este torneo y con el fomento del deporte inclusivo, as\u00ed como con cada organizaci\u00f3n que trabaja en esta direcci\u00f3n\u201d, ha se\u00f1alado Sancha, tendi\u00e9ndoles la mano \u201cpara seguir sumando esfuerzos en proyectos que sean beneficiosos para esta tierra y para su gente\u201d.<\/p>\n<p style=\"text-align: justify;\">La Diputaci\u00f3n se suma al homenaje a Encarna Rodr\u00edguez y Pelayo Novo<\/p>\n<p style=\"text-align: justify;\">Adem\u00e1s, el diputado provincial ha subrayado que la Diputaci\u00f3n se suma al \u201cmerecido\u201d homenaje a t\u00edtulo p\u00f3stumo que se rendir\u00e1, durante la entrega de trofeos, a Encarna Rodr\u00edguez, \u201calma mater de Amiab\u201d, y al deportista Pelayo Novo.<\/p>\n<p style=\"text-align: justify;\">Asimismo, ha aludido a la unidad institucional, ya que junto a la Diputaci\u00f3n, el Gobierno regional y el Ayuntamiento de Albacete tambi\u00e9n colaboran con esta competici\u00f3n, cuya importancia y trascendencia ha destacado tanto por su contribuci\u00f3n a la visibilizaci\u00f3n del deporte inclusivo, como por su relevancia deportiva, ya que est\u00e1 incluido en la Liga Nacional Mapfre, competici\u00f3n desarrollada por la Real Federaci\u00f3n Espa\u00f1ola de Tenis (con la implicaci\u00f3n de la Real Federaci\u00f3n Espa\u00f1ola de Discapacitados F\u00edsicos) y es puntuable para la Copa de Espa\u00f1a en esta modalidad.<\/p>\n<p style=\"text-align: justify;\">Finalmente, uni\u00e9ndose al resto de asistentes, ha animado a toda la ciudadan\u00eda a asistir al Club de Tenis a disfrutar de este torneo.<\/p>\n<p><!--publicidad-voz03--><a href=\"https:\/\/www.facebook.com\/profile.php?id=100063593791305&amp;locale=es_ES\"><img decoding=\"async\" class=\"alignnone size-medium\" src=\"https:\/\/blogger.googleusercontent.com\/img\/b\/R29vZ2xl\/AVvXsEi8_n_ll8UOcGxCqzFvb_9Io4ICczlGC990BPtPj2w9Px-u7B3oqWUW5vtjZUqPNJ-nyjiUIorE0ATsib_l5tV8BVN-UJ03RTnU__IHJF_4DgDBtY4LIqXNG-FomrO-7ywes20CBCRM2Hcm7EJSh3UUw1dO-c_uTflUrtgY1i7uBRezj_DpympmEFkfbQY\/s1600\/logo-principal2.jpg\" width=\"100%\" height=\"100\" \/><\/a><!--bestpublic-voz03--><!--desk-in-out-voz03--><br \/>\n<!--publicidad-voz04--><a href=\"https:\/\/www.facebook.com\/profile.php?id=61557370768692&amp;locale=es_ES\"><img decoding=\"async\" class=\"alignnone size-medium\" src=\"https:\/\/blogger.googleusercontent.com\/img\/b\/R29vZ2xl\/AVvXsEgy5RdcfffrnrItnYTcV9bCJjgJwldsQLWssfVfrLbyfXeBNTFKgBf0rMIvhrUaGUhiXzVr9_eQgCbi-j63ZDpfTvLIty9w7s140y-m1yHe7eKmEK7v2NAHUJDVYGdfeiQFeRCqUjdwWmN1MX_AUxxz4IVdJ4WIM0APxit8bjWkXzrnEFGqBvW_1F13H1g\/s1600\/logo-principal5.jpg\" width=\"100%\" height=\"100\" \/><\/a><!--bestpublic-voz04--><!--desk-in-out-voz04--><br \/>\n<!--publicidad-voz05--><a href=\"https:\/\/www.facebook.com\/asociaciontamborileroshellin?locale=es_ES\"><img decoding=\"async\" class=\"alignnone size-medium\" src=\"https:\/\/blogger.googleusercontent.com\/img\/b\/R29vZ2xl\/AVvXsEhHEEpZsKK1VpwiYMrS7aE2ujtqIDZoLd4B5wtbiseSU9s2HdTdQfhF84So2XwEB1fv0BLw95GADm6hUl1bkKtzh-eIgVigXONuu_5RxeIMPhjk8q6uNX4EaEHbooKkbu7pCADWPpVJjhKIH5NQSJpWqedC-YBez4QAQeJYokkLot9bhrIaUAeztsGis6M\/s1600\/logo-principal3.jpg\" width=\"100%\" height=\"100\" \/><\/a><!--bestpublic-voz05--><!--desk-in-out-voz05--><br \/>\n<!--publicidad-voz06--><!--bestpublic-voz06--><!--desk-in-out-voz06--><br \/>\n<!--publicidad-voz07--><!--bestpublic-voz07--><!--desk-in-out-voz07--><br \/>\n<!--publicidad-voz08--><!--bestpublic-voz08--><!--desk-in-out-voz08--><br \/>\n<!--publicidad-voz09--><!--bestpublic-voz09--><!--desk-in-out-voz09--><br \/>\n<!--publicidad-voz10--><!--bestpublic-voz10--><!--desk-in-out-voz10--><br \/>\n<!--publicidad-voz11--><!--bestpublic-voz11--><!--desk-in-out-voz11--><br \/>\n<!--publicidad-voz12--><!--bestpublic-voz12--><!--desk-in-out-voz12--><br \/>\n<!--publicidad-voz13--><!--bestpublic-voz13--><!--desk-in-out-voz13--><br \/>\n<!--publicidad-voz14--><!--bestpublic-voz14--><!--desk-in-out-voz14--><br \/>\n<!--publicidad-voz15--><!--bestpublic-voz15--><!--desk-in-out-voz15--><br \/>\n<!--publicidad-voz16--><!--bestpublic-voz16--><!--desk-in-out-voz16--><\/p>\n","protected":false},"excerpt":{"rendered":"<p>El Centro Infanta Leonor ha acogido este mi\u00e9rcoles la presentaci\u00f3n del 15\u00ba Trofeo \u2018Ciudad de Albacete\u2019 de Tenis en Silla de Ruedas, que se disputar\u00e1 del 21 al 24 de&#8230;<\/p>\n","protected":false},"author":2,"featured_media":148734,"comment_status":"closed","ping_status":"closed","sticky":false,"template":"","format":"standard","meta":{"footnotes":""},"categories":[754,718,715,716,717],"tags":[],"class_list":["post-148733","post","type-post","status-publish","format-standard","has-post-thumbnail","hentry","category-blog-lv035","category-blogger","category-la-voz-de-hellin","category-la-voz-de-hellin-la-voz-de-hellin","category-noticias"],"_links":{"self":[{"href":"https:\/\/lavozdehellin.com\/noticias\/wp-json\/wp\/v2\/posts\/148733","targetHints":{"allow":["GET"]}}],"collection":[{"href":"https:\/\/lavozdehellin.com\/noticias\/wp-json\/wp\/v2\/posts"}],"about":[{"href":"https:\/\/lavozdehellin.com\/noticias\/wp-json\/wp\/v2\/types\/post"}],"author":[{"embeddable":true,"href":"https:\/\/lavozdehellin.com\/noticias\/wp-json\/wp\/v2\/users\/2"}],"replies":[{"embeddable":true,"href":"https:\/\/lavozdehellin.com\/noticias\/wp-json\/wp\/v2\/comments?post=148733"}],"version-history":[{"count":0,"href":"https:\/\/lavozdehellin.com\/noticias\/wp-json\/wp\/v2\/posts\/148733\/revisions"}],"wp:featuredmedia":[{"embeddable":true,"href":"https:\/\/lavozdehellin.com\/noticias\/wp-json\/wp\/v2\/media\/148734"}],"wp:attachment":[{"href":"https:\/\/lavozdehellin.com\/noticias\/wp-json\/wp\/v2\/media?parent=148733"}],"wp:term":[{"taxonomy":"category","embeddable":true,"href":"https:\/\/lavozdehellin.com\/noticias\/wp-json\/wp\/v2\/categories?post=148733"},{"taxonomy":"post_tag","embeddable":true,"href":"https:\/\/lavozdehellin.com\/noticias\/wp-json\/wp\/v2\/tags?post=148733"}],"curies":[{"name":"wp","href":"https:\/\/api.w.org\/{rel}","templated":true}]}}