{"id":148868,"date":"2024-03-06T11:20:40","date_gmt":"2024-03-06T10:20:40","guid":{"rendered":"https:\/\/lavozdehellin.com\/noticias\/?p=148868"},"modified":"2024-03-06T13:49:35","modified_gmt":"2024-03-06T12:49:35","slug":"v08-333-las-jornadas-sobre-elaboracion-del-duelo-organizadas-por-talitha-celebran-su-xvii-edicion-del-8-al-9-de-marzo-con-la-colaboracion-de-la-diputacion-de-albacete","status":"publish","type":"post","link":"https:\/\/lavozdehellin.com\/noticias\/v08-333-las-jornadas-sobre-elaboracion-del-duelo-organizadas-por-talitha-celebran-su-xvii-edicion-del-8-al-9-de-marzo-con-la-colaboracion-de-la-diputacion-de-albacete\/","title":{"rendered":"LVH NOTICIAS | LAS JORNADAS SOBRE \u2018ELABORACI\u00d3N DEL DUELO\u2019 ORGANIZADAS POR TALITHA CELEBRAN SU XVII EDICI\u00d3N DEL 8 AL 9 DE MARZO CON LA COLABORACI\u00d3N DE LA DIPUTACI\u00d3N DE ALBACETE"},"content":{"rendered":"<p style=\"text-align: justify;\">La Diputaci\u00f3n de Albacete ha acogido la presentaci\u00f3n de las XVII jornadas sociales sobre \u2018Elaboraci\u00f3n de duelo\u2019 que organiza anualmente Talitha (Asociaci\u00f3n de ayuda en el proceso de duelo).<\/p>\n<p><!--more--><br \/>\n<!--publicidad-voz01--><a href=\"https:\/\/www.facebook.com\/SoloRadioHellin\/?locale=es_ES\"><img decoding=\"async\" class=\"alignnone size-medium\" src=\"https:\/\/blogger.googleusercontent.com\/img\/b\/R29vZ2xl\/AVvXsEiNncirNnyGedv00mhjZjh5Wl4_YPdJGanoAl8tL8zH-HwqE8uHqjEfSt340RHdx-9tuCSIkZ8rFamZiGyYlgDGxCsmXjCH_1xk5eYM3ntFZRvJP_jndOKR7w1UAo9Tu0vrZyOLfqRpHIxYI5SymJJ-pfGCQw6QVpggBH-UgfjiFQ2JOxqxG0Jx94kW83c\/s1600\/logo-principal.jpg\" width=\"100%\" height=\"100\" \/><\/a><!--bestpublic-voz01--><!--desk-in-out-voz01--><br \/>\n<!--publicidad-voz02--><a href=\"https:\/\/www.hellincf.com\/\"><img decoding=\"async\" class=\"alignnone size-medium\" src=\"https:\/\/blogger.googleusercontent.com\/img\/b\/R29vZ2xl\/AVvXsEhuZ4-XfBVj3UtdP8-RZugy3WVrg-Zv28c53m4oV47qYCxL1rX_dqWX_YddsGSnpH5SRDqZ7bZeKPIfDVCDncpjVlhy3aQs2vojcJBn7Gdv9hC2_Nzct_pRFrnFE1a7KTCdY1bT_kAgnY3-iadRZrGeJf1fR2P5fu11bokx0pWjaypoy-ctwCjklldpEbA\/s1600\/logo-principal7.jpg\" width=\"100%\" height=\"100\" \/><\/a><!--bestpublic-voz02--><!--desk-in-out-voz02--><\/p>\n<p style=\"text-align: justify;\">Una iniciativa que se celebrar\u00e1 en el sal\u00f3n de actos de la instituci\u00f3n provincial del viernes 8 al s\u00e1bado 9 de marzo, tal y como han dado a conocer el diputado provincial del \u00c1rea Social, Jos\u00e9 Gonz\u00e1lez, y la presidenta de la entidad organizadora, Pilar Mart\u00ednez, acompa\u00f1ados de una de las personas que participar\u00e1n en esta actividad (y psic\u00f3loga colaborada de la entidad), Marta Rodr\u00edguez.<\/p>\n<p style=\"text-align: justify;\">Durante la presentaci\u00f3n se ha explicado que esta actividad contar\u00e1 con 4 conferencias y una mesa redonda en la que se dar\u00e1n cita expertos y expertas en materia de duelo, y ser\u00e1n retransmitidas en streaming a trav\u00e9s del canal de youtube de Talitha para llegar al mayor n\u00famero posible de personas interesadas en su contenido.<\/p>\n<p style=\"text-align: justify;\">As\u00ed, Gonz\u00e1lez ha afirmado que para la Diputaci\u00f3n de Albacete es \u201cun placer\u201d acoger, una edici\u00f3n m\u00e1s, estas jornadas, y ha puesto de relieve que esta iniciativa \u201ces un espacio para romper estereotipos y eliminar tab\u00fas en torno al duelo, al suicidio y a la muerte\u201d, remarcando que desde esta organizaci\u00f3n \u201ccontribuyen a mejorar la vida de muchas personas que est\u00e1n atravesando momentos muy dif\u00edciles, en los que Talitha es una luz de esperanza\u201d.<\/p>\n<p style=\"text-align: justify;\">En esta l\u00ednea, el responsable provincial, que ha agradecido a Pilar Mart\u00ednez que siempre cuente con la instituci\u00f3n provincial, ha destacado la labor que vienen realizando desde su creaci\u00f3n hace casi 20 a\u00f1os, cuando se convirti\u00f3 en la primera asociaci\u00f3n en abordar el duelo en C-LM, y ha querido felicitar p\u00fablicamente a su presidenta, a su Junta Directiva, al conjunto de familias que la integran (m\u00e1s de 250) y tambi\u00e9n al elevado n\u00famero de voluntarios y voluntarias que la conforman, afirmando que \u201chan creado un recurso \u00fanico al servicio de las personas, contribuyendo a visibilizar y a afrontar el duelo de una forma seria y, a la vez, afectiva\u201d.<\/p>\n<p style=\"text-align: justify;\">Gonz\u00e1lez ha destacado que Talitha, desde su nacimiento en 2005, no ha dejado de crecer en el n\u00famero de familias que la integran o de reconocimientos recibidos, entre los que destaca el distintivo a la Iniciativa Social que otorga el Gobierno regional, as\u00ed como en la cantidad de proyectos e iniciativas que promueve.<\/p>\n<p style=\"text-align: justify;\">La Diputaci\u00f3n colabora en los proyectos \u2018Pluma\u2019 y \u2018Arya\u2019<\/p>\n<p style=\"text-align: justify;\">De hecho, la Diputaci\u00f3n viene colaborando activamente con la asociaci\u00f3n \u201cy as\u00ed seguir\u00e1 siendo\u201d, tal y como ha afirmado el responsable del \u00c1rea Social. Y lo hace no s\u00f3lo con la cesi\u00f3n de espacios de titularidad provincial o mediante el Servicio de Imprenta de la instituci\u00f3n, si no tambi\u00e9n a trav\u00e9s de su Convocatoria de Ayudas Sociosanitarias, que en 2023 se resolvieron con una subvenci\u00f3n de superior a los 9.000 \u20ac destinada al \u2018Proyecto Pluma\u2019, un programa de formaci\u00f3n vivencial y de prevenci\u00f3n del suicidio en la adolescencia, que se realiza en los centros de Educaci\u00f3n Secundaria de la provincia.<\/p>\n<p style=\"text-align: justify;\">Adem\u00e1s, el Gobierno que preside Santi Caba\u00f1ero tambi\u00e9n viene apoyando otra de las actividades que Talitha impulsa en esta misma direcci\u00f3n: el \u2018Proyecto Arya\u2019, dirigido a ni\u00f1os y ni\u00f1as de Primaria con el objetivo de que aprendan a compartir, normalizar y hacer frente a la p\u00e9rdida de un ser querido o a cualquier otro tipo de p\u00e9rdida.<\/p>\n<p style=\"text-align: justify;\">En este punto, Gonz\u00e1lez ha puesto en valor que esta asociaci\u00f3n fuera la impulsora de la actual \u2018Mesa para la prevenci\u00f3n del Suicidio en Albacete\u2019, uniendo a las administraciones (entre ellas, la Diputaci\u00f3n de Albacete) y al tejido asociativo, y ha recordado la importancia que esta cuesti\u00f3n, que tambi\u00e9n se aborda durante las jornadas, tiene en una sociedad en la que el suicidio es la principal causa de muerte entre j\u00f3venes menores de 30 a\u00f1os (por delante de accidentes de tr\u00e1fico y tumores).<br \/>\nDesde Talitha agradecen el apoyo de la Diputaci\u00f3n incidiendo en la importancia de formarse en el duelo<\/p>\n<p style=\"text-align: justify;\">Por su parte, la presidenta de Talitha, que ha agradecido a la Diputaci\u00f3n su constante apoyo, ha sido la encargada de detallar la programaci\u00f3n de estas jornadas, recordando que las actividades cotidianas de la organizaci\u00f3n contin\u00faan (arte-terapia, yoga, grupos de apoyo, club de lectura\u2026) y se\u00f1alando que esta cita anual es imprescindible en el marco de las actividades que organizan.<\/p>\n<p style=\"text-align: justify;\">\u201cCon estas jornadas queremos que tanto profesionales como la sociedad en general se pare y se d\u00e9 cuenta de la importancia que tiene formarnos en el duelo. El duelo hay que trabajarlo porque sino se exterioriza de muchas maneras (por ejemplo con problemas estomacales, de espalda\u2026)\u201d, ha afirmado Pilar Mart\u00ednez, apuntando que el objetivo es que al final haya un sentimiento de agradecimiento al tiempo compartido con esa persona que ya no est\u00e1.<\/p>\n<p style=\"text-align: justify;\">Adem\u00e1s, ha explicado que la ponencia inaugural ser\u00e1 a cargo del profesor titular de Psicolog\u00eda Cl\u00ednica de la Universidad Complutense de Madrid Gonzalo Herv\u00e1s Torres, que hablar\u00e1 sobre \u2018Las emociones y su regulaci\u00f3n en el proceso de duelo\u2019, a quien suceder\u00e1 el mismo viernes, el catedr\u00e1tico de Ense\u00f1anza Secundaria y Decano \u2013 Presidente del Colegio Oficial de la Piscolog\u00eda de Madrid, Jos\u00e9 Antonio Luengo Latorre, quien tratar\u00e1 \u2018El dolor adolescente y sus manifestaciones m\u00e1s relevantes: el duelo y la violencia autoinfligida\u2019.<\/p>\n<p style=\"text-align: justify;\">Ya el s\u00e1bado ser\u00e1 el turno del psic\u00f3logo sanitario y forense y director del Centro Psicosanitario Gallani, Jos\u00e9 Antonio Gallani Dom\u00ednguez, que abordar\u00e1 \u2018El duelo como experiencia de significado en nuestra vida\u2019. Y las jornadas concluir\u00e1n con la intervenci\u00f3n de Lala Terol Juli\u00e1n, licenciada en Psicolog\u00eda, Arteterapeuta, Psic\u00f3loga de Emergencias, y coordinadora del Curso de Experto en prevenci\u00f3n e intervenci\u00f3n del suicidio en Isep, quien hablar\u00e1 sobre \u2018Reconectar, un di\u00e1logo entre el duelo la supervivencia\u2019.<\/p>\n<p style=\"text-align: justify;\">La mesa redonda contar\u00e1 con 4 testimonios de personas que han perdido a un ser querido<\/p>\n<p style=\"text-align: justify;\">Finalmente, Marta Rodr\u00edguez, que es la coordinadora de la mesa redonda (que tendr\u00e1 lugar el s\u00e1bado a las 10:00h) ha explicado que \u00e9sta \u201ces el coraz\u00f3n de las jornadas, la parte m\u00e1s emocional, en la que se visibilizan los distintos tipos de duelo, las diferentes experiencias ante una p\u00e9rdida\u201d.<\/p>\n<p style=\"text-align: justify;\">De hecho, ha se\u00f1alado que contar\u00e1 con el testimonio de 4 personas que han perdido a un ser querido, y ha apuntado que esta iniciativa tambi\u00e9n ayuda a quienes participan en su propio proceso de duelo, se\u00f1alando que hace las veces de homenaje a la persona que se ha perdido y, al mismo tiempo, puede ayudar a quienes asisten a las jornadas.<\/p>\n<p><!--publicidad-voz03--><a href=\"https:\/\/www.facebook.com\/profile.php?id=100063593791305&amp;locale=es_ES\"><img decoding=\"async\" class=\"alignnone size-medium\" src=\"https:\/\/blogger.googleusercontent.com\/img\/b\/R29vZ2xl\/AVvXsEi8_n_ll8UOcGxCqzFvb_9Io4ICczlGC990BPtPj2w9Px-u7B3oqWUW5vtjZUqPNJ-nyjiUIorE0ATsib_l5tV8BVN-UJ03RTnU__IHJF_4DgDBtY4LIqXNG-FomrO-7ywes20CBCRM2Hcm7EJSh3UUw1dO-c_uTflUrtgY1i7uBRezj_DpympmEFkfbQY\/s1600\/logo-principal2.jpg\" width=\"100%\" height=\"100\" \/><\/a><!--bestpublic-voz03--><!--desk-in-out-voz03--><br \/>\n<!--publicidad-voz04--><a href=\"https:\/\/www.facebook.com\/profile.php?id=61557370768692&amp;locale=es_ES\"><img decoding=\"async\" class=\"alignnone size-medium\" src=\"https:\/\/blogger.googleusercontent.com\/img\/b\/R29vZ2xl\/AVvXsEgy5RdcfffrnrItnYTcV9bCJjgJwldsQLWssfVfrLbyfXeBNTFKgBf0rMIvhrUaGUhiXzVr9_eQgCbi-j63ZDpfTvLIty9w7s140y-m1yHe7eKmEK7v2NAHUJDVYGdfeiQFeRCqUjdwWmN1MX_AUxxz4IVdJ4WIM0APxit8bjWkXzrnEFGqBvW_1F13H1g\/s1600\/logo-principal5.jpg\" width=\"100%\" height=\"100\" \/><\/a><!--bestpublic-voz04--><!--desk-in-out-voz04--><br \/>\n<!--publicidad-voz05--><a href=\"https:\/\/www.facebook.com\/asociaciontamborileroshellin?locale=es_ES\"><img decoding=\"async\" class=\"alignnone size-medium\" src=\"https:\/\/blogger.googleusercontent.com\/img\/b\/R29vZ2xl\/AVvXsEhHEEpZsKK1VpwiYMrS7aE2ujtqIDZoLd4B5wtbiseSU9s2HdTdQfhF84So2XwEB1fv0BLw95GADm6hUl1bkKtzh-eIgVigXONuu_5RxeIMPhjk8q6uNX4EaEHbooKkbu7pCADWPpVJjhKIH5NQSJpWqedC-YBez4QAQeJYokkLot9bhrIaUAeztsGis6M\/s1600\/logo-principal3.jpg\" width=\"100%\" height=\"100\" \/><\/a><!--bestpublic-voz05--><!--desk-in-out-voz05--><br \/>\n<!--publicidad-voz06--><!--bestpublic-voz06--><!--desk-in-out-voz06--><br \/>\n<!--publicidad-voz07--><!--bestpublic-voz07--><!--desk-in-out-voz07--><br \/>\n<!--publicidad-voz08--><!--bestpublic-voz08--><!--desk-in-out-voz08--><br \/>\n<!--publicidad-voz09--><!--bestpublic-voz09--><!--desk-in-out-voz09--><br \/>\n<!--publicidad-voz10--><!--bestpublic-voz10--><!--desk-in-out-voz10--><br \/>\n<!--publicidad-voz11--><!--bestpublic-voz11--><!--desk-in-out-voz11--><br \/>\n<!--publicidad-voz12--><!--bestpublic-voz12--><!--desk-in-out-voz12--><br \/>\n<!--publicidad-voz13--><!--bestpublic-voz13--><!--desk-in-out-voz13--><br \/>\n<!--publicidad-voz14--><!--bestpublic-voz14--><!--desk-in-out-voz14--><br \/>\n<!--publicidad-voz15--><!--bestpublic-voz15--><!--desk-in-out-voz15--><br \/>\n<!--publicidad-voz16--><!--bestpublic-voz16--><!--desk-in-out-voz16--><\/p>\n","protected":false},"excerpt":{"rendered":"<p>La Diputaci\u00f3n de Albacete ha acogido la presentaci\u00f3n de las XVII jornadas sociales sobre \u2018Elaboraci\u00f3n de duelo\u2019 que organiza anualmente Talitha (Asociaci\u00f3n de ayuda en el proceso de duelo).<\/p>\n","protected":false},"author":2,"featured_media":148869,"comment_status":"closed","ping_status":"closed","sticky":false,"template":"","format":"standard","meta":{"footnotes":""},"categories":[753,718,715,716,717],"tags":[],"class_list":["post-148868","post","type-post","status-publish","format-standard","has-post-thumbnail","hentry","category-blog-lv034","category-blogger","category-la-voz-de-hellin","category-la-voz-de-hellin-la-voz-de-hellin","category-noticias"],"_links":{"self":[{"href":"https:\/\/lavozdehellin.com\/noticias\/wp-json\/wp\/v2\/posts\/148868","targetHints":{"allow":["GET"]}}],"collection":[{"href":"https:\/\/lavozdehellin.com\/noticias\/wp-json\/wp\/v2\/posts"}],"about":[{"href":"https:\/\/lavozdehellin.com\/noticias\/wp-json\/wp\/v2\/types\/post"}],"author":[{"embeddable":true,"href":"https:\/\/lavozdehellin.com\/noticias\/wp-json\/wp\/v2\/users\/2"}],"replies":[{"embeddable":true,"href":"https:\/\/lavozdehellin.com\/noticias\/wp-json\/wp\/v2\/comments?post=148868"}],"version-history":[{"count":0,"href":"https:\/\/lavozdehellin.com\/noticias\/wp-json\/wp\/v2\/posts\/148868\/revisions"}],"wp:featuredmedia":[{"embeddable":true,"href":"https:\/\/lavozdehellin.com\/noticias\/wp-json\/wp\/v2\/media\/148869"}],"wp:attachment":[{"href":"https:\/\/lavozdehellin.com\/noticias\/wp-json\/wp\/v2\/media?parent=148868"}],"wp:term":[{"taxonomy":"category","embeddable":true,"href":"https:\/\/lavozdehellin.com\/noticias\/wp-json\/wp\/v2\/categories?post=148868"},{"taxonomy":"post_tag","embeddable":true,"href":"https:\/\/lavozdehellin.com\/noticias\/wp-json\/wp\/v2\/tags?post=148868"}],"curies":[{"name":"wp","href":"https:\/\/api.w.org\/{rel}","templated":true}]}}