{"id":148871,"date":"2024-03-05T16:51:37","date_gmt":"2024-03-05T15:51:37","guid":{"rendered":"https:\/\/lavozdehellin.com\/noticias\/?p=148871"},"modified":"2024-03-06T13:49:35","modified_gmt":"2024-03-06T12:49:35","slug":"v08-332-la-diputacion-de-albacete-y-el-ayuntamiento-reciben-una-biznaga-honorifica-en-el-festival-de-cine-de-malaga-por-su-apoyo-al-talento-y-la-creacion-cinematografica-a-traves-de-abycine","status":"publish","type":"post","link":"https:\/\/lavozdehellin.com\/noticias\/v08-332-la-diputacion-de-albacete-y-el-ayuntamiento-reciben-una-biznaga-honorifica-en-el-festival-de-cine-de-malaga-por-su-apoyo-al-talento-y-la-creacion-cinematografica-a-traves-de-abycine\/","title":{"rendered":"LVH NOTICIAS | LA DIPUTACI\u00d3N DE ALBACETE Y EL AYUNTAMIENTO RECIBEN UNA BIZNAGA HONOR\u00cdFICA EN EL FESTIVAL DE CINE DE M\u00c1LAGA POR SU APOYO AL TALENTO Y LA CREACI\u00d3N CINEMATOGR\u00c1FICA A TRAV\u00c9S DE ABYCINE"},"content":{"rendered":"<p style=\"text-align: justify;\">En un acto lleno de simbolismo y hermandad cultural, el presidente de la Diputaci\u00f3n y el alcalde de Albacete han recibido una Biznaga honor\u00edfica del Festival de Cine de M\u00e1laga, MAFIZ.<\/p>\n<p><!--more--><br \/>\n<!--publicidad-voz01--><a href=\"https:\/\/www.facebook.com\/SoloRadioHellin\/?locale=es_ES\"><img decoding=\"async\" class=\"alignnone size-medium\" src=\"https:\/\/blogger.googleusercontent.com\/img\/b\/R29vZ2xl\/AVvXsEiNncirNnyGedv00mhjZjh5Wl4_YPdJGanoAl8tL8zH-HwqE8uHqjEfSt340RHdx-9tuCSIkZ8rFamZiGyYlgDGxCsmXjCH_1xk5eYM3ntFZRvJP_jndOKR7w1UAo9Tu0vrZyOLfqRpHIxYI5SymJJ-pfGCQw6QVpggBH-UgfjiFQ2JOxqxG0Jx94kW83c\/s1600\/logo-principal.jpg\" width=\"100%\" height=\"100\" \/><\/a><!--bestpublic-voz01--><!--desk-in-out-voz01--><br \/>\n<!--publicidad-voz02--><a href=\"https:\/\/www.hellincf.com\/\"><img decoding=\"async\" class=\"alignnone size-medium\" src=\"https:\/\/blogger.googleusercontent.com\/img\/b\/R29vZ2xl\/AVvXsEhuZ4-XfBVj3UtdP8-RZugy3WVrg-Zv28c53m4oV47qYCxL1rX_dqWX_YddsGSnpH5SRDqZ7bZeKPIfDVCDncpjVlhy3aQs2vojcJBn7Gdv9hC2_Nzct_pRFrnFE1a7KTCdY1bT_kAgnY3-iadRZrGeJf1fR2P5fu11bokx0pWjaypoy-ctwCjklldpEbA\/s1600\/logo-principal7.jpg\" width=\"100%\" height=\"100\" \/><\/a><!--bestpublic-voz02--><!--desk-in-out-voz02--><\/p>\n<p style=\"text-align: justify;\">La entrega, que ha tenido lugar en el marco que sirve de sede al \u00c1rea de Industria del Festival, ha \u2018estrechado lazos\u2019 en la profunda conexi\u00f3n entre el Festival Internacional de Cine de Albacete, Abycine, y el universo cinematogr\u00e1fico que cada a\u00f1o congrega M\u00e1laga.<\/p>\n<p style=\"text-align: justify;\">Santi Caba\u00f1ero ha asistido a la cita, adem\u00e1s de con Manuel Serrano, junto al director de Abycine, Jos\u00e9 Manuel Zamora y con el diputado de Educaci\u00f3n y Cultura, Miguel Zamora y la diputada de Cultura del Ayuntamiento de Albacete, Elena Serrall\u00e9, completando la delegaci\u00f3n albacetense que ha acudido a M\u00e1laga.<\/p>\n<p style=\"text-align: justify;\">La jornada comenzaba con un c\u00e1lido recibimiento por parte tanto de Juan Antonio Vigar, director del Festival de M\u00e1laga, como de Francisco de la Torre, alcalde de la localidad, teniendo ocasi\u00f3n de visitar con ellos el MAFIZ y a su \u00c1rea de Industria, donde Caba\u00f1ero y el resto de representantes institucionales han podido explorar los stands y las propuestas cinematogr\u00e1ficas presentes.<\/p>\n<p style=\"text-align: justify;\">En general, el encuentro ha servido de reconocimiento a Abycine: y es que el festival albacetense, cumplida (con la \u00faltima celebrada) su 25\u00aa edici\u00f3n, puede considerarse una especie de \u2018hermano menor\u2019 del Festival malague\u00f1o (que, desde el pasado d\u00eda 1 y hasta el pr\u00f3ximo 10, celebra su cita n\u00famero 27). Como buen aprendiz, Abycine tambi\u00e9n ha sabido ganarse en su recorrido un lugar referente en el panorama del cine, en este caso independiente, gracias a su decidida apuesta por la innovaci\u00f3n y el talento emergentes.<\/p>\n<p style=\"text-align: justify;\">El v\u00ednculo fraterno entre Abycine y el MAFIZ \u2018estrecha lazos\u2019 entre ambas provincias<\/p>\n<p style=\"text-align: justify;\">Y as\u00ed lo han subrayado en el evento, tanto el director del MAFIZ como el alcalde de M\u00e1laga, en las intervenciones que han precedido a la entrega de ese reconocimiento tan especial al presidente de la Diputaci\u00f3n de Albacete y al primer edil municipal, reconociendo el apoyo de sendas instituciones a Abycine y simbolizando tambi\u00e9n el estrecho v\u00ednculo entre ambos festivales.<\/p>\n<p style=\"text-align: justify;\">\u201cEn muy poco tiempo en Abycine han trabajado con mucha coherencia, con mucho rigor, con un planteamiento de mucha seriedad a la hora de indagar y de profundizar en el cine independiente espa\u00f1ol; en este momento, Abycine Lanza es el espacio donde de verdad podemos llegar a \u2018testear\u2019 y a conocer aquellos proyectos que de alguna manera van a protagonizar los siguientes meses en lo que a cine independiente se refiere; prueba de ello es que el Festival de M\u00e1laga siempre est\u00e1 muy pendiente de lo que all\u00ed se va mostrando, y nuestra secci\u00f3n oficial suele nutrirse de pel\u00edcula que hemos visto en fase de proyecto pero cerca de su finalizaci\u00f3n en Albacete\u2026\u201d, ha subrayado Vigar.<\/p>\n<p style=\"text-align: justify;\">\u201cEs importante esa labor que hac\u00e9is en Albacete, fomentando y ayudando a ese cine que surge, que emerge, de gente joven con nuevas ideas y planteamientos creativos que, con el tiempo, ir\u00e1n avanzando\u2026\u201d ha se\u00f1alado De la Torre, satisfecho de que ambos territorios tengan \u201cesta colaboraci\u00f3n que se traduce en el reconocimiento que M\u00e1laga hace a las administraciones por esta labor que hacen de servicio al cine espa\u00f1ol\u201d.<\/p>\n<p style=\"text-align: justify;\">En sus palabras, Santi Caba\u00f1ero ha expresado su profundo agradecimiento por este gesto de hermanamiento, destacando el papel inspirador y referente que el Festival de M\u00e1laga viene siendo desde el primer momento para Abycine. \u00abRecibir esta biznaga es solo un honor y un testimonio del v\u00ednculo, profundo y fraterno, que hay entre nuestros festivales y que invito a profundizar entre nuestras ciudades y provincias,\u00bb ha afirmado.<\/p>\n<p style=\"text-align: justify;\">Caba\u00f1ero subraya el orgullo que le supone a la Diputaci\u00f3n de Albacete liderar el apoyo institucional a Abycine y promover la cultura cinematogr\u00e1fica desde las aulas<\/p>\n<p style=\"text-align: justify;\">El presidente ha subrayado \u201cla convicci\u00f3n\u201d que sujeta el compromiso continuado que la Diputaci\u00f3n tiene con Abycine, liderando con diferencia el apoyo institucional que tiene el festival. Un respaldo que se refleja en una colaboraci\u00f3n que supera los 70.000 euros anuales y que se traduce, adem\u00e1s, en una rica programaci\u00f3n que abarca iniciativas educativas como \u2018Abycinitos\u2019 y \u2018Mi Primer Abycine\u2019, incluyendo los \u2018Encuentros con\u2026\u2019 distintos creadores y creadoras\u2019. Acciones que, como ha puesto en valor Caba\u00f1ero, no s\u00f3lo \u201cimpulsan el talento existente y fomentan el talento futuro\u201d, sino que tambi\u00e9n \u201cpromocionan lo mejor que la provincia de Albacete tiene para ofrecer\u201d, por ejemplo, a trav\u00e9s de esa exitosa secci\u00f3n de \u2018Gastro-experiencias\u2019 que viene ofreciendo Abycine.<\/p>\n<p style=\"text-align: justify;\">Caba\u00f1ero ha resaltado que este reconocimiento que el MAFIZ ha tenido, tanto hacia Abycine como a las instituciones que lo apoyan, es tambi\u00e9n un ejemplo del impacto del cine como herramienta de transformaci\u00f3n social, de educaci\u00f3n y de desarrollo econ\u00f3mico.<\/p>\n<p style=\"text-align: justify;\">El presidente ha reafirmado el apoyo de la Diputaci\u00f3n a Abycine, sabiendo que supone \u201cuna gran inversi\u00f3n en cultura, promoci\u00f3n y dinamismo para la provincia\u201d, comprometi\u00e9ndose a seguir trabajando de la mano con el Ayuntamiento y el Festival de Cine de M\u00e1laga para enriquecer y elevar las artes cinematogr\u00e1ficas, tanto a nivel nacional como internacional, desde las edades m\u00e1s tempranas.<\/p>\n<p><!--publicidad-voz03--><a href=\"https:\/\/www.facebook.com\/profile.php?id=100063593791305&amp;locale=es_ES\"><img decoding=\"async\" class=\"alignnone size-medium\" src=\"https:\/\/blogger.googleusercontent.com\/img\/b\/R29vZ2xl\/AVvXsEi8_n_ll8UOcGxCqzFvb_9Io4ICczlGC990BPtPj2w9Px-u7B3oqWUW5vtjZUqPNJ-nyjiUIorE0ATsib_l5tV8BVN-UJ03RTnU__IHJF_4DgDBtY4LIqXNG-FomrO-7ywes20CBCRM2Hcm7EJSh3UUw1dO-c_uTflUrtgY1i7uBRezj_DpympmEFkfbQY\/s1600\/logo-principal2.jpg\" width=\"100%\" height=\"100\" \/><\/a><!--bestpublic-voz03--><!--desk-in-out-voz03--><br \/>\n<!--publicidad-voz04--><a href=\"https:\/\/www.facebook.com\/profile.php?id=61557370768692&amp;locale=es_ES\"><img decoding=\"async\" class=\"alignnone size-medium\" src=\"https:\/\/blogger.googleusercontent.com\/img\/b\/R29vZ2xl\/AVvXsEgy5RdcfffrnrItnYTcV9bCJjgJwldsQLWssfVfrLbyfXeBNTFKgBf0rMIvhrUaGUhiXzVr9_eQgCbi-j63ZDpfTvLIty9w7s140y-m1yHe7eKmEK7v2NAHUJDVYGdfeiQFeRCqUjdwWmN1MX_AUxxz4IVdJ4WIM0APxit8bjWkXzrnEFGqBvW_1F13H1g\/s1600\/logo-principal5.jpg\" width=\"100%\" height=\"100\" \/><\/a><!--bestpublic-voz04--><!--desk-in-out-voz04--><br \/>\n<!--publicidad-voz05--><a href=\"https:\/\/www.facebook.com\/asociaciontamborileroshellin?locale=es_ES\"><img decoding=\"async\" class=\"alignnone size-medium\" src=\"https:\/\/blogger.googleusercontent.com\/img\/b\/R29vZ2xl\/AVvXsEhHEEpZsKK1VpwiYMrS7aE2ujtqIDZoLd4B5wtbiseSU9s2HdTdQfhF84So2XwEB1fv0BLw95GADm6hUl1bkKtzh-eIgVigXONuu_5RxeIMPhjk8q6uNX4EaEHbooKkbu7pCADWPpVJjhKIH5NQSJpWqedC-YBez4QAQeJYokkLot9bhrIaUAeztsGis6M\/s1600\/logo-principal3.jpg\" width=\"100%\" height=\"100\" \/><\/a><!--bestpublic-voz05--><!--desk-in-out-voz05--><br \/>\n<!--publicidad-voz06--><!--bestpublic-voz06--><!--desk-in-out-voz06--><br \/>\n<!--publicidad-voz07--><!--bestpublic-voz07--><!--desk-in-out-voz07--><br \/>\n<!--publicidad-voz08--><!--bestpublic-voz08--><!--desk-in-out-voz08--><br \/>\n<!--publicidad-voz09--><!--bestpublic-voz09--><!--desk-in-out-voz09--><br \/>\n<!--publicidad-voz10--><!--bestpublic-voz10--><!--desk-in-out-voz10--><br \/>\n<!--publicidad-voz11--><!--bestpublic-voz11--><!--desk-in-out-voz11--><br \/>\n<!--publicidad-voz12--><!--bestpublic-voz12--><!--desk-in-out-voz12--><br \/>\n<!--publicidad-voz13--><!--bestpublic-voz13--><!--desk-in-out-voz13--><br \/>\n<!--publicidad-voz14--><!--bestpublic-voz14--><!--desk-in-out-voz14--><br \/>\n<!--publicidad-voz15--><!--bestpublic-voz15--><!--desk-in-out-voz15--><br \/>\n<!--publicidad-voz16--><!--bestpublic-voz16--><!--desk-in-out-voz16--><\/p>\n","protected":false},"excerpt":{"rendered":"<p>En un acto lleno de simbolismo y hermandad cultural, el presidente de la Diputaci\u00f3n y el alcalde de Albacete han recibido una Biznaga honor\u00edfica del Festival de Cine de M\u00e1laga,&#8230;<\/p>\n","protected":false},"author":2,"featured_media":148872,"comment_status":"closed","ping_status":"closed","sticky":false,"template":"","format":"standard","meta":{"footnotes":""},"categories":[753,718,715,716,717],"tags":[],"class_list":["post-148871","post","type-post","status-publish","format-standard","has-post-thumbnail","hentry","category-blog-lv034","category-blogger","category-la-voz-de-hellin","category-la-voz-de-hellin-la-voz-de-hellin","category-noticias"],"_links":{"self":[{"href":"https:\/\/lavozdehellin.com\/noticias\/wp-json\/wp\/v2\/posts\/148871","targetHints":{"allow":["GET"]}}],"collection":[{"href":"https:\/\/lavozdehellin.com\/noticias\/wp-json\/wp\/v2\/posts"}],"about":[{"href":"https:\/\/lavozdehellin.com\/noticias\/wp-json\/wp\/v2\/types\/post"}],"author":[{"embeddable":true,"href":"https:\/\/lavozdehellin.com\/noticias\/wp-json\/wp\/v2\/users\/2"}],"replies":[{"embeddable":true,"href":"https:\/\/lavozdehellin.com\/noticias\/wp-json\/wp\/v2\/comments?post=148871"}],"version-history":[{"count":0,"href":"https:\/\/lavozdehellin.com\/noticias\/wp-json\/wp\/v2\/posts\/148871\/revisions"}],"wp:featuredmedia":[{"embeddable":true,"href":"https:\/\/lavozdehellin.com\/noticias\/wp-json\/wp\/v2\/media\/148872"}],"wp:attachment":[{"href":"https:\/\/lavozdehellin.com\/noticias\/wp-json\/wp\/v2\/media?parent=148871"}],"wp:term":[{"taxonomy":"category","embeddable":true,"href":"https:\/\/lavozdehellin.com\/noticias\/wp-json\/wp\/v2\/categories?post=148871"},{"taxonomy":"post_tag","embeddable":true,"href":"https:\/\/lavozdehellin.com\/noticias\/wp-json\/wp\/v2\/tags?post=148871"}],"curies":[{"name":"wp","href":"https:\/\/api.w.org\/{rel}","templated":true}]}}