{"id":148874,"date":"2024-03-05T13:41:58","date_gmt":"2024-03-05T12:41:58","guid":{"rendered":"https:\/\/lavozdehellin.com\/noticias\/?p=148874"},"modified":"2024-03-06T13:49:35","modified_gmt":"2024-03-06T12:49:35","slug":"v08-331-albacete-sera-la-capital-europea-del-baloncesto-en-silla-de-ruedas-al-acoger-los-cuartos-de-final-de-la-copa-de-europa-con-la-participacion-del-amiab","status":"publish","type":"post","link":"https:\/\/lavozdehellin.com\/noticias\/v08-331-albacete-sera-la-capital-europea-del-baloncesto-en-silla-de-ruedas-al-acoger-los-cuartos-de-final-de-la-copa-de-europa-con-la-participacion-del-amiab\/","title":{"rendered":"LVH NOTICIAS | ALBACETE SER\u00c1 LA CAPITAL EUROPEA DEL BALONCESTO EN SILLA DE RUEDAS AL ACOGER LOS CUARTOS DE FINAL DE LA COPA DE EUROPA CON LA PARTICIPACI\u00d3N DEL AMIAB"},"content":{"rendered":"<p style=\"text-align: justify;\">El diputado de Deportes, Daniel Sancha, ha participado en la rueda de prensa de presentaci\u00f3n de la pr\u00f3xima celebraci\u00f3n en la ciudad de Albacete de los cuartos de final de la Copa de Europa de Baloncesto en Silla de Ruedas.<\/p>\n<p><!--more--><br \/>\n<!--publicidad-voz01--><a href=\"https:\/\/www.facebook.com\/SoloRadioHellin\/?locale=es_ES\"><img decoding=\"async\" class=\"alignnone size-medium\" src=\"https:\/\/blogger.googleusercontent.com\/img\/b\/R29vZ2xl\/AVvXsEiNncirNnyGedv00mhjZjh5Wl4_YPdJGanoAl8tL8zH-HwqE8uHqjEfSt340RHdx-9tuCSIkZ8rFamZiGyYlgDGxCsmXjCH_1xk5eYM3ntFZRvJP_jndOKR7w1UAo9Tu0vrZyOLfqRpHIxYI5SymJJ-pfGCQw6QVpggBH-UgfjiFQ2JOxqxG0Jx94kW83c\/s1600\/logo-principal.jpg\" width=\"100%\" height=\"100\" \/><\/a><!--bestpublic-voz01--><!--desk-in-out-voz01--><br \/>\n<!--publicidad-voz02--><a href=\"https:\/\/www.hellincf.com\/\"><img decoding=\"async\" class=\"alignnone size-medium\" src=\"https:\/\/blogger.googleusercontent.com\/img\/b\/R29vZ2xl\/AVvXsEhuZ4-XfBVj3UtdP8-RZugy3WVrg-Zv28c53m4oV47qYCxL1rX_dqWX_YddsGSnpH5SRDqZ7bZeKPIfDVCDncpjVlhy3aQs2vojcJBn7Gdv9hC2_Nzct_pRFrnFE1a7KTCdY1bT_kAgnY3-iadRZrGeJf1fR2P5fu11bokx0pWjaypoy-ctwCjklldpEbA\/s1600\/logo-principal7.jpg\" width=\"100%\" height=\"100\" \/><\/a><!--bestpublic-voz02--><!--desk-in-out-voz02--><\/p>\n<p style=\"text-align: justify;\">Lo ha hecho acompa\u00f1ado del edil de Deportes en el Ayuntamiento de Albacete, Fransico Villaescusa; del delegado de la Junta en Albacete, Pedro Antonio Ruiz Santos; del director deportivo de Amiab, Juan Miguel Cano; del vicepresidente del Amiab, Jos\u00e9 Carlos Jurado Bachiller; y del entrenador del BSR Amiab Albacete, Abraham Carri\u00f3n.<\/p>\n<p style=\"text-align: justify;\">La provincia que m\u00e1s invierte en deporte<\/p>\n<p style=\"text-align: justify;\">El diputado ha mostrado su orgullo por esta presentaci\u00f3n de otro de esos \u201cgrandes eventos\u201d que fomentan la actividad deportiva en todos los rincones y que nos hacen \u00abun ejemplo, porque somos la provincia que m\u00e1s invierte en deporte y que m\u00e1s eventos deportivos trae de toda Castilla-La Mancha\u00bb.<\/p>\n<p style=\"text-align: justify;\">Sancha ha agradecido a todo el staff, equipo y jugadores del BSR Amiab, por \u00abel gran trabajo que hacen por dar visibilidad al deporte inclusivo\u00bb y por los \u00e9xitos deportivos de estos a\u00f1os, claves para hacer que \u201ctoda la provincia de Albacete se vuelque con el Amiab y aumente esa visibilidad a una disciplina que sigue creciendo y que tiene a todo un campe\u00f3n de Europa en la ciudad de Albacete\u201d, lo que es \u00abtodo un orgullo\u00bb.<\/p>\n<p style=\"text-align: justify;\">En un a\u00f1o en el que Albacete ser\u00e1 \u00abreferente mundial del baloncesto en silla de ruedas\u201d, ha reiterado el apoyo de la Diputaci\u00f3n, que seguir\u00e1 estando cerca del BSR Amiab, tambi\u00e9n con los convenios de colaboraci\u00f3n que ambas partes suscriben a lo largo de cada a\u00f1o.<\/p>\n<p style=\"text-align: justify;\">Dani Sancha ha hecho extensivo su agradecimiento al resto de administraciones y de entidades colaboradoras que hacen posible \u00abque tantos eventos del primer nivel lleguen a la provincia de Albacete y que repercutan de manera directa, no solamente en el deporte, sino tambi\u00e9n en la econom\u00eda local de las ciudades\u00bb.<br \/>\nVillaescusa resalta el potente calendario de citas deportivas que se disfruta en Albacete<\/p>\n<p style=\"text-align: justify;\">En esa l\u00ednea, Fransico Villaescusa ha puesto en valor la importancia de esta competici\u00f3n deportiva que acoger\u00e1 nuestra ciudad durante el pr\u00f3ximo fin de semana: \u201cHace diez d\u00edas celebr\u00e1bamos un torneo del m\u00e1s alto nivel nacional, como es el Campeonato de Espa\u00f1a de Duatl\u00f3n, y ahora subimos un pelda\u00f1o m\u00e1s y nos vamos al m\u00e1s alto nivel europeo, con los cuartos de final de la Champions en BSR. Y adem\u00e1s, con la suerte de contar con el vigente Campe\u00f3n de Europa, que no es otro que nuestro Amiab BSR que adem\u00e1s ejerce como anfitri\u00f3n\u201d.<\/p>\n<p style=\"text-align: justify;\">El concejal ha recordado que \u201cel propio BSR Amiab, que naci\u00f3 hace 30 a\u00f1os casi como un grupo de amigos y se ha consolidado como el mejor equipo de Europa, ha bautizado este evento como su \u2018Semana Europea\u2019. Y es cierto, pero esto es s\u00f3lo un anticipo de lo que vendr\u00e1 despu\u00e9s, el pr\u00f3ximo mes de mayo con la Final, un evento que ya se est\u00e1 preparando con cari\u00f1o y minuciosidad\u201d.<\/p>\n<p style=\"text-align: justify;\">No obstante, Villaescusa se\u00f1al\u00f3 que \u201cprimero hay que pasar esta eliminatoria, y no va a ser f\u00e1cil, los rivales tambi\u00e9n esperan llegar a la final y, adem\u00e1s, son equipos del m\u00e1ximo nivel como BidaideaK Bilbao, GSD Porto Torres de Italia, y RSV Lahn-Dill de Alemania\u201d.<\/p>\n<p style=\"text-align: justify;\">El Pabell\u00f3n de Lepanto \u201cse vestir\u00e1 de gala\u201d para recibir el siguiente cuadro de partidos:<\/p>\n<p style=\"text-align: justify;\">Viernes 8, 16:30 horas: Porto Torres \u2013 Lahn-Dill<\/p>\n<p style=\"text-align: justify;\">Viernes 8, 19:00 horas: Amiab \u2013 Bidaideak Bilbao<\/p>\n<p style=\"text-align: justify;\">S\u00e1bado 9, 16:30 horas, Lahn-Dill \u2013 Bidaideak Bilbao<\/p>\n<p style=\"text-align: justify;\">S\u00e1bado 9, 19:00 horas, Porto Torres \u2013 Amiab<\/p>\n<p style=\"text-align: justify;\">Domingo 10, 10:00 horas, Bidaideak \u2013 Porto Torres<\/p>\n<p style=\"text-align: justify;\">Domingo 10, 12:30 horas, Amiab \u2013 Lahn-Dill<\/p>\n<p style=\"text-align: justify;\">La entrada a todos los partidos es gratuita, y el concejal ha recalcado que \u201cesperamos un lleno los tres d\u00edas porque, insisto, estamos hablando de una Champions\u201d.<\/p>\n<p style=\"text-align: justify;\">Los dirigentes han concluido felicitando una vez m\u00e1s al BSR Amiab, todo un ejemplo de que el deporte adaptado puede consolidarse y profesionalizarse para llegar a las m\u00e1s altas cotas de competici\u00f3n. Son un orgullo para la ciudad y la provincia para las personas con distintas capacidades y para el deporte en general.<\/p>\n<p style=\"text-align: justify;\">Adem\u00e1s, han puesto en valor que, una vez m\u00e1s, se demuestra la sinton\u00eda que existe en materia deportiva entre las distintas instituciones.<\/p>\n<p style=\"text-align: justify;\">Los responsables de Amiab tambi\u00e9n han destacado la importancia del torneo del pr\u00f3ximo fin de semana y han agradecido la colaboraci\u00f3n de todas las administraciones. El director deportivo del club, Juan Miguel Cano, ha anunciado que \u201cestamos trabajando para organizar un torneo internacional de selecciones absolutas preparatorio para las Olimpiadas. Albacete es ya un referente mundial del baloncesto en silla de ruedas, y queremos que siga siendo as\u00ed\u201d.<\/p>\n<p style=\"text-align: justify;\">El Gobierno regional est\u00e1 involucrado con el deporte inclusivo<\/p>\n<p style=\"text-align: justify;\">En su intervenci\u00f3n, el delegado de la Junta en Albacete ha mostrado su deseo de que \u201csigamos reeditando esas victorias que nos han hecho ser el mejor equipo del mundo\u201d.<\/p>\n<p style=\"text-align: justify;\">Pedro Antonio Ruiz Santos ha remarcado que \u201cAlbacete y Castilla-La Mancha tienen con el Amiab el mejor equipo, porque adem\u00e1s, no solamente hablamos de deporte, sino que estamos halando de deporte inclusivo. Gracias a iniciativas como \u00e9sta se visualiza tambi\u00e9n la lucha por un logro en igualdad. No podemos hablar de discapacidad, ni mucho menos, son capacidades distintas que hay que vencer, y se vence y se gana\u201d.<\/p>\n<p style=\"text-align: justify;\">El delegado de la Junta ha concluido afirmando \u201cpor eso el Gobierno de Castilla-La Mancha est\u00e1 muy involucrado en esos logros: a veces no solamente es que el bal\u00f3n entre por la canasta, sino que cada d\u00eda que Amiab abre la puerta, son miles de personas las que trabajan en una actividad econ\u00f3mica muy potente. Y tambi\u00e9n aporta una visibilidad que hace que el deporte inclusivo sea una muestra m\u00e1s de c\u00f3mo se trabaja en materia de discapacidad en nuestra regi\u00f3n\u201d.<\/p>\n<p><!--publicidad-voz03--><a href=\"https:\/\/www.facebook.com\/profile.php?id=100063593791305&amp;locale=es_ES\"><img decoding=\"async\" class=\"alignnone size-medium\" src=\"https:\/\/blogger.googleusercontent.com\/img\/b\/R29vZ2xl\/AVvXsEi8_n_ll8UOcGxCqzFvb_9Io4ICczlGC990BPtPj2w9Px-u7B3oqWUW5vtjZUqPNJ-nyjiUIorE0ATsib_l5tV8BVN-UJ03RTnU__IHJF_4DgDBtY4LIqXNG-FomrO-7ywes20CBCRM2Hcm7EJSh3UUw1dO-c_uTflUrtgY1i7uBRezj_DpympmEFkfbQY\/s1600\/logo-principal2.jpg\" width=\"100%\" height=\"100\" \/><\/a><!--bestpublic-voz03--><!--desk-in-out-voz03--><br \/>\n<!--publicidad-voz04--><a href=\"https:\/\/www.facebook.com\/profile.php?id=61557370768692&amp;locale=es_ES\"><img decoding=\"async\" class=\"alignnone size-medium\" src=\"https:\/\/blogger.googleusercontent.com\/img\/b\/R29vZ2xl\/AVvXsEgy5RdcfffrnrItnYTcV9bCJjgJwldsQLWssfVfrLbyfXeBNTFKgBf0rMIvhrUaGUhiXzVr9_eQgCbi-j63ZDpfTvLIty9w7s140y-m1yHe7eKmEK7v2NAHUJDVYGdfeiQFeRCqUjdwWmN1MX_AUxxz4IVdJ4WIM0APxit8bjWkXzrnEFGqBvW_1F13H1g\/s1600\/logo-principal5.jpg\" width=\"100%\" height=\"100\" \/><\/a><!--bestpublic-voz04--><!--desk-in-out-voz04--><br \/>\n<!--publicidad-voz05--><a href=\"https:\/\/www.facebook.com\/asociaciontamborileroshellin?locale=es_ES\"><img decoding=\"async\" class=\"alignnone size-medium\" src=\"https:\/\/blogger.googleusercontent.com\/img\/b\/R29vZ2xl\/AVvXsEhHEEpZsKK1VpwiYMrS7aE2ujtqIDZoLd4B5wtbiseSU9s2HdTdQfhF84So2XwEB1fv0BLw95GADm6hUl1bkKtzh-eIgVigXONuu_5RxeIMPhjk8q6uNX4EaEHbooKkbu7pCADWPpVJjhKIH5NQSJpWqedC-YBez4QAQeJYokkLot9bhrIaUAeztsGis6M\/s1600\/logo-principal3.jpg\" width=\"100%\" height=\"100\" \/><\/a><!--bestpublic-voz05--><!--desk-in-out-voz05--><br \/>\n<!--publicidad-voz06--><!--bestpublic-voz06--><!--desk-in-out-voz06--><br \/>\n<!--publicidad-voz07--><!--bestpublic-voz07--><!--desk-in-out-voz07--><br \/>\n<!--publicidad-voz08--><!--bestpublic-voz08--><!--desk-in-out-voz08--><br \/>\n<!--publicidad-voz09--><!--bestpublic-voz09--><!--desk-in-out-voz09--><br \/>\n<!--publicidad-voz10--><!--bestpublic-voz10--><!--desk-in-out-voz10--><br \/>\n<!--publicidad-voz11--><!--bestpublic-voz11--><!--desk-in-out-voz11--><br \/>\n<!--publicidad-voz12--><!--bestpublic-voz12--><!--desk-in-out-voz12--><br \/>\n<!--publicidad-voz13--><!--bestpublic-voz13--><!--desk-in-out-voz13--><br \/>\n<!--publicidad-voz14--><!--bestpublic-voz14--><!--desk-in-out-voz14--><br \/>\n<!--publicidad-voz15--><!--bestpublic-voz15--><!--desk-in-out-voz15--><br \/>\n<!--publicidad-voz16--><!--bestpublic-voz16--><!--desk-in-out-voz16--><\/p>\n","protected":false},"excerpt":{"rendered":"<p>El diputado de Deportes, Daniel Sancha, ha participado en la rueda de prensa de presentaci\u00f3n de la pr\u00f3xima celebraci\u00f3n en la ciudad de Albacete de los cuartos de final de&#8230;<\/p>\n","protected":false},"author":2,"featured_media":148875,"comment_status":"closed","ping_status":"closed","sticky":false,"template":"","format":"standard","meta":{"footnotes":""},"categories":[753,718,715,716,717],"tags":[],"class_list":["post-148874","post","type-post","status-publish","format-standard","has-post-thumbnail","hentry","category-blog-lv034","category-blogger","category-la-voz-de-hellin","category-la-voz-de-hellin-la-voz-de-hellin","category-noticias"],"_links":{"self":[{"href":"https:\/\/lavozdehellin.com\/noticias\/wp-json\/wp\/v2\/posts\/148874","targetHints":{"allow":["GET"]}}],"collection":[{"href":"https:\/\/lavozdehellin.com\/noticias\/wp-json\/wp\/v2\/posts"}],"about":[{"href":"https:\/\/lavozdehellin.com\/noticias\/wp-json\/wp\/v2\/types\/post"}],"author":[{"embeddable":true,"href":"https:\/\/lavozdehellin.com\/noticias\/wp-json\/wp\/v2\/users\/2"}],"replies":[{"embeddable":true,"href":"https:\/\/lavozdehellin.com\/noticias\/wp-json\/wp\/v2\/comments?post=148874"}],"version-history":[{"count":0,"href":"https:\/\/lavozdehellin.com\/noticias\/wp-json\/wp\/v2\/posts\/148874\/revisions"}],"wp:featuredmedia":[{"embeddable":true,"href":"https:\/\/lavozdehellin.com\/noticias\/wp-json\/wp\/v2\/media\/148875"}],"wp:attachment":[{"href":"https:\/\/lavozdehellin.com\/noticias\/wp-json\/wp\/v2\/media?parent=148874"}],"wp:term":[{"taxonomy":"category","embeddable":true,"href":"https:\/\/lavozdehellin.com\/noticias\/wp-json\/wp\/v2\/categories?post=148874"},{"taxonomy":"post_tag","embeddable":true,"href":"https:\/\/lavozdehellin.com\/noticias\/wp-json\/wp\/v2\/tags?post=148874"}],"curies":[{"name":"wp","href":"https:\/\/api.w.org\/{rel}","templated":true}]}}