{"id":148877,"date":"2024-03-05T13:40:58","date_gmt":"2024-03-05T12:40:58","guid":{"rendered":"https:\/\/lavozdehellin.com\/noticias\/?p=148877"},"modified":"2024-03-06T13:49:35","modified_gmt":"2024-03-06T12:49:35","slug":"v08-330-la-diputacion-de-albacete-invierte-en-valdeganga-a-traves-de-sus-ultimos-pos-cerca-de-160-000-e-en-mejoras-en-la-red-de-abastecimiento-y-en-la-pavimentacion-de-diferentes-calles","status":"publish","type":"post","link":"https:\/\/lavozdehellin.com\/noticias\/v08-330-la-diputacion-de-albacete-invierte-en-valdeganga-a-traves-de-sus-ultimos-pos-cerca-de-160-000-e-en-mejoras-en-la-red-de-abastecimiento-y-en-la-pavimentacion-de-diferentes-calles\/","title":{"rendered":"LVH NOTICIAS | LA DIPUTACI\u00d3N DE ALBACETE INVIERTE EN VALDEGANGA, A TRAV\u00c9S DE SUS \u00daLTIMOS POS, CERCA DE 160.000 \u20ac EN MEJORAS EN LA RED DE ABASTECIMIENTO Y EN LA PAVIMENTACI\u00d3N DE DIFERENTES CALLES"},"content":{"rendered":"<p style=\"text-align: justify;\">La Diputaci\u00f3n de Albacete contin\u00faa impulsando actuaciones de mejora en servicios e infraestructuras municipales en el conjunto de la provincia, facilitando la gesti\u00f3n diaria de los Ayuntamientos y mejorando la calidad de vida de la poblaci\u00f3n.<\/p>\n<p><!--more--><br \/>\n<!--publicidad-voz01--><a href=\"https:\/\/www.facebook.com\/SoloRadioHellin\/?locale=es_ES\"><img decoding=\"async\" class=\"alignnone size-medium\" src=\"https:\/\/blogger.googleusercontent.com\/img\/b\/R29vZ2xl\/AVvXsEiNncirNnyGedv00mhjZjh5Wl4_YPdJGanoAl8tL8zH-HwqE8uHqjEfSt340RHdx-9tuCSIkZ8rFamZiGyYlgDGxCsmXjCH_1xk5eYM3ntFZRvJP_jndOKR7w1UAo9Tu0vrZyOLfqRpHIxYI5SymJJ-pfGCQw6QVpggBH-UgfjiFQ2JOxqxG0Jx94kW83c\/s1600\/logo-principal.jpg\" width=\"100%\" height=\"100\" \/><\/a><!--bestpublic-voz01--><!--desk-in-out-voz01--><br \/>\n<!--publicidad-voz02--><a href=\"https:\/\/www.hellincf.com\/\"><img decoding=\"async\" class=\"alignnone size-medium\" src=\"https:\/\/blogger.googleusercontent.com\/img\/b\/R29vZ2xl\/AVvXsEhuZ4-XfBVj3UtdP8-RZugy3WVrg-Zv28c53m4oV47qYCxL1rX_dqWX_YddsGSnpH5SRDqZ7bZeKPIfDVCDncpjVlhy3aQs2vojcJBn7Gdv9hC2_Nzct_pRFrnFE1a7KTCdY1bT_kAgnY3-iadRZrGeJf1fR2P5fu11bokx0pWjaypoy-ctwCjklldpEbA\/s1600\/logo-principal7.jpg\" width=\"100%\" height=\"100\" \/><\/a><!--bestpublic-voz02--><!--desk-in-out-voz02--><\/p>\n<p style=\"text-align: justify;\">Una realidad que el vicepresidente de la instituci\u00f3n y responsable de Obras, Fran Valera, ha vuelto a comprobar durante su visita a Valdeganga.<\/p>\n<p style=\"text-align: justify;\">Junto al alcalde, Ferm\u00edn G\u00f3mez (diputado provincial del Grupo Popular), y otros miembros de la Corporaci\u00f3n Municipal, Valera ha supervisado la ejecuci\u00f3n de los trabajos que se est\u00e1n llevando a cabo en diferentes calles de la localidad, donde se est\u00e1 procediendo al asfaltado, acerado y a la renovaci\u00f3n y modernizaci\u00f3n del sistema de abastecimiento de agua, dando respuesta a la problem\u00e1tica que exist\u00eda en cada zona debido al deterioro del pavimento y al mal estado de las tuber\u00edas, que est\u00e1n siendo sustituidas.<\/p>\n<p style=\"text-align: justify;\">Se trata de las calles Larga, Cruces, Vereda y Ceja, donde, adem\u00e1s, est\u00e1 prevista la realizaci\u00f3n de un muro de contenci\u00f3n en el mirador que hay en la propia v\u00eda, a lo que se une una actuaci\u00f3n en un tramo de la Cuesta Blanca.<\/p>\n<p style=\"text-align: justify;\">Estas acciones, realizadas con cargo a los \u00faltimos Planes de Obras y Servicios de la Diputaci\u00f3n de Albacete, han supuesto una inversi\u00f3n cercana a los 160.000 \u20ac, de los que la instituci\u00f3n provincial asume en torno al 90% del importe total y el consistorio local la parte restante.<\/p>\n<p style=\"text-align: justify;\">Una vez finalizadas las obras, el resultado de las mismas dar\u00e1 lugar a una importante transformaci\u00f3n en las distintas \u00e1reas beneficiadas tanto en materia de seguridad para peatones y tr\u00e1fico rodado, como en lo relativo a la propia est\u00e9tica de la localidad. Lo que favorecer\u00e1, en la pr\u00e1ctica, las actividades diarias de los vecinos y vecinas, al tiempo que ser\u00e1 positivo desde un punto de vista tur\u00edstico.<\/p>\n<p style=\"text-align: justify;\">Adem\u00e1s, Valera ha destacado la importancia que tienen \u201clas actuaciones que no se ven\u201d, en alusi\u00f3n a las mejoras acometidas en la red de abastecimiento de agua potable, incidiendo en su trascendencia a la hora de evitar y prevenir roturas, p\u00e9rdidas, humedades o garantizar el abastecimiento. Unos trabajos que responde a la l\u00ednea de acci\u00f3n de la propia instituci\u00f3n provincial en materia de eficiencia h\u00eddrica y sostenibilidad.<\/p>\n<p style=\"text-align: justify;\">Valdeganga dispondr\u00e1 de m\u00e1s de 118.000 \u20ac gracias al \u2018Dipualba Responde 2024\u2019, programa que en 2023 ha destinado a la construcci\u00f3n de nichos y a la adquisici\u00f3n de un escenario port\u00e1til<\/p>\n<p style=\"text-align: justify;\">A estas acciones se suman otras realizadas con cargo a los m\u00e1s de 54.000 \u20ac correspondientes al programa \u2018Dipualba Responde 2023\u2019, que en su versi\u00f3n destinada a inversiones se ha traducido en la construcci\u00f3n de 40 nuevos nichos en el cementerio municipal con un presupuesto de 36.000 \u20ac, que se complementan con otros cerca de 18.000 \u20ac que se han destinado a la adquisici\u00f3n de un escenario port\u00e1til homologado y f\u00e1cil de montar, de manera que sea \u00fatil y pr\u00e1ctico de cara a las diferentes actividades que desde la localidad se organizan.<\/p>\n<p style=\"text-align: justify;\">Durante la reuni\u00f3n que el vicepresidente provincial ha mantenido con el alcalde de Valdeganga tambi\u00e9n han abordado otras cuestiones de inter\u00e9s para el municipio, y Valera ha recordado que la localidad dispondr\u00e1 en 2024, s\u00f3lo en las convocatorias relativas a \u2018Dipualba Responde\u2019, de m\u00e1s de 118.000 \u20ac (78.300 \u20ac en el marco del \u2018Dipualba Responde Inversiones\u2019 y 40.000 \u20ac en materia de gasto corriente).<br \/>\nInversiones que mejoran las oportunidades formativas, culturales, deportivas, de ocio o conciliaci\u00f3n<\/p>\n<p style=\"text-align: justify;\">Cabe destacar que durante 2023, la instituci\u00f3n provincial destin\u00f3 m\u00e1s de 175.000 \u20ac a esta localidad a trav\u00e9s de sus diferentes l\u00edneas de ayudas, con las que ha contribuido de forma decisiva a la mejora no s\u00f3lo de infraestructuras o espacios municipales, sino tambi\u00e9n al mantenimiento y optimizaci\u00f3n de servicios p\u00fablicos que repercuten directamente en las oportunidades formativas, deportivas, culturales, de ocio o conciliaci\u00f3n de la ciudadan\u00eda, as\u00ed como en sectores claves en la zona, como el agroalimentario.<\/p>\n<p style=\"text-align: justify;\">De hecho, en el marco de este importe se han realizado inversiones en caminos rurales (por ejemplo, en el de las Huertas), en monitores o monitoras deportivos, en el profesorado de la Escuela Infantil y de la Academia de M\u00fasica; en promoci\u00f3n cultural, de la Universidad Popular, o de la lectura; y tambi\u00e9n ha sido posible la adquisici\u00f3n de instrumentos o la realizaci\u00f3n de programas para la juventud y para avanzar en conciliaci\u00f3n e igualdad.<\/p>\n<p style=\"text-align: justify;\">A esto se unen ayudas para Protecci\u00f3n Civil, dada la importancia que este Cuerpo de voluntarios y voluntarias tiene en el territorio, as\u00ed como para el desarrollo de pruebas deportivas (XIV Carrera Popular, el VII Trail, la XI Carrera BTT\u2026).<\/p>\n<p><!--publicidad-voz03--><a href=\"https:\/\/www.facebook.com\/profile.php?id=100063593791305&amp;locale=es_ES\"><img decoding=\"async\" class=\"alignnone size-medium\" src=\"https:\/\/blogger.googleusercontent.com\/img\/b\/R29vZ2xl\/AVvXsEi8_n_ll8UOcGxCqzFvb_9Io4ICczlGC990BPtPj2w9Px-u7B3oqWUW5vtjZUqPNJ-nyjiUIorE0ATsib_l5tV8BVN-UJ03RTnU__IHJF_4DgDBtY4LIqXNG-FomrO-7ywes20CBCRM2Hcm7EJSh3UUw1dO-c_uTflUrtgY1i7uBRezj_DpympmEFkfbQY\/s1600\/logo-principal2.jpg\" width=\"100%\" height=\"100\" \/><\/a><!--bestpublic-voz03--><!--desk-in-out-voz03--><br \/>\n<!--publicidad-voz04--><a href=\"https:\/\/www.facebook.com\/profile.php?id=61557370768692&amp;locale=es_ES\"><img decoding=\"async\" class=\"alignnone size-medium\" src=\"https:\/\/blogger.googleusercontent.com\/img\/b\/R29vZ2xl\/AVvXsEgy5RdcfffrnrItnYTcV9bCJjgJwldsQLWssfVfrLbyfXeBNTFKgBf0rMIvhrUaGUhiXzVr9_eQgCbi-j63ZDpfTvLIty9w7s140y-m1yHe7eKmEK7v2NAHUJDVYGdfeiQFeRCqUjdwWmN1MX_AUxxz4IVdJ4WIM0APxit8bjWkXzrnEFGqBvW_1F13H1g\/s1600\/logo-principal5.jpg\" width=\"100%\" height=\"100\" \/><\/a><!--bestpublic-voz04--><!--desk-in-out-voz04--><br \/>\n<!--publicidad-voz05--><a href=\"https:\/\/www.facebook.com\/asociaciontamborileroshellin?locale=es_ES\"><img decoding=\"async\" class=\"alignnone size-medium\" src=\"https:\/\/blogger.googleusercontent.com\/img\/b\/R29vZ2xl\/AVvXsEhHEEpZsKK1VpwiYMrS7aE2ujtqIDZoLd4B5wtbiseSU9s2HdTdQfhF84So2XwEB1fv0BLw95GADm6hUl1bkKtzh-eIgVigXONuu_5RxeIMPhjk8q6uNX4EaEHbooKkbu7pCADWPpVJjhKIH5NQSJpWqedC-YBez4QAQeJYokkLot9bhrIaUAeztsGis6M\/s1600\/logo-principal3.jpg\" width=\"100%\" height=\"100\" \/><\/a><!--bestpublic-voz05--><!--desk-in-out-voz05--><br \/>\n<!--publicidad-voz06--><!--bestpublic-voz06--><!--desk-in-out-voz06--><br \/>\n<!--publicidad-voz07--><!--bestpublic-voz07--><!--desk-in-out-voz07--><br \/>\n<!--publicidad-voz08--><!--bestpublic-voz08--><!--desk-in-out-voz08--><br \/>\n<!--publicidad-voz09--><!--bestpublic-voz09--><!--desk-in-out-voz09--><br \/>\n<!--publicidad-voz10--><!--bestpublic-voz10--><!--desk-in-out-voz10--><br \/>\n<!--publicidad-voz11--><!--bestpublic-voz11--><!--desk-in-out-voz11--><br \/>\n<!--publicidad-voz12--><!--bestpublic-voz12--><!--desk-in-out-voz12--><br \/>\n<!--publicidad-voz13--><!--bestpublic-voz13--><!--desk-in-out-voz13--><br \/>\n<!--publicidad-voz14--><!--bestpublic-voz14--><!--desk-in-out-voz14--><br \/>\n<!--publicidad-voz15--><!--bestpublic-voz15--><!--desk-in-out-voz15--><br \/>\n<!--publicidad-voz16--><!--bestpublic-voz16--><!--desk-in-out-voz16--><\/p>\n","protected":false},"excerpt":{"rendered":"<p>La Diputaci\u00f3n de Albacete contin\u00faa impulsando actuaciones de mejora en servicios e infraestructuras municipales en el conjunto de la provincia, facilitando la gesti\u00f3n diaria de los Ayuntamientos y mejorando la&#8230;<\/p>\n","protected":false},"author":2,"featured_media":148878,"comment_status":"closed","ping_status":"closed","sticky":false,"template":"","format":"standard","meta":{"footnotes":""},"categories":[753,718,715,716,717],"tags":[],"class_list":["post-148877","post","type-post","status-publish","format-standard","has-post-thumbnail","hentry","category-blog-lv034","category-blogger","category-la-voz-de-hellin","category-la-voz-de-hellin-la-voz-de-hellin","category-noticias"],"_links":{"self":[{"href":"https:\/\/lavozdehellin.com\/noticias\/wp-json\/wp\/v2\/posts\/148877","targetHints":{"allow":["GET"]}}],"collection":[{"href":"https:\/\/lavozdehellin.com\/noticias\/wp-json\/wp\/v2\/posts"}],"about":[{"href":"https:\/\/lavozdehellin.com\/noticias\/wp-json\/wp\/v2\/types\/post"}],"author":[{"embeddable":true,"href":"https:\/\/lavozdehellin.com\/noticias\/wp-json\/wp\/v2\/users\/2"}],"replies":[{"embeddable":true,"href":"https:\/\/lavozdehellin.com\/noticias\/wp-json\/wp\/v2\/comments?post=148877"}],"version-history":[{"count":0,"href":"https:\/\/lavozdehellin.com\/noticias\/wp-json\/wp\/v2\/posts\/148877\/revisions"}],"wp:featuredmedia":[{"embeddable":true,"href":"https:\/\/lavozdehellin.com\/noticias\/wp-json\/wp\/v2\/media\/148878"}],"wp:attachment":[{"href":"https:\/\/lavozdehellin.com\/noticias\/wp-json\/wp\/v2\/media?parent=148877"}],"wp:term":[{"taxonomy":"category","embeddable":true,"href":"https:\/\/lavozdehellin.com\/noticias\/wp-json\/wp\/v2\/categories?post=148877"},{"taxonomy":"post_tag","embeddable":true,"href":"https:\/\/lavozdehellin.com\/noticias\/wp-json\/wp\/v2\/tags?post=148877"}],"curies":[{"name":"wp","href":"https:\/\/api.w.org\/{rel}","templated":true}]}}