{"id":148881,"date":"2024-03-04T17:13:02","date_gmt":"2024-03-04T16:13:02","guid":{"rendered":"https:\/\/lavozdehellin.com\/noticias\/?p=148881"},"modified":"2024-03-06T13:49:35","modified_gmt":"2024-03-06T12:49:35","slug":"v08-329-la-diputacion-de-albacete-en-el-marco-del-8m-homenaje-a-13-mujeres-referentes-de-la-provincia-a-traves-de-su-exposicion-nuestras-huellas","status":"publish","type":"post","link":"https:\/\/lavozdehellin.com\/noticias\/v08-329-la-diputacion-de-albacete-en-el-marco-del-8m-homenaje-a-13-mujeres-referentes-de-la-provincia-a-traves-de-su-exposicion-nuestras-huellas\/","title":{"rendered":"LVH NOTICIAS | LA DIPUTACI\u00d3N DE ALBACETE, EN EL MARCO DEL 8M, HOMENAJE A 13 \u201cMUJERES REFERENTES\u201d DE LA PROVINCIA A TRAV\u00c9S DE SU EXPOSICI\u00d3N \u2018NUESTRAS HUELLAS\u2019"},"content":{"rendered":"<p style=\"text-align: justify;\">En el marco de las actividades impulsadas por la Diputaci\u00f3n de Albacete en torno al D\u00eda Internacional de las Mujeres (8M), el presidente de la instituci\u00f3n provincial, Santi Caba\u00f1ero, junto a la diputada de Igualdad, Pilar Callado, y al alcalde de la ciudad, Manuel Serrano, ha inaugurado la exposici\u00f3n \u2018Nuestras huELLAS\u2019, que se puede visitar hasta el 31 de marzo en la plaza del Altozano.<\/p>\n<p><!--more--><br \/>\n<!--publicidad-voz01--><a href=\"https:\/\/www.facebook.com\/SoloRadioHellin\/?locale=es_ES\"><img decoding=\"async\" class=\"alignnone size-medium\" src=\"https:\/\/blogger.googleusercontent.com\/img\/b\/R29vZ2xl\/AVvXsEiNncirNnyGedv00mhjZjh5Wl4_YPdJGanoAl8tL8zH-HwqE8uHqjEfSt340RHdx-9tuCSIkZ8rFamZiGyYlgDGxCsmXjCH_1xk5eYM3ntFZRvJP_jndOKR7w1UAo9Tu0vrZyOLfqRpHIxYI5SymJJ-pfGCQw6QVpggBH-UgfjiFQ2JOxqxG0Jx94kW83c\/s1600\/logo-principal.jpg\" width=\"100%\" height=\"100\" \/><\/a><!--bestpublic-voz01--><!--desk-in-out-voz01--><br \/>\n<!--publicidad-voz02--><a href=\"https:\/\/www.hellincf.com\/\"><img decoding=\"async\" class=\"alignnone size-medium\" src=\"https:\/\/blogger.googleusercontent.com\/img\/b\/R29vZ2xl\/AVvXsEhuZ4-XfBVj3UtdP8-RZugy3WVrg-Zv28c53m4oV47qYCxL1rX_dqWX_YddsGSnpH5SRDqZ7bZeKPIfDVCDncpjVlhy3aQs2vojcJBn7Gdv9hC2_Nzct_pRFrnFE1a7KTCdY1bT_kAgnY3-iadRZrGeJf1fR2P5fu11bokx0pWjaypoy-ctwCjklldpEbA\/s1600\/logo-principal7.jpg\" width=\"100%\" height=\"100\" \/><\/a><!--bestpublic-voz02--><!--desk-in-out-voz02--><\/p>\n<p style=\"text-align: justify;\">Esta muestra itinerante, que posteriormente recorrer\u00e1 la provincia, est\u00e1 protagonizada por 13 mujeres de diferentes \u00e9pocas y \u00e1mbitos vinculadas a nuestro territorio. Pol\u00edticas, cient\u00edficas, escritoras, poetas, maestras, deportistas, artistas, fil\u00f3sofas, fil\u00e1ntropas, abogadas, bibliotecarias, historiadoras, conservadoras de museos\u2026 \u201cMujeres que han sido y son historia de la provincia de Albacete\u201d, tal y como ha remarcado Caba\u00f1ero.<\/p>\n<p style=\"text-align: justify;\">Adem\u00e1s, el m\u00e1ximo responsable provincial ha subrayado que todas ellas \u201cson grandes referentes \u201cque han hecho de este territorio un lugar mejor\u201d, y ha puesto el foco en la importancia de visibilizar sus carreras, sus biograf\u00edas y sus logros, incidiendo sobre todo en la necesidad de trabajar \u201cpara que las generaciones m\u00e1s j\u00f3venes vean en ellas un espejo, un ejemplo de c\u00f3mo en momentos de dificultad, a lo largo de todos los tiempos, estas mujeres han sido capaces de destacar en diversos \u00e1mbitos en una historia patriarcal (escrita por hombres), en la que les ha costado mucho hacerse un hueco, pero donde se lo han hecho\u201d.<\/p>\n<p style=\"text-align: justify;\">Mujeres de \u2018ayer\u2019 y de \u2018hoy\u2019 que han cobrado vida en esta colecci\u00f3n de la mano de Ana Penad\u00e9s, artista almanse\u00f1a encargada de realizar las ilustraciones que han conformado los paneles de esta exposici\u00f3n, a quien Caba\u00f1ero ha agradecido su implicaci\u00f3n, ensalzando su gran talento e, incluso, apuntando que ella es tambi\u00e9n una m\u00e1s de esas mujeres referentes que conforman esta provincia y esta colecci\u00f3n. De hecho, \u00e9l ha sido el encargado de \u2018presentar\u2019 desde un profundo orgullo a cada una de nuestras 13 \u2018huELLAS\u2019.<\/p>\n<p style=\"text-align: justify;\">Caba\u00f1ero detalla desde el orgullo qui\u00e9nes son estas 13 \u2018huELLAS\u2019, \u201cmujeres que han sido y son historia de la provincia\u201d<\/p>\n<p style=\"text-align: justify;\">As\u00ed, en la exposici\u00f3n encontramos a Alicia Gim\u00e9nez Barlett, \u201calmanse\u00f1a, gran escritora de novelas polic\u00edacas y autora de la famosa Petra Delicado\u201d; Pilar Nohales Mart\u00ednez, \u201ciba\u00f1esa, alcaldesa, diputada\u2026 cuya contribuci\u00f3n fue clave en la implantaci\u00f3n de los servicios sociales en la provincia\u201d; Dionisia Garc\u00eda S\u00e1nchez, \u201cnacida en Fuente-\u00c1lamo, poeta y escritora reconocida a nivel nacional\u201d; Josefa Garc\u00eda Lorente, \u201cuna abogada albacete\u00f1a que ha sido una gran luchadora por los derechos de las personas con discapacidad\u201d; o Conchita Gil de la Vi\u00f1a, \u201cconocida art\u00edsticamente como Mar\u00eda Massip, quien destac\u00f3 en unos tiempos muy complicados en \u2018un mundo de hombres\u2019\u201d.<\/p>\n<p style=\"text-align: justify;\">Tambi\u00e9n protagonizan esta muestra Rub\u00ed Sanz Gamo, \u201cque ha sido consejera de Cultura, directora del Museo Arqueol\u00f3gico Nacional o del Museo de Albacete\u201d; Carmina Belmonte Useros, \u201cla primera alcaldesa de una gran ciudad en Espa\u00f1a y una de las grandes art\u00edfices, junto a otros, de que el Teatro Circo hoy est\u00e9 vivo y podamos presumir de \u00e9l\u201d; Mercedes Doval Montoya, \u201calbacete\u00f1a que ha destacado en el mundo de la ciencia, donde a las mujeres tanto les ha costado hacerse un hueco\u201d; Olivia Sabuco de Nantes, \u201cde Alcaraz, una mujer que puso en peligro su vida para poder trabajar de lo que quer\u00eda y ser la gran fil\u00f3sofa que fue\u201d.<\/p>\n<p style=\"text-align: justify;\">Tambi\u00e9n forman parte de esta colecci\u00f3n Alba Redondo Ferrer, \u201cuna futbolista que lo est\u00e1 ganando todo con la selecci\u00f3n espa\u00f1ola, lo \u00faltimo la Nacions League\u201d; Mar\u00eda Mar\u00edn Molina, \u201cconcejala en Albacete en los a\u00f1os 20, se dedic\u00f3 a causas altruistas y en muchas ocasiones fue detenida por subirse al tren por pedir para las gentes desfavorecidas de esta ciudad\u201d; Mar\u00eda Rozal\u00e9n Ortu\u00f1o, \u201csobradamente conocida, y una de las mejores cantautoras del pa\u00eds\u201d; y Mar\u00eda Moreno S\u00e1nchez, \u201cuna bibliotecaria de El Ballestero que es el reflejo de muchas mujeres que con pocos medios en lugares peque\u00f1os est\u00e1n haciendo cosas muy importantes recocidas a nivel regional y nacional\u201d.<\/p>\n<p style=\"text-align: justify;\">Agradeciendo la presencia de algunas de estas \u201cgrandes mujeres\u201d y de sus familiares, as\u00ed como al alcalde de la ciudad la cesi\u00f3n de este espacio \u201cen el coraz\u00f3n de Albacete\u201d, y felicitando a la Unidad de Igualdad por esta iniciativa, el presidente provincial ha explicado que detr\u00e1s de esta exposici\u00f3n de \u2018esconde\u2019 un intenso trabajo de memoria, dignidad, empoderamiento y justicia, en l\u00ednea con el compromiso de la Diputaci\u00f3n de Albacete para avanzar de una igualdad formal a una igualdad real y efectiva.<br \/>\nCallado subraya que \u00e9sta era una exposici\u00f3n \u201cnecesaria\u201d<\/p>\n<p style=\"text-align: justify;\">En esta l\u00ednea, la diputada de Igualdad, Pilar Callado, ha detallado que \u2018Nuestras huELLAS\u2019 es un recorrido por la historia de esta provincia y esa identificaci\u00f3n de sus mujeres \u201ccon unas gafas violetas para reivindicar y agradecer el trabajo de m\u00e1s del 50 por ciento de la poblaci\u00f3n\u201d, y ha dejado claro que al arrojar luz sobre estas historias particulares de mujeres pioneras, tambi\u00e9n se arroja luz sobre la historia colectiva de Albacete.<\/p>\n<p style=\"text-align: justify;\">Aludiendo a la dificultad que ha entra\u00f1ado elaborar esta muestra \u201cporque en esta provincia podemos presumir de contar con miles de referentes femeninos\u201d, Callado ha afirmado que se trata de \u201cuna exposici\u00f3n necesaria\u201d, y ha explicado que desde la instituci\u00f3n provincial se ha perseguido que tambi\u00e9n fuera representativa, \u201cen la que todas las mujeres se sientan representadas a trav\u00e9s esas 13 mujeres empoderaras que han conseguido lo que desde peque\u00f1as se hab\u00edan propuesto\u201d.<\/p>\n<p style=\"text-align: justify;\">Adem\u00e1s, ha puesto de relieve que la importancia de esta colecci\u00f3n no radica s\u00f3lo en los nombres propios que la conforman, sino tambi\u00e9n en la capacidad que tiene para visibilizar el talento femenino que ha visto crecer esta tierra; dar voz a mujeres que no han sido reconocidas y dar a conocer y presumir de las mujeres que han hecho y hacen historia en la provincia, al tiempo que ha agradecido a todas ellas \u201cesas huellas que son el camino que seguimos las mujeres de hoy y de ma\u00f1ana\u201d.<\/p>\n<p style=\"text-align: justify;\">Serrano valora que se haya elegido como \u201ckil\u00f3metro cero\u201d la Plaza del Altozano<\/p>\n<p style=\"text-align: justify;\">Por su parte, el alcalde de Albacete, Manuel Serrano, ha puesto en valor que \u201cse haya elegido el kil\u00f3metro cero de esta exposici\u00f3n el coraz\u00f3n de los albacete\u00f1os, como es la plaza del Altozano, para visibilizar el papel de mujeres que han sido referentes en la historia de Albacete\u201d.<\/p>\n<p style=\"text-align: justify;\">Para Serrano, \u201cson mujeres que han dejado huella en Albacete en todos los \u00e1mbitos desde el mundo del deporte, de las letras, de la pol\u00edtica, de la filosof\u00eda, de la cultura o del teatro, son mujeres que debemos tener muy presentes para aprovechar el legado que nos han dejado, aprender de lo que han hecho en \u00e9pocas muy dif\u00edciles\u201d.<\/p>\n<p style=\"text-align: justify;\">Finalmente, Caba\u00f1ero, Callado y Serrano, que han estado acompa\u00f1ados del vicepresidente provincial, Fran Valera, del diputado del \u00c1rea Social, Jos\u00e9 Gonz\u00e1lez, y tambi\u00e9n de otros miembros de la Corporaci\u00f3n Provincial del Grupo del Partido Popular, as\u00ed como de responsables de la Corporaci\u00f3n Municipal y de algunos alcaldes de la provincia, han animado a la ciudadan\u00eda a acercarse hasta la Plaza del Altozano para conocer y reconocer las historias de estas 13 mujeres \u00fanicas.<\/p>\n<p><!--publicidad-voz03--><a href=\"https:\/\/www.facebook.com\/profile.php?id=100063593791305&amp;locale=es_ES\"><img decoding=\"async\" class=\"alignnone size-medium\" src=\"https:\/\/blogger.googleusercontent.com\/img\/b\/R29vZ2xl\/AVvXsEi8_n_ll8UOcGxCqzFvb_9Io4ICczlGC990BPtPj2w9Px-u7B3oqWUW5vtjZUqPNJ-nyjiUIorE0ATsib_l5tV8BVN-UJ03RTnU__IHJF_4DgDBtY4LIqXNG-FomrO-7ywes20CBCRM2Hcm7EJSh3UUw1dO-c_uTflUrtgY1i7uBRezj_DpympmEFkfbQY\/s1600\/logo-principal2.jpg\" width=\"100%\" height=\"100\" \/><\/a><!--bestpublic-voz03--><!--desk-in-out-voz03--><br \/>\n<!--publicidad-voz04--><a href=\"https:\/\/www.facebook.com\/profile.php?id=61557370768692&amp;locale=es_ES\"><img decoding=\"async\" class=\"alignnone size-medium\" src=\"https:\/\/blogger.googleusercontent.com\/img\/b\/R29vZ2xl\/AVvXsEgy5RdcfffrnrItnYTcV9bCJjgJwldsQLWssfVfrLbyfXeBNTFKgBf0rMIvhrUaGUhiXzVr9_eQgCbi-j63ZDpfTvLIty9w7s140y-m1yHe7eKmEK7v2NAHUJDVYGdfeiQFeRCqUjdwWmN1MX_AUxxz4IVdJ4WIM0APxit8bjWkXzrnEFGqBvW_1F13H1g\/s1600\/logo-principal5.jpg\" width=\"100%\" height=\"100\" \/><\/a><!--bestpublic-voz04--><!--desk-in-out-voz04--><br \/>\n<!--publicidad-voz05--><a href=\"https:\/\/www.facebook.com\/asociaciontamborileroshellin?locale=es_ES\"><img decoding=\"async\" class=\"alignnone size-medium\" src=\"https:\/\/blogger.googleusercontent.com\/img\/b\/R29vZ2xl\/AVvXsEhHEEpZsKK1VpwiYMrS7aE2ujtqIDZoLd4B5wtbiseSU9s2HdTdQfhF84So2XwEB1fv0BLw95GADm6hUl1bkKtzh-eIgVigXONuu_5RxeIMPhjk8q6uNX4EaEHbooKkbu7pCADWPpVJjhKIH5NQSJpWqedC-YBez4QAQeJYokkLot9bhrIaUAeztsGis6M\/s1600\/logo-principal3.jpg\" width=\"100%\" height=\"100\" \/><\/a><!--bestpublic-voz05--><!--desk-in-out-voz05--><br \/>\n<!--publicidad-voz06--><!--bestpublic-voz06--><!--desk-in-out-voz06--><br \/>\n<!--publicidad-voz07--><!--bestpublic-voz07--><!--desk-in-out-voz07--><br \/>\n<!--publicidad-voz08--><!--bestpublic-voz08--><!--desk-in-out-voz08--><br \/>\n<!--publicidad-voz09--><!--bestpublic-voz09--><!--desk-in-out-voz09--><br \/>\n<!--publicidad-voz10--><!--bestpublic-voz10--><!--desk-in-out-voz10--><br \/>\n<!--publicidad-voz11--><!--bestpublic-voz11--><!--desk-in-out-voz11--><br \/>\n<!--publicidad-voz12--><!--bestpublic-voz12--><!--desk-in-out-voz12--><br \/>\n<!--publicidad-voz13--><!--bestpublic-voz13--><!--desk-in-out-voz13--><br \/>\n<!--publicidad-voz14--><!--bestpublic-voz14--><!--desk-in-out-voz14--><br \/>\n<!--publicidad-voz15--><!--bestpublic-voz15--><!--desk-in-out-voz15--><br \/>\n<!--publicidad-voz16--><!--bestpublic-voz16--><!--desk-in-out-voz16--><\/p>\n","protected":false},"excerpt":{"rendered":"<p>En el marco de las actividades impulsadas por la Diputaci\u00f3n de Albacete en torno al D\u00eda Internacional de las Mujeres (8M), el presidente de la instituci\u00f3n provincial, Santi Caba\u00f1ero, junto&#8230;<\/p>\n","protected":false},"author":2,"featured_media":148882,"comment_status":"closed","ping_status":"closed","sticky":false,"template":"","format":"standard","meta":{"footnotes":""},"categories":[753,718,715,716,717],"tags":[],"class_list":["post-148881","post","type-post","status-publish","format-standard","has-post-thumbnail","hentry","category-blog-lv034","category-blogger","category-la-voz-de-hellin","category-la-voz-de-hellin-la-voz-de-hellin","category-noticias"],"_links":{"self":[{"href":"https:\/\/lavozdehellin.com\/noticias\/wp-json\/wp\/v2\/posts\/148881","targetHints":{"allow":["GET"]}}],"collection":[{"href":"https:\/\/lavozdehellin.com\/noticias\/wp-json\/wp\/v2\/posts"}],"about":[{"href":"https:\/\/lavozdehellin.com\/noticias\/wp-json\/wp\/v2\/types\/post"}],"author":[{"embeddable":true,"href":"https:\/\/lavozdehellin.com\/noticias\/wp-json\/wp\/v2\/users\/2"}],"replies":[{"embeddable":true,"href":"https:\/\/lavozdehellin.com\/noticias\/wp-json\/wp\/v2\/comments?post=148881"}],"version-history":[{"count":0,"href":"https:\/\/lavozdehellin.com\/noticias\/wp-json\/wp\/v2\/posts\/148881\/revisions"}],"wp:featuredmedia":[{"embeddable":true,"href":"https:\/\/lavozdehellin.com\/noticias\/wp-json\/wp\/v2\/media\/148882"}],"wp:attachment":[{"href":"https:\/\/lavozdehellin.com\/noticias\/wp-json\/wp\/v2\/media?parent=148881"}],"wp:term":[{"taxonomy":"category","embeddable":true,"href":"https:\/\/lavozdehellin.com\/noticias\/wp-json\/wp\/v2\/categories?post=148881"},{"taxonomy":"post_tag","embeddable":true,"href":"https:\/\/lavozdehellin.com\/noticias\/wp-json\/wp\/v2\/tags?post=148881"}],"curies":[{"name":"wp","href":"https:\/\/api.w.org\/{rel}","templated":true}]}}