{"id":148887,"date":"2024-03-03T13:57:55","date_gmt":"2024-03-03T12:57:55","guid":{"rendered":"https:\/\/lavozdehellin.com\/noticias\/?p=148887"},"modified":"2024-03-06T13:49:35","modified_gmt":"2024-03-06T12:49:35","slug":"v08-327-la-diputacion-de-albacete-corre-por-la-igualdad-de-la-mano-de-cc-oo","status":"publish","type":"post","link":"https:\/\/lavozdehellin.com\/noticias\/v08-327-la-diputacion-de-albacete-corre-por-la-igualdad-de-la-mano-de-cc-oo\/","title":{"rendered":"LVH NOTICIAS | LA DIPUTACI\u00d3N DE ALBACETE \u2018CORRE\u2019 POR LA IGUALDAD DE LA MANO DE CC.OO."},"content":{"rendered":"<p style=\"text-align: justify;\">Los diputados provinciales del \u00c1rea Social, Jos\u00e9 Gonz\u00e1lez, y de Deportes, Dani Sancha, han participado en la VI Carrera por la Igualdad impulsada por Comisiones Obreras de Albacete en el marco del conjunto de actividades que el sindicato ha organizado con motivo del D\u00eda Internacional de las Mujeres (8 de marzo).<\/p>\n<p><!--more--><br \/>\n<!--publicidad-voz01--><a href=\"https:\/\/www.facebook.com\/SoloRadioHellin\/?locale=es_ES\"><img decoding=\"async\" class=\"alignnone size-medium\" src=\"https:\/\/blogger.googleusercontent.com\/img\/b\/R29vZ2xl\/AVvXsEiNncirNnyGedv00mhjZjh5Wl4_YPdJGanoAl8tL8zH-HwqE8uHqjEfSt340RHdx-9tuCSIkZ8rFamZiGyYlgDGxCsmXjCH_1xk5eYM3ntFZRvJP_jndOKR7w1UAo9Tu0vrZyOLfqRpHIxYI5SymJJ-pfGCQw6QVpggBH-UgfjiFQ2JOxqxG0Jx94kW83c\/s1600\/logo-principal.jpg\" width=\"100%\" height=\"100\" \/><\/a><!--bestpublic-voz01--><!--desk-in-out-voz01--><br \/>\n<!--publicidad-voz02--><a href=\"https:\/\/www.hellincf.com\/\"><img decoding=\"async\" class=\"alignnone size-medium\" src=\"https:\/\/blogger.googleusercontent.com\/img\/b\/R29vZ2xl\/AVvXsEhuZ4-XfBVj3UtdP8-RZugy3WVrg-Zv28c53m4oV47qYCxL1rX_dqWX_YddsGSnpH5SRDqZ7bZeKPIfDVCDncpjVlhy3aQs2vojcJBn7Gdv9hC2_Nzct_pRFrnFE1a7KTCdY1bT_kAgnY3-iadRZrGeJf1fR2P5fu11bokx0pWjaypoy-ctwCjklldpEbA\/s1600\/logo-principal7.jpg\" width=\"100%\" height=\"100\" \/><\/a><!--bestpublic-voz02--><!--desk-in-out-voz02--><\/p>\n<p style=\"text-align: justify;\">Esta cita, cuya recaudaci\u00f3n se destinar\u00e1 a \u00c1gora Feminista, ha sumado, una edici\u00f3n m\u00e1s, la colaboraci\u00f3n de la Diputaci\u00f3n de Albacete, y ha contado con m\u00e1s de 350 inscritos que han recorrido el entorno de los Ejidos de la Feria, donde no ha faltado la secretaria general del sindicato en Albacete, Carmen Juste, as\u00ed como otros responsables de la esfera pol\u00edtica, como el alcalde de la ciudad, Manuel Serrano, y la delegada provincial de Igualdad, Lola Serrano, y tambi\u00e9n de la esfera social y sindical de la provincia. Adem\u00e1s, Sancha ha sido el encargado de dar el \u2018pistoletazo\u2019 de salida en la carrera infantil.<\/p>\n<p style=\"text-align: justify;\">Por su parte, Jos\u00e9 Gonz\u00e1lez ha asistido a la entrega de los premios, reivindicado la idoneidad de citas como \u00e9sta, y ha felicitado tanto a CC.OO. por impulsarla a\u00f1o tras a\u00f1o, como a los y las participantes por su compromiso al sumarse a una iniciativa con la que se persigue visibilizar, sensibilizar y denunciar desigualdades que todav\u00eda persisten entre mujeres y hombres, como las violencias machistas, los techos de cristal, la brecha salarial\u2026 , remarcando que \u201ctodos y todas podemos ser agentes de cambio\u201d.<\/p>\n<p style=\"text-align: justify;\">Y dejando claro que la Diputaci\u00f3n tiene que ser un generador de igualdad de oportunidades; igualdad entre quienes viven en un lugar y otro, entre quienes tienen mucho y quienes no tienen nada, y entre mujeres y hombres, Gonz\u00e1lez ha asegurado que para la instituci\u00f3n provincial es un verdadero placer colaborar con cada iniciativa que se pone en marcha en la provincia en materia de Igualdad de g\u00e9nero.<\/p>\n<p style=\"text-align: justify;\">Adem\u00e1s, el responsable provincial ha aprovechado la ocasi\u00f3n para poner en valor el trabajo que viene realizando CC.OO., remarcando que este sindicato de clase es un ejemplo del compromiso real en la lucha contra las desigualdades entre hombres y mujeres, pero tambi\u00e9n de esfuerzo para terminar con las brechas laborales y las injusticias sociales, y le ha tendido la mano de la Diputaci\u00f3n de Albacete para seguir trabajando conjuntamente como lo vienen haciendo.<\/p>\n<p><!--publicidad-voz03--><a href=\"https:\/\/www.facebook.com\/profile.php?id=100063593791305&amp;locale=es_ES\"><img decoding=\"async\" class=\"alignnone size-medium\" src=\"https:\/\/blogger.googleusercontent.com\/img\/b\/R29vZ2xl\/AVvXsEi8_n_ll8UOcGxCqzFvb_9Io4ICczlGC990BPtPj2w9Px-u7B3oqWUW5vtjZUqPNJ-nyjiUIorE0ATsib_l5tV8BVN-UJ03RTnU__IHJF_4DgDBtY4LIqXNG-FomrO-7ywes20CBCRM2Hcm7EJSh3UUw1dO-c_uTflUrtgY1i7uBRezj_DpympmEFkfbQY\/s1600\/logo-principal2.jpg\" width=\"100%\" height=\"100\" \/><\/a><!--bestpublic-voz03--><!--desk-in-out-voz03--><br \/>\n<!--publicidad-voz04--><a href=\"https:\/\/www.facebook.com\/profile.php?id=61557370768692&amp;locale=es_ES\"><img decoding=\"async\" class=\"alignnone size-medium\" src=\"https:\/\/blogger.googleusercontent.com\/img\/b\/R29vZ2xl\/AVvXsEgy5RdcfffrnrItnYTcV9bCJjgJwldsQLWssfVfrLbyfXeBNTFKgBf0rMIvhrUaGUhiXzVr9_eQgCbi-j63ZDpfTvLIty9w7s140y-m1yHe7eKmEK7v2NAHUJDVYGdfeiQFeRCqUjdwWmN1MX_AUxxz4IVdJ4WIM0APxit8bjWkXzrnEFGqBvW_1F13H1g\/s1600\/logo-principal5.jpg\" width=\"100%\" height=\"100\" \/><\/a><!--bestpublic-voz04--><!--desk-in-out-voz04--><br \/>\n<!--publicidad-voz05--><a href=\"https:\/\/www.facebook.com\/asociaciontamborileroshellin?locale=es_ES\"><img decoding=\"async\" class=\"alignnone size-medium\" src=\"https:\/\/blogger.googleusercontent.com\/img\/b\/R29vZ2xl\/AVvXsEhHEEpZsKK1VpwiYMrS7aE2ujtqIDZoLd4B5wtbiseSU9s2HdTdQfhF84So2XwEB1fv0BLw95GADm6hUl1bkKtzh-eIgVigXONuu_5RxeIMPhjk8q6uNX4EaEHbooKkbu7pCADWPpVJjhKIH5NQSJpWqedC-YBez4QAQeJYokkLot9bhrIaUAeztsGis6M\/s1600\/logo-principal3.jpg\" width=\"100%\" height=\"100\" \/><\/a><!--bestpublic-voz05--><!--desk-in-out-voz05--><br \/>\n<!--publicidad-voz06--><!--bestpublic-voz06--><!--desk-in-out-voz06--><br \/>\n<!--publicidad-voz07--><!--bestpublic-voz07--><!--desk-in-out-voz07--><br \/>\n<!--publicidad-voz08--><!--bestpublic-voz08--><!--desk-in-out-voz08--><br \/>\n<!--publicidad-voz09--><!--bestpublic-voz09--><!--desk-in-out-voz09--><br \/>\n<!--publicidad-voz10--><!--bestpublic-voz10--><!--desk-in-out-voz10--><br \/>\n<!--publicidad-voz11--><!--bestpublic-voz11--><!--desk-in-out-voz11--><br \/>\n<!--publicidad-voz12--><!--bestpublic-voz12--><!--desk-in-out-voz12--><br \/>\n<!--publicidad-voz13--><!--bestpublic-voz13--><!--desk-in-out-voz13--><br \/>\n<!--publicidad-voz14--><!--bestpublic-voz14--><!--desk-in-out-voz14--><br \/>\n<!--publicidad-voz15--><!--bestpublic-voz15--><!--desk-in-out-voz15--><br \/>\n<!--publicidad-voz16--><!--bestpublic-voz16--><!--desk-in-out-voz16--><\/p>\n","protected":false},"excerpt":{"rendered":"<p>Los diputados provinciales del \u00c1rea Social, Jos\u00e9 Gonz\u00e1lez, y de Deportes, Dani Sancha, han participado en la VI Carrera por la Igualdad impulsada por Comisiones Obreras de Albacete en el&#8230;<\/p>\n","protected":false},"author":2,"featured_media":148888,"comment_status":"closed","ping_status":"closed","sticky":false,"template":"","format":"standard","meta":{"footnotes":""},"categories":[753,718,715,716,717],"tags":[],"class_list":["post-148887","post","type-post","status-publish","format-standard","has-post-thumbnail","hentry","category-blog-lv034","category-blogger","category-la-voz-de-hellin","category-la-voz-de-hellin-la-voz-de-hellin","category-noticias"],"_links":{"self":[{"href":"https:\/\/lavozdehellin.com\/noticias\/wp-json\/wp\/v2\/posts\/148887","targetHints":{"allow":["GET"]}}],"collection":[{"href":"https:\/\/lavozdehellin.com\/noticias\/wp-json\/wp\/v2\/posts"}],"about":[{"href":"https:\/\/lavozdehellin.com\/noticias\/wp-json\/wp\/v2\/types\/post"}],"author":[{"embeddable":true,"href":"https:\/\/lavozdehellin.com\/noticias\/wp-json\/wp\/v2\/users\/2"}],"replies":[{"embeddable":true,"href":"https:\/\/lavozdehellin.com\/noticias\/wp-json\/wp\/v2\/comments?post=148887"}],"version-history":[{"count":0,"href":"https:\/\/lavozdehellin.com\/noticias\/wp-json\/wp\/v2\/posts\/148887\/revisions"}],"wp:featuredmedia":[{"embeddable":true,"href":"https:\/\/lavozdehellin.com\/noticias\/wp-json\/wp\/v2\/media\/148888"}],"wp:attachment":[{"href":"https:\/\/lavozdehellin.com\/noticias\/wp-json\/wp\/v2\/media?parent=148887"}],"wp:term":[{"taxonomy":"category","embeddable":true,"href":"https:\/\/lavozdehellin.com\/noticias\/wp-json\/wp\/v2\/categories?post=148887"},{"taxonomy":"post_tag","embeddable":true,"href":"https:\/\/lavozdehellin.com\/noticias\/wp-json\/wp\/v2\/tags?post=148887"}],"curies":[{"name":"wp","href":"https:\/\/api.w.org\/{rel}","templated":true}]}}