{"id":148890,"date":"2024-03-03T12:03:44","date_gmt":"2024-03-03T11:03:44","guid":{"rendered":"https:\/\/lavozdehellin.com\/noticias\/?p=148890"},"modified":"2024-03-06T13:49:35","modified_gmt":"2024-03-06T12:49:35","slug":"v08-326-la-diputacion-de-albacete-activa-un-nuevo-operativo-dentro-de-su-plan-de-vialidad-invernal-para-limpiar-y-garantizar-la-seguridad-en-la-red-provincial-de-carreteras","status":"publish","type":"post","link":"https:\/\/lavozdehellin.com\/noticias\/v08-326-la-diputacion-de-albacete-activa-un-nuevo-operativo-dentro-de-su-plan-de-vialidad-invernal-para-limpiar-y-garantizar-la-seguridad-en-la-red-provincial-de-carreteras\/","title":{"rendered":"LVH NOTICIAS | LA DIPUTACI\u00d3N DE ALBACETE ACTIVA UN NUEVO OPERATIVO, DENTRO DE SU PLAN DE VIALIDAD INVERNAL, PARA LIMPIAR Y GARANTIZAR LA SEGURIDAD EN LA RED PROVINCIAL DE CARRETERAS"},"content":{"rendered":"<p style=\"text-align: justify;\">En el marco de su Plan de Vialidad Invernal, la Diputaci\u00f3n de Albacete contin\u00faa trabajando en diferentes puntos de los algo m\u00e1s de 1.400 kil\u00f3metros que conforman la Red Viaria Provincial de Carreras para hacer frente y paliar los efectos de un nuevo temporal, limpiando y garantizando la seguridad vial.<\/p>\n<p><!--more--><br \/>\n<!--publicidad-voz01--><a href=\"https:\/\/www.facebook.com\/SoloRadioHellin\/?locale=es_ES\"><img decoding=\"async\" class=\"alignnone size-medium\" src=\"https:\/\/blogger.googleusercontent.com\/img\/b\/R29vZ2xl\/AVvXsEiNncirNnyGedv00mhjZjh5Wl4_YPdJGanoAl8tL8zH-HwqE8uHqjEfSt340RHdx-9tuCSIkZ8rFamZiGyYlgDGxCsmXjCH_1xk5eYM3ntFZRvJP_jndOKR7w1UAo9Tu0vrZyOLfqRpHIxYI5SymJJ-pfGCQw6QVpggBH-UgfjiFQ2JOxqxG0Jx94kW83c\/s1600\/logo-principal.jpg\" width=\"100%\" height=\"100\" \/><\/a><!--bestpublic-voz01--><!--desk-in-out-voz01--><br \/>\n<!--publicidad-voz02--><a href=\"https:\/\/www.hellincf.com\/\"><img decoding=\"async\" class=\"alignnone size-medium\" src=\"https:\/\/blogger.googleusercontent.com\/img\/b\/R29vZ2xl\/AVvXsEhuZ4-XfBVj3UtdP8-RZugy3WVrg-Zv28c53m4oV47qYCxL1rX_dqWX_YddsGSnpH5SRDqZ7bZeKPIfDVCDncpjVlhy3aQs2vojcJBn7Gdv9hC2_Nzct_pRFrnFE1a7KTCdY1bT_kAgnY3-iadRZrGeJf1fR2P5fu11bokx0pWjaypoy-ctwCjklldpEbA\/s1600\/logo-principal7.jpg\" width=\"100%\" height=\"100\" \/><\/a><!--bestpublic-voz02--><!--desk-in-out-voz02--><\/p>\n<p style=\"text-align: justify;\">Anoche se activaron tres equipos del Parque M\u00f3vil que trabajan desde primera hora de la ma\u00f1ana en las comarcas m\u00e1s afectadas por este cap\u00edtulo de fr\u00edo y heladas al que estamos asistiendo. Se est\u00e1n realizando trabajos de limpieza en aquellas carreteras en las que la nieve ha hecho acto de presencia, y tambi\u00e9n de prevenci\u00f3n mediante tratamiento de sal, esparciendo unas 35 toneladas, para evitar las placas de hielo generadas tanto por las bajas temperaturas a las que estamos asistiendo estos d\u00edas, como por las que se prev\u00e9n de cara a las pr\u00f3ximas jornadas.<\/p>\n<p style=\"text-align: justify;\">Estas actuaciones se est\u00e1n llevando a cabo progresivamente en diferentes carreteras provinciales del Monte Ib\u00e9rico-Corredor de Almansa, en la zona de Higueruela, Hoya Gonzalo, Corral-Rubio o Alpera; en Campo de Montiel y Sierra de Alcaraz, desde Munera y El Bonillo hacia la propia Sierra; y en la Sierra del Segura en v\u00edas de Ri\u00f3par o Molinicos, tal y como ha dado a conocer el vicepresidente provincial, Fran Valera.<\/p>\n<p style=\"text-align: justify;\">El operativo continuar\u00e1 trabajando durante toda la jornada con el objetivo de paliar al m\u00e1ximo las consecuencias negativas que puedan derivarse de las condiciones climatol\u00f3gicas adversas propias de esta temporada, aunque se recomienda precauci\u00f3n al volante, evitar desplazamientos innecesarios y consultar previamente las informaciones que facilita la DGT para conocer el estado de las v\u00edas.<\/p>\n<p style=\"text-align: justify;\">Valera ha subrayado que para el Gobierno de Santi Caba\u00f1ero la seguridad vial es una prioridad en la que la instituci\u00f3n provincial trabaja todos los d\u00edas del a\u00f1o a trav\u00e9s de acciones de mejora y acondicionamiento. Acciones que se ven complementadas durante el periodo estival con estos trabajos, con los que desde la instituci\u00f3n provincial tambi\u00e9n se persigue garantizar las comunicaciones entre localidades y de \u00e9stas con sus pedan\u00edas, ya que las carreteras provinciales son, en muchos casos, las \u00fanicas v\u00edas alternativas de paso. Un hecho que, como ha remarcado el vicepresidente provincial, evidencia la necesidad de realizar estos tratamientos que se mantendr\u00e1n durante todo el tiempo que sea necesario.<\/p>\n<p><!--publicidad-voz03--><a href=\"https:\/\/www.facebook.com\/profile.php?id=100063593791305&amp;locale=es_ES\"><img decoding=\"async\" class=\"alignnone size-medium\" src=\"https:\/\/blogger.googleusercontent.com\/img\/b\/R29vZ2xl\/AVvXsEi8_n_ll8UOcGxCqzFvb_9Io4ICczlGC990BPtPj2w9Px-u7B3oqWUW5vtjZUqPNJ-nyjiUIorE0ATsib_l5tV8BVN-UJ03RTnU__IHJF_4DgDBtY4LIqXNG-FomrO-7ywes20CBCRM2Hcm7EJSh3UUw1dO-c_uTflUrtgY1i7uBRezj_DpympmEFkfbQY\/s1600\/logo-principal2.jpg\" width=\"100%\" height=\"100\" \/><\/a><!--bestpublic-voz03--><!--desk-in-out-voz03--><br \/>\n<!--publicidad-voz04--><a href=\"https:\/\/www.facebook.com\/profile.php?id=61557370768692&amp;locale=es_ES\"><img decoding=\"async\" class=\"alignnone size-medium\" src=\"https:\/\/blogger.googleusercontent.com\/img\/b\/R29vZ2xl\/AVvXsEgy5RdcfffrnrItnYTcV9bCJjgJwldsQLWssfVfrLbyfXeBNTFKgBf0rMIvhrUaGUhiXzVr9_eQgCbi-j63ZDpfTvLIty9w7s140y-m1yHe7eKmEK7v2NAHUJDVYGdfeiQFeRCqUjdwWmN1MX_AUxxz4IVdJ4WIM0APxit8bjWkXzrnEFGqBvW_1F13H1g\/s1600\/logo-principal5.jpg\" width=\"100%\" height=\"100\" \/><\/a><!--bestpublic-voz04--><!--desk-in-out-voz04--><br \/>\n<!--publicidad-voz05--><a href=\"https:\/\/www.facebook.com\/asociaciontamborileroshellin?locale=es_ES\"><img decoding=\"async\" class=\"alignnone size-medium\" src=\"https:\/\/blogger.googleusercontent.com\/img\/b\/R29vZ2xl\/AVvXsEhHEEpZsKK1VpwiYMrS7aE2ujtqIDZoLd4B5wtbiseSU9s2HdTdQfhF84So2XwEB1fv0BLw95GADm6hUl1bkKtzh-eIgVigXONuu_5RxeIMPhjk8q6uNX4EaEHbooKkbu7pCADWPpVJjhKIH5NQSJpWqedC-YBez4QAQeJYokkLot9bhrIaUAeztsGis6M\/s1600\/logo-principal3.jpg\" width=\"100%\" height=\"100\" \/><\/a><!--bestpublic-voz05--><!--desk-in-out-voz05--><br \/>\n<!--publicidad-voz06--><!--bestpublic-voz06--><!--desk-in-out-voz06--><br \/>\n<!--publicidad-voz07--><!--bestpublic-voz07--><!--desk-in-out-voz07--><br \/>\n<!--publicidad-voz08--><!--bestpublic-voz08--><!--desk-in-out-voz08--><br \/>\n<!--publicidad-voz09--><!--bestpublic-voz09--><!--desk-in-out-voz09--><br \/>\n<!--publicidad-voz10--><!--bestpublic-voz10--><!--desk-in-out-voz10--><br \/>\n<!--publicidad-voz11--><!--bestpublic-voz11--><!--desk-in-out-voz11--><br \/>\n<!--publicidad-voz12--><!--bestpublic-voz12--><!--desk-in-out-voz12--><br \/>\n<!--publicidad-voz13--><!--bestpublic-voz13--><!--desk-in-out-voz13--><br \/>\n<!--publicidad-voz14--><!--bestpublic-voz14--><!--desk-in-out-voz14--><br \/>\n<!--publicidad-voz15--><!--bestpublic-voz15--><!--desk-in-out-voz15--><br \/>\n<!--publicidad-voz16--><!--bestpublic-voz16--><!--desk-in-out-voz16--><\/p>\n","protected":false},"excerpt":{"rendered":"<p>En el marco de su Plan de Vialidad Invernal, la Diputaci\u00f3n de Albacete contin\u00faa trabajando en diferentes puntos de los algo m\u00e1s de 1.400 kil\u00f3metros que conforman la Red Viaria&#8230;<\/p>\n","protected":false},"author":2,"featured_media":148891,"comment_status":"closed","ping_status":"closed","sticky":false,"template":"","format":"standard","meta":{"footnotes":""},"categories":[753,718,715,716,717],"tags":[],"class_list":["post-148890","post","type-post","status-publish","format-standard","has-post-thumbnail","hentry","category-blog-lv034","category-blogger","category-la-voz-de-hellin","category-la-voz-de-hellin-la-voz-de-hellin","category-noticias"],"_links":{"self":[{"href":"https:\/\/lavozdehellin.com\/noticias\/wp-json\/wp\/v2\/posts\/148890","targetHints":{"allow":["GET"]}}],"collection":[{"href":"https:\/\/lavozdehellin.com\/noticias\/wp-json\/wp\/v2\/posts"}],"about":[{"href":"https:\/\/lavozdehellin.com\/noticias\/wp-json\/wp\/v2\/types\/post"}],"author":[{"embeddable":true,"href":"https:\/\/lavozdehellin.com\/noticias\/wp-json\/wp\/v2\/users\/2"}],"replies":[{"embeddable":true,"href":"https:\/\/lavozdehellin.com\/noticias\/wp-json\/wp\/v2\/comments?post=148890"}],"version-history":[{"count":0,"href":"https:\/\/lavozdehellin.com\/noticias\/wp-json\/wp\/v2\/posts\/148890\/revisions"}],"wp:featuredmedia":[{"embeddable":true,"href":"https:\/\/lavozdehellin.com\/noticias\/wp-json\/wp\/v2\/media\/148891"}],"wp:attachment":[{"href":"https:\/\/lavozdehellin.com\/noticias\/wp-json\/wp\/v2\/media?parent=148890"}],"wp:term":[{"taxonomy":"category","embeddable":true,"href":"https:\/\/lavozdehellin.com\/noticias\/wp-json\/wp\/v2\/categories?post=148890"},{"taxonomy":"post_tag","embeddable":true,"href":"https:\/\/lavozdehellin.com\/noticias\/wp-json\/wp\/v2\/tags?post=148890"}],"curies":[{"name":"wp","href":"https:\/\/api.w.org\/{rel}","templated":true}]}}