{"id":148896,"date":"2024-03-02T20:26:41","date_gmt":"2024-03-02T19:26:41","guid":{"rendered":"https:\/\/lavozdehellin.com\/noticias\/?p=148896"},"modified":"2024-03-06T13:49:36","modified_gmt":"2024-03-06T12:49:36","slug":"v08-324-cabanero-reitera-el-compromiso-de-la-diputacion-de-albacete-con-la-alqueria-andalusi-de-la-graja-en-higueruela","status":"publish","type":"post","link":"https:\/\/lavozdehellin.com\/noticias\/v08-324-cabanero-reitera-el-compromiso-de-la-diputacion-de-albacete-con-la-alqueria-andalusi-de-la-graja-en-higueruela\/","title":{"rendered":"LVH NOTICIAS | CABA\u00d1ERO REITERA EL COMPROMISO DE LA DIPUTACI\u00d3N DE ALBACETE CON LA ALQUER\u00cdA ANDALUS\u00cd DE LA GRAJA EN HIGUERUELA"},"content":{"rendered":"<p style=\"text-align: justify;\">El presidente de la Diputaci\u00f3n de Albacete, Santi Caba\u00f1ero, y el vicepresidente, Fran Valera, junto al m\u00e1ximo responsable del Gobierno regional, Emiliano Garc\u00eda-Page, han visitado la Alquer\u00eda Andalus\u00ed de La Graja en Higueruela.<\/p>\n<p><!--more--><br \/>\n<!--publicidad-voz01--><a href=\"https:\/\/www.facebook.com\/SoloRadioHellin\/?locale=es_ES\"><img decoding=\"async\" class=\"alignnone size-medium\" src=\"https:\/\/blogger.googleusercontent.com\/img\/b\/R29vZ2xl\/AVvXsEiNncirNnyGedv00mhjZjh5Wl4_YPdJGanoAl8tL8zH-HwqE8uHqjEfSt340RHdx-9tuCSIkZ8rFamZiGyYlgDGxCsmXjCH_1xk5eYM3ntFZRvJP_jndOKR7w1UAo9Tu0vrZyOLfqRpHIxYI5SymJJ-pfGCQw6QVpggBH-UgfjiFQ2JOxqxG0Jx94kW83c\/s1600\/logo-principal.jpg\" width=\"100%\" height=\"100\" \/><\/a><!--bestpublic-voz01--><!--desk-in-out-voz01--><br \/>\n<!--publicidad-voz02--><a href=\"https:\/\/www.hellincf.com\/\"><img decoding=\"async\" class=\"alignnone size-medium\" src=\"https:\/\/blogger.googleusercontent.com\/img\/b\/R29vZ2xl\/AVvXsEhuZ4-XfBVj3UtdP8-RZugy3WVrg-Zv28c53m4oV47qYCxL1rX_dqWX_YddsGSnpH5SRDqZ7bZeKPIfDVCDncpjVlhy3aQs2vojcJBn7Gdv9hC2_Nzct_pRFrnFE1a7KTCdY1bT_kAgnY3-iadRZrGeJf1fR2P5fu11bokx0pWjaypoy-ctwCjklldpEbA\/s1600\/logo-principal7.jpg\" width=\"100%\" height=\"100\" \/><\/a><!--bestpublic-voz02--><!--desk-in-out-voz02--><\/p>\n<p style=\"text-align: justify;\">Un yacimiento que, campa\u00f1a a campa\u00f1a, se consolida como un gran referente para reconstruir la vida rural de Al-\u00c1ndalu, proporcionando evidencias directas sobre c\u00f3mo viv\u00edan las clases m\u00e1s humildes de la \u00e9poca y arrojando luz a una parte de nuestra historia.<\/p>\n<p style=\"text-align: justify;\">Acompa\u00f1ados de la alcaldesa, Isabel Mart\u00ednez, de una nutrida representaci\u00f3n de la Corporaci\u00f3n Municipal y de vecinos y vecinas del municipio, as\u00ed como de uno de los codirectores de las excavaciones y arque\u00f3logo del Instituto de Estudios Albacetenses \u2018Don Juan Manuel\u2019, Jos\u00e9 Luis Sim\u00f3n, Caba\u00f1ero ha subrayado el orgullo que para la provincia supone esta Alquer\u00eda en la que en 2021 se descubri\u00f3 la primera mezquita de Albacete y la primera de tipo rural en C-LM, y el a\u00f1o pasado se encontr\u00f3 un ejemplar completo de oveja, datado entre los siglos XI y XII seg\u00fan an\u00e1lisis de Carbono 14.<\/p>\n<p style=\"text-align: justify;\">Adem\u00e1s, ha felicitado al Ayuntamiento, remarcando el ingente trabajo que vienen realizando para \u2018descubrir\u2019 esta parte tan desconocida de su historia, aludiendo al potencial de este proyecto para proyectar la identidad cultural y el turismo local.<\/p>\n<p style=\"text-align: justify;\">Esta innovadora iniciativa arqueol\u00f3gica ha contado desde el primer momento (all\u00e1 por 2020) con el apoyo constante y la financiaci\u00f3n de la Diputaci\u00f3n de Albacete, a trav\u00e9s de su IEA, \u201cy as\u00ed seguir\u00e1 siendo\u201d, tal y como ha comprometido Caba\u00f1ero, quien ha reiterado el compromiso de la instituci\u00f3n provincial con la preservaci\u00f3n y promoci\u00f3n del patrimonio hist\u00f3rico y arqueol\u00f3gico de la provincia, dejando claro que este es un espacio de oportunidades, progreso y futuro para nuestra tierra.<\/p>\n<p style=\"text-align: justify;\">Tambi\u00e9n han asistido el consejero de Agricultura, Ganader\u00eda y Desarrollo Rural, Juli\u00e1n Mart\u00ednez, el delegado provincial de esta \u00e1rea, Ram\u00f3n S\u00e1ez; la vicepresidenta de las Cortes de C-LM, Josefina Navarrete, o el delegado provincial de la JCCM, Pedro Antonio Ruiz.<\/p>\n<p><!--publicidad-voz03--><a href=\"https:\/\/www.facebook.com\/profile.php?id=100063593791305&amp;locale=es_ES\"><img decoding=\"async\" class=\"alignnone size-medium\" src=\"https:\/\/blogger.googleusercontent.com\/img\/b\/R29vZ2xl\/AVvXsEi8_n_ll8UOcGxCqzFvb_9Io4ICczlGC990BPtPj2w9Px-u7B3oqWUW5vtjZUqPNJ-nyjiUIorE0ATsib_l5tV8BVN-UJ03RTnU__IHJF_4DgDBtY4LIqXNG-FomrO-7ywes20CBCRM2Hcm7EJSh3UUw1dO-c_uTflUrtgY1i7uBRezj_DpympmEFkfbQY\/s1600\/logo-principal2.jpg\" width=\"100%\" height=\"100\" \/><\/a><!--bestpublic-voz03--><!--desk-in-out-voz03--><br \/>\n<!--publicidad-voz04--><a href=\"https:\/\/www.facebook.com\/profile.php?id=61557370768692&amp;locale=es_ES\"><img decoding=\"async\" class=\"alignnone size-medium\" src=\"https:\/\/blogger.googleusercontent.com\/img\/b\/R29vZ2xl\/AVvXsEgy5RdcfffrnrItnYTcV9bCJjgJwldsQLWssfVfrLbyfXeBNTFKgBf0rMIvhrUaGUhiXzVr9_eQgCbi-j63ZDpfTvLIty9w7s140y-m1yHe7eKmEK7v2NAHUJDVYGdfeiQFeRCqUjdwWmN1MX_AUxxz4IVdJ4WIM0APxit8bjWkXzrnEFGqBvW_1F13H1g\/s1600\/logo-principal5.jpg\" width=\"100%\" height=\"100\" \/><\/a><!--bestpublic-voz04--><!--desk-in-out-voz04--><br \/>\n<!--publicidad-voz05--><a href=\"https:\/\/www.facebook.com\/asociaciontamborileroshellin?locale=es_ES\"><img decoding=\"async\" class=\"alignnone size-medium\" src=\"https:\/\/blogger.googleusercontent.com\/img\/b\/R29vZ2xl\/AVvXsEhHEEpZsKK1VpwiYMrS7aE2ujtqIDZoLd4B5wtbiseSU9s2HdTdQfhF84So2XwEB1fv0BLw95GADm6hUl1bkKtzh-eIgVigXONuu_5RxeIMPhjk8q6uNX4EaEHbooKkbu7pCADWPpVJjhKIH5NQSJpWqedC-YBez4QAQeJYokkLot9bhrIaUAeztsGis6M\/s1600\/logo-principal3.jpg\" width=\"100%\" height=\"100\" \/><\/a><!--bestpublic-voz05--><!--desk-in-out-voz05--><br \/>\n<!--publicidad-voz06--><!--bestpublic-voz06--><!--desk-in-out-voz06--><br \/>\n<!--publicidad-voz07--><!--bestpublic-voz07--><!--desk-in-out-voz07--><br \/>\n<!--publicidad-voz08--><!--bestpublic-voz08--><!--desk-in-out-voz08--><br \/>\n<!--publicidad-voz09--><!--bestpublic-voz09--><!--desk-in-out-voz09--><br \/>\n<!--publicidad-voz10--><!--bestpublic-voz10--><!--desk-in-out-voz10--><br \/>\n<!--publicidad-voz11--><!--bestpublic-voz11--><!--desk-in-out-voz11--><br \/>\n<!--publicidad-voz12--><!--bestpublic-voz12--><!--desk-in-out-voz12--><br \/>\n<!--publicidad-voz13--><!--bestpublic-voz13--><!--desk-in-out-voz13--><br \/>\n<!--publicidad-voz14--><!--bestpublic-voz14--><!--desk-in-out-voz14--><br \/>\n<!--publicidad-voz15--><!--bestpublic-voz15--><!--desk-in-out-voz15--><br \/>\n<!--publicidad-voz16--><!--bestpublic-voz16--><!--desk-in-out-voz16--><\/p>\n","protected":false},"excerpt":{"rendered":"<p>El presidente de la Diputaci\u00f3n de Albacete, Santi Caba\u00f1ero, y el vicepresidente, Fran Valera, junto al m\u00e1ximo responsable del Gobierno regional, Emiliano Garc\u00eda-Page, han visitado la Alquer\u00eda Andalus\u00ed de La&#8230;<\/p>\n","protected":false},"author":2,"featured_media":148897,"comment_status":"closed","ping_status":"closed","sticky":false,"template":"","format":"standard","meta":{"footnotes":""},"categories":[753,718,715,716,717],"tags":[],"class_list":["post-148896","post","type-post","status-publish","format-standard","has-post-thumbnail","hentry","category-blog-lv034","category-blogger","category-la-voz-de-hellin","category-la-voz-de-hellin-la-voz-de-hellin","category-noticias"],"_links":{"self":[{"href":"https:\/\/lavozdehellin.com\/noticias\/wp-json\/wp\/v2\/posts\/148896","targetHints":{"allow":["GET"]}}],"collection":[{"href":"https:\/\/lavozdehellin.com\/noticias\/wp-json\/wp\/v2\/posts"}],"about":[{"href":"https:\/\/lavozdehellin.com\/noticias\/wp-json\/wp\/v2\/types\/post"}],"author":[{"embeddable":true,"href":"https:\/\/lavozdehellin.com\/noticias\/wp-json\/wp\/v2\/users\/2"}],"replies":[{"embeddable":true,"href":"https:\/\/lavozdehellin.com\/noticias\/wp-json\/wp\/v2\/comments?post=148896"}],"version-history":[{"count":0,"href":"https:\/\/lavozdehellin.com\/noticias\/wp-json\/wp\/v2\/posts\/148896\/revisions"}],"wp:featuredmedia":[{"embeddable":true,"href":"https:\/\/lavozdehellin.com\/noticias\/wp-json\/wp\/v2\/media\/148897"}],"wp:attachment":[{"href":"https:\/\/lavozdehellin.com\/noticias\/wp-json\/wp\/v2\/media?parent=148896"}],"wp:term":[{"taxonomy":"category","embeddable":true,"href":"https:\/\/lavozdehellin.com\/noticias\/wp-json\/wp\/v2\/categories?post=148896"},{"taxonomy":"post_tag","embeddable":true,"href":"https:\/\/lavozdehellin.com\/noticias\/wp-json\/wp\/v2\/tags?post=148896"}],"curies":[{"name":"wp","href":"https:\/\/api.w.org\/{rel}","templated":true}]}}