{"id":148899,"date":"2024-03-02T14:13:23","date_gmt":"2024-03-02T13:13:23","guid":{"rendered":"https:\/\/lavozdehellin.com\/noticias\/?p=148899"},"modified":"2024-03-06T13:49:36","modified_gmt":"2024-03-06T12:49:36","slug":"v08-323-cabanero-resalta-la-implicacion-de-los-colectivos-regantes-y-el-liderazgo-de-ga-page-en-materia-de-agua-una-herramienta-de-desarrollo-rural-que-multiplica-por-cinco-el-valor-de-la-tierra-y-e","status":"publish","type":"post","link":"https:\/\/lavozdehellin.com\/noticias\/v08-323-cabanero-resalta-la-implicacion-de-los-colectivos-regantes-y-el-liderazgo-de-ga-page-en-materia-de-agua-una-herramienta-de-desarrollo-rural-que-multiplica-por-cinco-el-valor-de-la-tierra-y-e\/","title":{"rendered":"LVH NOTICIAS | CABA\u00d1ERO RESALTA LA IMPLICACI\u00d3N DE LOS COLECTIVOS REGANTES Y EL LIDERAZGO DE G\u00aa-PAGE EN MATERIA DE AGUA, \u201cUNA HERRAMIENTA DE DESARROLLO RURAL QUE MULTIPLICA POR CINCO EL VALOR DE LA TIERRA Y EL FUTURO DE UN PUEBLO\u201d"},"content":{"rendered":"<p style=\"text-align: justify;\">En un nuevo paso significativo por el desarrollo sostenible de la agricultura y la eficiencia energ\u00e9tica, el presidente de la Diputaci\u00f3n de Albacete, Santi Caba\u00f1ero, ha reafirmado el apoyo de su Gobierno con los y las protagonistas del sector primario.<\/p>\n<p><!--more--><br \/>\n<!--publicidad-voz01--><a href=\"https:\/\/www.facebook.com\/SoloRadioHellin\/?locale=es_ES\"><img decoding=\"async\" class=\"alignnone size-medium\" src=\"https:\/\/blogger.googleusercontent.com\/img\/b\/R29vZ2xl\/AVvXsEiNncirNnyGedv00mhjZjh5Wl4_YPdJGanoAl8tL8zH-HwqE8uHqjEfSt340RHdx-9tuCSIkZ8rFamZiGyYlgDGxCsmXjCH_1xk5eYM3ntFZRvJP_jndOKR7w1UAo9Tu0vrZyOLfqRpHIxYI5SymJJ-pfGCQw6QVpggBH-UgfjiFQ2JOxqxG0Jx94kW83c\/s1600\/logo-principal.jpg\" width=\"100%\" height=\"100\" \/><\/a><!--bestpublic-voz01--><!--desk-in-out-voz01--><br \/>\n<!--publicidad-voz02--><a href=\"https:\/\/www.hellincf.com\/\"><img decoding=\"async\" class=\"alignnone size-medium\" src=\"https:\/\/blogger.googleusercontent.com\/img\/b\/R29vZ2xl\/AVvXsEhuZ4-XfBVj3UtdP8-RZugy3WVrg-Zv28c53m4oV47qYCxL1rX_dqWX_YddsGSnpH5SRDqZ7bZeKPIfDVCDncpjVlhy3aQs2vojcJBn7Gdv9hC2_Nzct_pRFrnFE1a7KTCdY1bT_kAgnY3-iadRZrGeJf1fR2P5fu11bokx0pWjaypoy-ctwCjklldpEbA\/s1600\/logo-principal7.jpg\" width=\"100%\" height=\"100\" \/><\/a><!--bestpublic-voz02--><!--desk-in-out-voz02--><\/p>\n<p style=\"text-align: justify;\">Lo ha hecho en Ontur durante la inauguraci\u00f3n formal que, este s\u00e1bado, el jefe del Ejecutivo Auton\u00f3mico, Emiliano Garc\u00eda-Page, ha hecho de distintos avances que, ha subrayado Caba\u00f1ero, son fruto de \u201cunos agricultores que han querido arriesgar su patrimonio, que han querido invertir en mejorar sus explotaciones, optimizarlas, hacerlas m\u00e1s productivas para el futuro; y que lo hacen con la connivencia de su ayuntamiento y de la mano del Gobierno Regional, a trav\u00e9s de la Consejer\u00eda de Agricultura, Ganader\u00eda y Desarrollo Rural\u201d: agentes que han hecho posible una inversi\u00f3n total de casi 750.000 euros.<\/p>\n<p style=\"text-align: justify;\">Dos nuevos embalses y una instalaci\u00f3n solar fotovoltaica al servicio del sector primario<\/p>\n<p style=\"text-align: justify;\">Y es que la SAT Ontur y la Comunidad de Regantes Ontur \u2013 Albatana han implementado mejoras notables en sus infraestructuras, destacando la construcci\u00f3n de sendos embalses a los que se suma, en el caso de la SAT, una planta fotovoltaica (de 40.200 kWp). Iniciativas que no s\u00f3lo mejoran la eficiencia del uso del agua, sino que marcan un nuevo hito en el ahorro energ\u00e9tico y la sostenibilidad de las pr\u00e1cticas agr\u00edcolas en la provincia.<\/p>\n<p style=\"text-align: justify;\">Durante sus palabras, Caba\u00f1ero ha subrayado precisamente la importancia que esa colaboraci\u00f3n tiene en el logro de avances que, adem\u00e1s de compromisos en lo econ\u00f3mico, requieren de un trabajo constante de \u2018lucha\u2019 en los despachos, que viene liderando con determinanci\u00f3n el presidente Garc\u00eda-Page \u201cfrente al Gobierno y a la Confederaci\u00f3n que haga falta\u201d, resaltando los esfuerzos que tambi\u00e9n el Gobierno de C-LM ha venido realizando con la del Segura para regularizar la concesi\u00f3n de agua para la SAT Ontur.<\/p>\n<p style=\"text-align: justify;\">As\u00ed, con m\u00e1s de 2.150 hect\u00e1reas y unos 91 socios, la Sociedad Agraria de Transformaci\u00f3n de Ontur ha pasado de tener recursos para regar s\u00f3lo 271 de sus hect\u00e1reas, a obtener 1,5 hm\u00b3 adicionales para las 1.880 restantes: algo clave para la sostenibilidad de sus cultivos le\u00f1osos, especialmente, del olivar tan caracter\u00edstico de esta zona, tal y como ha valorado el propio Caba\u00f1ero.<\/p>\n<p style=\"text-align: justify;\">En este sentido, el presidente de la Diputaci\u00f3n ha hecho alusi\u00f3n a c\u00f3mo comenzaba la semana de la misma forma en que la est\u00e1 siguiendo este s\u00e1bado: con protagonistas del \u00e1mbito primario de Ontur. Y es que el lunes, junto al consejero, Caba\u00f1ero compart\u00eda jornada con representantes de tres almazaras ligadas a Ontur (Altiplano, Ontalba y P\u00edo del Ramo), participando con \u00e9xito y de la mano de la Diputaci\u00f3n de Albacete, en la gran feria mundial del Aceite de Oliva que se ha celebraba en IFEMA Madrid tal y como les comprometi\u00f3 hace apenas unos meses en la propia localidad.<\/p>\n<p style=\"text-align: justify;\">Apoyo a un sector que, ha se\u00f1alado, respalda a m\u00e1s de 13.000 familias en la provincia de Albacete y que \u201ces parte imprescindible de nuestro presente y de nuestro futuro porque, adem\u00e1s de ser una renta importante para muchos (como lo es Ontur), es ese sumidero de carbono que, en zonas \u00e1ridas como \u00e9sta, es interesante para el medio ambiente\u201d.<\/p>\n<p style=\"text-align: justify;\">Garant\u00edas que, ha afirmado, \u201cse multiplican por cinco\u201d conforme se van ganando derechos con respecto a un recurso como el del agua, que \u201ces imprescindible para avanzar\u201d a trav\u00e9s de un uso responsable y sostenible porque, parafreseando al delegado de Agricultura, Ram\u00f3n S\u00e1ez, \u201cla mejor herramienta de desarrollo rural en un pueblo es un regad\u00edo, que multiplica por cinco el valor de la tierra, lo que se produce en ella y las oportunidades que nacen de que la gente se pueda quedar a vivir donde quiera hacerlo\u2026\u201d.<\/p>\n<p style=\"text-align: justify;\">La Diputaci\u00f3n de Albacete impulsa unas 30 instalaciones solares fotovoltaicas para el bombeo de agua potable en otras tantas localidades de la mano del IDAE<\/p>\n<p style=\"text-align: justify;\">La cita, adem\u00e1s, ha servido para poner en valor la \u201cconciencia social\u201d que el sector primario, tambi\u00e9n de la mano de los colectivos de regantes, viene manifestando con respecto al desarrollo sostenible y la apuesta por una cada vez mayor eficiencia energ\u00e9tica en la lucha contra el cambio clim\u00e1tico y que tiene un gran ejemplo en esa la instalaci\u00f3n de esa nueva planta fotovoltaica que la SAT de Ontur ha impulsado para ahorrar energ\u00eda.<\/p>\n<p style=\"text-align: justify;\">Un compromiso que, de la mano de la Diputaci\u00f3n, se viene extendiendo al conjunto de las Entidades Locales del territorio, donde el Gobierno Provincial de Caba\u00f1ero viene gestionando m\u00e1s de 5.350.000 euros en proyectos de transici\u00f3n ecol\u00f3gica y energ\u00edas limpias para los ayuntamientos, predominando una notable inversi\u00f3n (unos 3.000.000 euros) para instalaciones solares fotovoltaicas en cerca de 60 localidades de la provincia.<\/p>\n<p style=\"text-align: justify;\">27 de esas actuaciones (valoradas en m\u00e1s de 825.000 euros) son en estaciones de bombeo de agua potable; otras 4, en depuradoras de aguas residuales; y, el resto, en todo tipo de dependencias p\u00fablicas municipales, demostrando la sensibilidad real que existe en torno a estas cuestiones y que, adem\u00e1s de localidades energ\u00e9ticamente m\u00e1s eficientes, logran localidades econ\u00f3micamente m\u00e1s eficaces.<\/p>\n<p style=\"text-align: justify;\">La doble inauguraci\u00f3n celebrada este s\u00e1bado, en Ontur, no s\u00f3lo ha servido para que Caba\u00f1ero haya celebrado el logro de avances significativos para la gesti\u00f3n del agua y la eficiencia energ\u00e9tica por parte de los y las regantes de la zona, sino para que haya subrayado la apuesta de su Gobierno, as\u00ed como del regional y el nacional, por apoyar a los municipios y a los y las protagonistas del sector primario en su camino hacia la sostenibilidad felicitando, en nombre de todos ellos, al alcalde de Ontur, Jes\u00fas L\u00f3pez Higuera; al presidente Garc\u00eda-Page y al consejero de Agricultura, Ganader\u00eda y Desarrollo Rural, Juli\u00e1n Mart\u00ednez Liz\u00e1n y, muy especialmente, al m\u00e1ximo representante de la CC.RR. Ontur-Albatana y SAT Ontur, Benito del Ramo Mar\u00edn.<\/p>\n<p><!--publicidad-voz03--><a href=\"https:\/\/www.facebook.com\/profile.php?id=100063593791305&amp;locale=es_ES\"><img decoding=\"async\" class=\"alignnone size-medium\" src=\"https:\/\/blogger.googleusercontent.com\/img\/b\/R29vZ2xl\/AVvXsEi8_n_ll8UOcGxCqzFvb_9Io4ICczlGC990BPtPj2w9Px-u7B3oqWUW5vtjZUqPNJ-nyjiUIorE0ATsib_l5tV8BVN-UJ03RTnU__IHJF_4DgDBtY4LIqXNG-FomrO-7ywes20CBCRM2Hcm7EJSh3UUw1dO-c_uTflUrtgY1i7uBRezj_DpympmEFkfbQY\/s1600\/logo-principal2.jpg\" width=\"100%\" height=\"100\" \/><\/a><!--bestpublic-voz03--><!--desk-in-out-voz03--><br \/>\n<!--publicidad-voz04--><a href=\"https:\/\/www.facebook.com\/profile.php?id=61557370768692&amp;locale=es_ES\"><img decoding=\"async\" class=\"alignnone size-medium\" src=\"https:\/\/blogger.googleusercontent.com\/img\/b\/R29vZ2xl\/AVvXsEgy5RdcfffrnrItnYTcV9bCJjgJwldsQLWssfVfrLbyfXeBNTFKgBf0rMIvhrUaGUhiXzVr9_eQgCbi-j63ZDpfTvLIty9w7s140y-m1yHe7eKmEK7v2NAHUJDVYGdfeiQFeRCqUjdwWmN1MX_AUxxz4IVdJ4WIM0APxit8bjWkXzrnEFGqBvW_1F13H1g\/s1600\/logo-principal5.jpg\" width=\"100%\" height=\"100\" \/><\/a><!--bestpublic-voz04--><!--desk-in-out-voz04--><br \/>\n<!--publicidad-voz05--><a href=\"https:\/\/www.facebook.com\/asociaciontamborileroshellin?locale=es_ES\"><img decoding=\"async\" class=\"alignnone size-medium\" src=\"https:\/\/blogger.googleusercontent.com\/img\/b\/R29vZ2xl\/AVvXsEhHEEpZsKK1VpwiYMrS7aE2ujtqIDZoLd4B5wtbiseSU9s2HdTdQfhF84So2XwEB1fv0BLw95GADm6hUl1bkKtzh-eIgVigXONuu_5RxeIMPhjk8q6uNX4EaEHbooKkbu7pCADWPpVJjhKIH5NQSJpWqedC-YBez4QAQeJYokkLot9bhrIaUAeztsGis6M\/s1600\/logo-principal3.jpg\" width=\"100%\" height=\"100\" \/><\/a><!--bestpublic-voz05--><!--desk-in-out-voz05--><br \/>\n<!--publicidad-voz06--><!--bestpublic-voz06--><!--desk-in-out-voz06--><br \/>\n<!--publicidad-voz07--><!--bestpublic-voz07--><!--desk-in-out-voz07--><br \/>\n<!--publicidad-voz08--><!--bestpublic-voz08--><!--desk-in-out-voz08--><br \/>\n<!--publicidad-voz09--><!--bestpublic-voz09--><!--desk-in-out-voz09--><br \/>\n<!--publicidad-voz10--><!--bestpublic-voz10--><!--desk-in-out-voz10--><br \/>\n<!--publicidad-voz11--><!--bestpublic-voz11--><!--desk-in-out-voz11--><br \/>\n<!--publicidad-voz12--><!--bestpublic-voz12--><!--desk-in-out-voz12--><br \/>\n<!--publicidad-voz13--><!--bestpublic-voz13--><!--desk-in-out-voz13--><br \/>\n<!--publicidad-voz14--><!--bestpublic-voz14--><!--desk-in-out-voz14--><br \/>\n<!--publicidad-voz15--><!--bestpublic-voz15--><!--desk-in-out-voz15--><br \/>\n<!--publicidad-voz16--><!--bestpublic-voz16--><!--desk-in-out-voz16--><\/p>\n","protected":false},"excerpt":{"rendered":"<p>En un nuevo paso significativo por el desarrollo sostenible de la agricultura y la eficiencia energ\u00e9tica, el presidente de la Diputaci\u00f3n de Albacete, Santi Caba\u00f1ero, ha reafirmado el apoyo de&#8230;<\/p>\n","protected":false},"author":2,"featured_media":148900,"comment_status":"closed","ping_status":"closed","sticky":false,"template":"","format":"standard","meta":{"footnotes":""},"categories":[753,718,715,716,717],"tags":[],"class_list":["post-148899","post","type-post","status-publish","format-standard","has-post-thumbnail","hentry","category-blog-lv034","category-blogger","category-la-voz-de-hellin","category-la-voz-de-hellin-la-voz-de-hellin","category-noticias"],"_links":{"self":[{"href":"https:\/\/lavozdehellin.com\/noticias\/wp-json\/wp\/v2\/posts\/148899","targetHints":{"allow":["GET"]}}],"collection":[{"href":"https:\/\/lavozdehellin.com\/noticias\/wp-json\/wp\/v2\/posts"}],"about":[{"href":"https:\/\/lavozdehellin.com\/noticias\/wp-json\/wp\/v2\/types\/post"}],"author":[{"embeddable":true,"href":"https:\/\/lavozdehellin.com\/noticias\/wp-json\/wp\/v2\/users\/2"}],"replies":[{"embeddable":true,"href":"https:\/\/lavozdehellin.com\/noticias\/wp-json\/wp\/v2\/comments?post=148899"}],"version-history":[{"count":0,"href":"https:\/\/lavozdehellin.com\/noticias\/wp-json\/wp\/v2\/posts\/148899\/revisions"}],"wp:featuredmedia":[{"embeddable":true,"href":"https:\/\/lavozdehellin.com\/noticias\/wp-json\/wp\/v2\/media\/148900"}],"wp:attachment":[{"href":"https:\/\/lavozdehellin.com\/noticias\/wp-json\/wp\/v2\/media?parent=148899"}],"wp:term":[{"taxonomy":"category","embeddable":true,"href":"https:\/\/lavozdehellin.com\/noticias\/wp-json\/wp\/v2\/categories?post=148899"},{"taxonomy":"post_tag","embeddable":true,"href":"https:\/\/lavozdehellin.com\/noticias\/wp-json\/wp\/v2\/tags?post=148899"}],"curies":[{"name":"wp","href":"https:\/\/api.w.org\/{rel}","templated":true}]}}