{"id":148902,"date":"2024-03-01T14:57:48","date_gmt":"2024-03-01T13:57:48","guid":{"rendered":"https:\/\/lavozdehellin.com\/noticias\/?p=148902"},"modified":"2024-03-06T13:49:36","modified_gmt":"2024-03-06T12:49:36","slug":"v08-322-la-diputacion-de-albacete-llevara-a-cabo-mejoras-en-la-circunvalacion-de-hoya-gonzalo-para-garantizar-la-seguridad-en-la-zona","status":"publish","type":"post","link":"https:\/\/lavozdehellin.com\/noticias\/v08-322-la-diputacion-de-albacete-llevara-a-cabo-mejoras-en-la-circunvalacion-de-hoya-gonzalo-para-garantizar-la-seguridad-en-la-zona\/","title":{"rendered":"LVH NOTICIAS | LA DIPUTACI\u00d3N DE ALBACETE LLEVAR\u00c1 A CABO MEJORAS EN LA CIRCUNVALACI\u00d3N DE HOYA GONZALO PARA GARANTIZAR LA SEGURIDAD EN LA ZONA"},"content":{"rendered":"<p style=\"text-align: justify;\">El vicepresidente de la Diputaci\u00f3n de Albacete y responsable de Obras, Fran Valera, se ha desplazado hasta Hoya Gonzalo, donde ha mantenido una reuni\u00f3n de trabajo con su alcalde, El\u00edseo Fern\u00e1ndez, en la que han abordado diferentes cuestiones de inter\u00e9s para la localidad.<\/p>\n<p><!--more--><br \/>\n<!--publicidad-voz01--><a href=\"https:\/\/www.facebook.com\/SoloRadioHellin\/?locale=es_ES\"><img decoding=\"async\" class=\"alignnone size-medium\" src=\"https:\/\/blogger.googleusercontent.com\/img\/b\/R29vZ2xl\/AVvXsEiNncirNnyGedv00mhjZjh5Wl4_YPdJGanoAl8tL8zH-HwqE8uHqjEfSt340RHdx-9tuCSIkZ8rFamZiGyYlgDGxCsmXjCH_1xk5eYM3ntFZRvJP_jndOKR7w1UAo9Tu0vrZyOLfqRpHIxYI5SymJJ-pfGCQw6QVpggBH-UgfjiFQ2JOxqxG0Jx94kW83c\/s1600\/logo-principal.jpg\" width=\"100%\" height=\"100\" \/><\/a><!--bestpublic-voz01--><!--desk-in-out-voz01--><br \/>\n<!--publicidad-voz02--><a href=\"https:\/\/www.hellincf.com\/\"><img decoding=\"async\" class=\"alignnone size-medium\" src=\"https:\/\/blogger.googleusercontent.com\/img\/b\/R29vZ2xl\/AVvXsEhuZ4-XfBVj3UtdP8-RZugy3WVrg-Zv28c53m4oV47qYCxL1rX_dqWX_YddsGSnpH5SRDqZ7bZeKPIfDVCDncpjVlhy3aQs2vojcJBn7Gdv9hC2_Nzct_pRFrnFE1a7KTCdY1bT_kAgnY3-iadRZrGeJf1fR2P5fu11bokx0pWjaypoy-ctwCjklldpEbA\/s1600\/logo-principal7.jpg\" width=\"100%\" height=\"100\" \/><\/a><!--bestpublic-voz02--><!--desk-in-out-voz02--><\/p>\n<p style=\"text-align: justify;\">Una cita en la que tambi\u00e9n han participado otros concejales del Equipo de Gobierno Municipal, y en la que, desde la escucha activa y el compromiso manifiesto que la instituci\u00f3n provincial viene demostrando para avanzar en seguridad vial en el conjunto de la provincia, el responsable provincial ha trasladado al regidor municipal que la Diputaci\u00f3n va a llevar a cabo actuaciones de mejora en la circunvalaci\u00f3n de la localidad. En concreto, en un tramo de la AB-219 (que comunica Hoya Gonzalo con la A-31), y en el \u00e1rea del cruce con la AB-215 (que une Hoya Gonzalo con Higueruela)<\/p>\n<p style=\"text-align: justify;\">Una zona en la que, adem\u00e1s, convergen buena parte de los servicios p\u00fablicos que ofrece la localidad, como es el caso del colegio, el centro de salud, un parque biosaludable, el tanatorio, o la piscina, el albergue y el gimnasio municipales. Se trata, por tanto, de uno de los espacios m\u00e1s transitados de Hoya Gonzalo, y en el que se dan cita personas de edades muy variadas pero, especialmente, ni\u00f1os, ni\u00f1as y personas mayores.<\/p>\n<p style=\"text-align: justify;\">Y recogiendo la sensibilidad del Ayuntamiento y de los padres y madres de la localidad, la Diputaci\u00f3n de Albacete va a llevar a cabo una actuaci\u00f3n que dar\u00e1 como resultado un entorno m\u00e1s seguro para peatones, pero tambi\u00e9n para ciclistas y conductores.<\/p>\n<p style=\"text-align: justify;\">De hecho, desde el Servicio de la Red Viaria Provincial (cuyo ingeniero t\u00e9cnico, Jorge A. L\u00f3pez de Rodas tambi\u00e9n se ha desplazado hasta la zona) ya se est\u00e1 trabajando, y se est\u00e1n valorando las diferentes l\u00edneas de acci\u00f3n para aportar la mejor soluci\u00f3n posible. Y, una vez finalizados los trabajos, van a marcar un antes y un despu\u00e9s en la zona, mejorando sustancialmente el d\u00eda a d\u00eda de los vecinos y vecinas.<\/p>\n<p style=\"text-align: justify;\">Compromiso del Gobierno de Santi Caba\u00f1ero con el arreglo de la AB-215 de Hoya Gonzalo a Higueruela<\/p>\n<p style=\"text-align: justify;\">Estos trabajos, que se realizar\u00e1n con cargo al presupuesto que la Diputaci\u00f3n ha destinado este 2024 para la mejora de las carreteras provinciales, se enmarcan tambi\u00e9n dentro del compromiso manifestado por el Gobierno de Santi Caba\u00f1ero, que ha dejado claro que el arreglo de la AB-215 en su totalidad es \u201cuna prioridad\u201d, en la que contin\u00faan trabajando progresivamente.<\/p>\n<p style=\"text-align: justify;\">Cabe destacar que en la AB-219 ya se ha actuado en un primer tramo a trav\u00e9s de una inversi\u00f3n conjunta de la propia instituci\u00f3n provincial y el Gobierno de Espa\u00f1a, por valor de cerca de 140.000 \u20ac, gracias a las ayudas aprobadas para paliar los da\u00f1os ocasionados por la borrasca Filomena.<\/p>\n<p style=\"text-align: justify;\">De hecho, de la mano de esta fruct\u00edfera relaci\u00f3n, en los \u00faltimos a\u00f1os, en el caso concreto de la comarca Monte Ib\u00e9rico-Corredor de Almansa, se han destinado m\u00e1s de 1.800.000 \u20ac que est\u00e1n haciendo posible el arreglo de 32 km de 6 carreras provinciales. As\u00ed, adem\u00e1s de la AB-219, tambi\u00e9n se han visto beneficiados tramos de la AB-301; AB-216; AB-217; AB-2011 y la AB-3004, en lo que supone una inversi\u00f3n sin precedentes en materia viaria en esta comarca.<\/p>\n<p style=\"text-align: justify;\">En este sentido, Valera ha destacado que para el Ejecutivo Provincial la mejora en la Red de Carreteras Provinciales es fundamental, advirtiendo que estos trazados son claves para las comunicaciones entre localidades y de \u00e9stas con sus n\u00facleos de poblaci\u00f3n, vertebrar social y econ\u00f3micamente la provincia y para hacer frente al reto demogr\u00e1fico.<\/p>\n<p style=\"text-align: justify;\">Asimismo, ha recordado que las mejores y m\u00e1s \u00fatiles pol\u00edticas p\u00fablicas para impulsar el desarrollo rural son aquellas que apuestan por garantizar los servicios p\u00fablicos, potenciar los recursos locales y mejorar infraestructuras tan importantes como lo son las v\u00edas de comunicaci\u00f3n, avanzando en igualdad de oportunidades.<\/p>\n<p style=\"text-align: justify;\">Hoya Gonzalo dispondr\u00e1 de casi 117.000 \u20ac este 2024 gracias al \u2018Dipualba Responde\u2019<\/p>\n<p style=\"text-align: justify;\">Adem\u00e1s, durante el encuentro, el vicepresidente provincial ha recordado al alcalde de Hoya Gonzalo que este 2024 la localidad dispondr\u00e1 de cerca de 117.000 \u20ac para acometer aquellas acciones que considere m\u00e1s necesarias para el t\u00e9rmino municipal desde su total autonom\u00eda a trav\u00e9s del \u2018Dipualba Responde Inversiones\u2019 (al que ha unido el POS) y el \u2018Dipualba Responde Gasto Corriente\u2019.<\/p>\n<p><!--publicidad-voz03--><a href=\"https:\/\/www.facebook.com\/profile.php?id=100063593791305&amp;locale=es_ES\"><img decoding=\"async\" class=\"alignnone size-medium\" src=\"https:\/\/blogger.googleusercontent.com\/img\/b\/R29vZ2xl\/AVvXsEi8_n_ll8UOcGxCqzFvb_9Io4ICczlGC990BPtPj2w9Px-u7B3oqWUW5vtjZUqPNJ-nyjiUIorE0ATsib_l5tV8BVN-UJ03RTnU__IHJF_4DgDBtY4LIqXNG-FomrO-7ywes20CBCRM2Hcm7EJSh3UUw1dO-c_uTflUrtgY1i7uBRezj_DpympmEFkfbQY\/s1600\/logo-principal2.jpg\" width=\"100%\" height=\"100\" \/><\/a><!--bestpublic-voz03--><!--desk-in-out-voz03--><br \/>\n<!--publicidad-voz04--><a href=\"https:\/\/www.facebook.com\/profile.php?id=61557370768692&amp;locale=es_ES\"><img decoding=\"async\" class=\"alignnone size-medium\" src=\"https:\/\/blogger.googleusercontent.com\/img\/b\/R29vZ2xl\/AVvXsEgy5RdcfffrnrItnYTcV9bCJjgJwldsQLWssfVfrLbyfXeBNTFKgBf0rMIvhrUaGUhiXzVr9_eQgCbi-j63ZDpfTvLIty9w7s140y-m1yHe7eKmEK7v2NAHUJDVYGdfeiQFeRCqUjdwWmN1MX_AUxxz4IVdJ4WIM0APxit8bjWkXzrnEFGqBvW_1F13H1g\/s1600\/logo-principal5.jpg\" width=\"100%\" height=\"100\" \/><\/a><!--bestpublic-voz04--><!--desk-in-out-voz04--><br \/>\n<!--publicidad-voz05--><a href=\"https:\/\/www.facebook.com\/asociaciontamborileroshellin?locale=es_ES\"><img decoding=\"async\" class=\"alignnone size-medium\" src=\"https:\/\/blogger.googleusercontent.com\/img\/b\/R29vZ2xl\/AVvXsEhHEEpZsKK1VpwiYMrS7aE2ujtqIDZoLd4B5wtbiseSU9s2HdTdQfhF84So2XwEB1fv0BLw95GADm6hUl1bkKtzh-eIgVigXONuu_5RxeIMPhjk8q6uNX4EaEHbooKkbu7pCADWPpVJjhKIH5NQSJpWqedC-YBez4QAQeJYokkLot9bhrIaUAeztsGis6M\/s1600\/logo-principal3.jpg\" width=\"100%\" height=\"100\" \/><\/a><!--bestpublic-voz05--><!--desk-in-out-voz05--><br \/>\n<!--publicidad-voz06--><!--bestpublic-voz06--><!--desk-in-out-voz06--><br \/>\n<!--publicidad-voz07--><!--bestpublic-voz07--><!--desk-in-out-voz07--><br \/>\n<!--publicidad-voz08--><!--bestpublic-voz08--><!--desk-in-out-voz08--><br \/>\n<!--publicidad-voz09--><!--bestpublic-voz09--><!--desk-in-out-voz09--><br \/>\n<!--publicidad-voz10--><!--bestpublic-voz10--><!--desk-in-out-voz10--><br \/>\n<!--publicidad-voz11--><!--bestpublic-voz11--><!--desk-in-out-voz11--><br \/>\n<!--publicidad-voz12--><!--bestpublic-voz12--><!--desk-in-out-voz12--><br \/>\n<!--publicidad-voz13--><!--bestpublic-voz13--><!--desk-in-out-voz13--><br \/>\n<!--publicidad-voz14--><!--bestpublic-voz14--><!--desk-in-out-voz14--><br \/>\n<!--publicidad-voz15--><!--bestpublic-voz15--><!--desk-in-out-voz15--><br \/>\n<!--publicidad-voz16--><!--bestpublic-voz16--><!--desk-in-out-voz16--><\/p>\n","protected":false},"excerpt":{"rendered":"<p>El vicepresidente de la Diputaci\u00f3n de Albacete y responsable de Obras, Fran Valera, se ha desplazado hasta Hoya Gonzalo, donde ha mantenido una reuni\u00f3n de trabajo con su alcalde, El\u00edseo&#8230;<\/p>\n","protected":false},"author":2,"featured_media":148903,"comment_status":"closed","ping_status":"closed","sticky":false,"template":"","format":"standard","meta":{"footnotes":""},"categories":[753,718,715,716,717],"tags":[],"class_list":["post-148902","post","type-post","status-publish","format-standard","has-post-thumbnail","hentry","category-blog-lv034","category-blogger","category-la-voz-de-hellin","category-la-voz-de-hellin-la-voz-de-hellin","category-noticias"],"_links":{"self":[{"href":"https:\/\/lavozdehellin.com\/noticias\/wp-json\/wp\/v2\/posts\/148902","targetHints":{"allow":["GET"]}}],"collection":[{"href":"https:\/\/lavozdehellin.com\/noticias\/wp-json\/wp\/v2\/posts"}],"about":[{"href":"https:\/\/lavozdehellin.com\/noticias\/wp-json\/wp\/v2\/types\/post"}],"author":[{"embeddable":true,"href":"https:\/\/lavozdehellin.com\/noticias\/wp-json\/wp\/v2\/users\/2"}],"replies":[{"embeddable":true,"href":"https:\/\/lavozdehellin.com\/noticias\/wp-json\/wp\/v2\/comments?post=148902"}],"version-history":[{"count":0,"href":"https:\/\/lavozdehellin.com\/noticias\/wp-json\/wp\/v2\/posts\/148902\/revisions"}],"wp:featuredmedia":[{"embeddable":true,"href":"https:\/\/lavozdehellin.com\/noticias\/wp-json\/wp\/v2\/media\/148903"}],"wp:attachment":[{"href":"https:\/\/lavozdehellin.com\/noticias\/wp-json\/wp\/v2\/media?parent=148902"}],"wp:term":[{"taxonomy":"category","embeddable":true,"href":"https:\/\/lavozdehellin.com\/noticias\/wp-json\/wp\/v2\/categories?post=148902"},{"taxonomy":"post_tag","embeddable":true,"href":"https:\/\/lavozdehellin.com\/noticias\/wp-json\/wp\/v2\/tags?post=148902"}],"curies":[{"name":"wp","href":"https:\/\/api.w.org\/{rel}","templated":true}]}}