{"id":148905,"date":"2024-02-29T13:56:20","date_gmt":"2024-02-29T12:56:20","guid":{"rendered":"https:\/\/lavozdehellin.com\/noticias\/?p=148905"},"modified":"2024-03-06T13:49:36","modified_gmt":"2024-03-06T12:49:36","slug":"v08-321-la-roda-prosigue-su-impulso-y-transformacion-con-el-apoyo-de-la-diputacion-de-albacete-que-preve-invertir-este-ano-mas-de-340-000-euros-en-la-localidad","status":"publish","type":"post","link":"https:\/\/lavozdehellin.com\/noticias\/v08-321-la-roda-prosigue-su-impulso-y-transformacion-con-el-apoyo-de-la-diputacion-de-albacete-que-preve-invertir-este-ano-mas-de-340-000-euros-en-la-localidad\/","title":{"rendered":"LVH NOTICIAS | LA RODA PROSIGUE SU IMPULSO Y TRANSFORMACI\u00d3N CON EL APOYO DE LA DIPUTACI\u00d3N DE ALBACETE, QUE PREV\u00c9 INVERTIR ESTE A\u00d1O M\u00c1S DE 340.000 EUROS EN LA LOCALIDAD"},"content":{"rendered":"<p style=\"text-align: justify;\">La Roda contin\u00faa su avance a trav\u00e9s de la colaboraci\u00f3n entre el Gobierno de la Diputaci\u00f3n de Albacete y el del propio Ayuntamiento, por ejemplo, con cargo a los Planes de Obras y Servicios (POS).<\/p>\n<p><!--more--><br \/>\n<!--publicidad-voz01--><a href=\"https:\/\/www.facebook.com\/SoloRadioHellin\/?locale=es_ES\"><img decoding=\"async\" class=\"alignnone size-medium\" src=\"https:\/\/blogger.googleusercontent.com\/img\/b\/R29vZ2xl\/AVvXsEiNncirNnyGedv00mhjZjh5Wl4_YPdJGanoAl8tL8zH-HwqE8uHqjEfSt340RHdx-9tuCSIkZ8rFamZiGyYlgDGxCsmXjCH_1xk5eYM3ntFZRvJP_jndOKR7w1UAo9Tu0vrZyOLfqRpHIxYI5SymJJ-pfGCQw6QVpggBH-UgfjiFQ2JOxqxG0Jx94kW83c\/s1600\/logo-principal.jpg\" width=\"100%\" height=\"100\" \/><\/a><!--bestpublic-voz01--><!--desk-in-out-voz01--><br \/>\n<!--publicidad-voz02--><a href=\"https:\/\/www.hellincf.com\/\"><img decoding=\"async\" class=\"alignnone size-medium\" src=\"https:\/\/blogger.googleusercontent.com\/img\/b\/R29vZ2xl\/AVvXsEhuZ4-XfBVj3UtdP8-RZugy3WVrg-Zv28c53m4oV47qYCxL1rX_dqWX_YddsGSnpH5SRDqZ7bZeKPIfDVCDncpjVlhy3aQs2vojcJBn7Gdv9hC2_Nzct_pRFrnFE1a7KTCdY1bT_kAgnY3-iadRZrGeJf1fR2P5fu11bokx0pWjaypoy-ctwCjklldpEbA\/s1600\/logo-principal7.jpg\" width=\"100%\" height=\"100\" \/><\/a><!--bestpublic-voz02--><!--desk-in-out-voz02--><\/p>\n<p style=\"text-align: justify;\">As\u00ed lo han podido comprobar, este jueves, el presidente provincial, Santi Caba\u00f1ero, y el diputado Jos\u00e9 Antonio Calvo, junto al alcalde de la localidad, Juanra Amores, durante la visita conjunta que, con parte del Equipo de Gobierno Local, han podido hacer a la reforma integral acometida en las v\u00edas General Espartero, San Juan, Balazote e Hip\u00f3lito Ram\u00edrez. Actuaciones que marcan un nuevo hito en \u201cla cooperaci\u00f3n\u201d entre ambas instituciones, demostrando su compromiso con el progreso y el bienestar de la poblaci\u00f3n rodense, cuyo primer edil ha puesto en valor \u201cc\u00f3mo los ayuntamientos invierten esos fondos tan importantes con los que nos apoya la Diputaci\u00f3n\u201d.<\/p>\n<p style=\"text-align: justify;\">Como ha se\u00f1alado Amores, la renovaci\u00f3n ha mejorado significativamente la accesibilidad y la est\u00e9tica de toda esa zona de la localidad, optimizando la movilidad para peatones y veh\u00edculos. Con una inversi\u00f3n total de 544.000 euros (de los cuales 60.000 euros fueron cofinanciado por la Diputaci\u00f3n mediante el POS de 2022), estas obras no solo han embellecido el entorno urbano sino que tambi\u00e9n han mejorado la red de abastecimiento y saneamiento de agua, evidenciando un avance en la eficiencia de los recursos h\u00eddricos y la reducci\u00f3n de incidencias ligadas a ellos, con unas obras que, como ha subrayado el alcalde, han tratado \u201clo que se ve, y lo que no se ve\u201d.<\/p>\n<p style=\"text-align: justify;\">La Roda recibir\u00e1 m\u00e1s de 200.000 euros de la Diputaci\u00f3n para obras y gasto corriente<\/p>\n<p style=\"text-align: justify;\">La visita ha servido tambi\u00e9n para poner en valor el apoyo especial de la Diputaci\u00f3n hacia las localidades con menos de 20.000 habitantes de la provincia teniendo a La Roda (con algo m\u00e1s de 15.540 personas censadas) como \u201cla hermana mayor\u201d de las que se pueden beneficiar del programa Dipualba Responde, impulsado por el Gobierno de Caba\u00f1ero en 2021, afianz\u00e1ndose y creciendo con \u00e9xito desde entonces.<\/p>\n<p style=\"text-align: justify;\">Un programa con dos ejes (Dipualba Responde-Inversiones y Dipualba Responde-Gasto Corriente) que, como ha recordado Caba\u00f1ero, subraya la apuesta que (siempre que es posible) su Gobierno hace por la discriminaci\u00f3n positiva hacia las localidades \u2018menores\u2019, proporcion\u00e1ndoles en los \u00faltimos a\u00f1os \u201ccada vez m\u00e1s fondos y m\u00e1s libertad para que, desde su total autonom\u00eda, decidan d\u00f3nde cada localidad quiere invertirlos\u201d, con el objetivo de fomentar el desarrollo local y responder a las necesidades espec\u00edficas de cada poblaci\u00f3n con \u2018tratamientos diana\u2019.<\/p>\n<p style=\"text-align: justify;\">El presidente ha avanzado que, para este 2024, llegar\u00e1n a La Roda en torno a 340.000 euros en el marco de la estrategia inversora de la Diputaci\u00f3n de Albacete. Una cuant\u00eda que engloba algo m\u00e1s de 200.000 euros en inversiones directas al Ayuntamiento dentro de los grandes planes que la instituci\u00f3n provincial pone a disposici\u00f3n de las Entidades Locales para, principalmente, acometer diversas mejoras en infraestructuras y recursos municipales.<\/p>\n<p style=\"text-align: justify;\">As\u00ed, se contempla la llegada de 120.000 euros de la Diputaci\u00f3n con cargo a las cuant\u00edas correspondientes a los POS de 2023 y 2024, que se sumar\u00e1n a los 45.000 euros del Dipualba Responde-Inversiones al que el Gobierno Local ha decidido destinar ese total de 165.000 euros este a\u00f1o aprovechando la opci\u00f3n que este a\u00f1o ha dado para ello el Gobierno de Caba\u00f1ero. Al margen, tendr\u00e1n los 18.800 euros que este a\u00f1o le corresponden a todas las localidades englobadas en el Dipualba Responde-Gasto Corriente (para el pago de facturas, suministros varios, personal, etc.) y que ha crecido un 58% con respecto al a\u00f1o pasado, y los 17.000 euros del Plan de Caminos (cuyo plazo de solicitud, ha recordado Caba\u00f1ero, est\u00e1 abierto ahora mismo).<\/p>\n<p style=\"text-align: justify;\">Adem\u00e1s, se estima una inversi\u00f3n cercana a los 140.000 euros para diversas actividades impulsadas tanto por el propio Ayuntamiento como por el potente tejido asociativo rodense<\/p>\n<p style=\"text-align: justify;\">En total, 200.8000 euros a los que, como ha proseguido el presidente, se complementar\u00edan (tomando como referencia lo solicitado en 2023) con una previsi\u00f3n de otros casi 140.000 euros adicionales procedentes de las distintas Convocatorias de Ayudas que la Diputaci\u00f3n destinada a apoyar, tanto a que los ayuntamientos promuevan una amplia gama de proyectos municipales, como que otros colectivos y entidades con arraigo a la localidad hagan lo propio en \u00e1reas como la educaci\u00f3n, el patrimonio, el deporte y la cultura, entre otras.<\/p>\n<p style=\"text-align: justify;\">As\u00ed, repasando la ejecuci\u00f3n presupuestaria de 2023, el Ayuntamiento de La Roda logr\u00f3 algo m\u00e1s de 51.000 euros de la Diputaci\u00f3n a trav\u00e9s de las distintas l\u00edneas de Subvenciones a las que decidi\u00f3 optar y que, por ejemplo, sirvieron para: reponer el cableado el\u00e9ctrico del pol\u00edgono de El Salvador (con 10.000 euros de la Convocatoria \u2018Emergencias Inversiones\u2019); para afrontar gastos de profesorado, tanto de la Academia de M\u00fasica como de la Universidad Popular; reformar la capilla de la Virgen del Pilar (con algo m\u00e1s de 7.000 euros de Ayudas para Rehabilitaci\u00f3n de Patrimonio); impulsar actividades de verano en el marco del Plan Corresponsables; comprar instrumentos musicales; reparar da\u00f1os en instalaciones deportivas (con otros 5.000 euros de la Convocatoria de Emergencias para Gasto Corriente); e impulsar actividades del Club de Lectura, el Campeonato de Espa\u00f1a de Fisioculturismo, la mejora del Archivo Municipal y distintos proyectos de Juventud.<\/p>\n<p style=\"text-align: justify;\">Sobre el apoyo que lleg\u00f3 a la localidad en 2023 desde las distintas v\u00edas de colaboraci\u00f3n que la Diputaci\u00f3n mantiene con el tejido social \u201cplenamente activo\u201d que hay en La Roda, \u00e9ste super\u00f3 los 85.000 euros. Cifra que, por ejemplo, sirvi\u00f3 para apoyar (con m\u00e1s de 10.000 euros) a CIRENC en el transporte adaptado de personas con enfermedades neurol\u00f3gicas; para que AFA La Roda pudiera (con otros cerca de 10.000 euros) ofrecer servicios de fisioterapia y psicomotricidad a sus pacientes; para que \u2018adELAnte CLM\u2019 pudiera proseguir con su labor de apoyo sociosanitario y para que la asociaci\u00f3n \u2018Mentes Abiertas\u2019 desarrollara su proyecto \u2018Ag\u00e1rrate a la vida\u2019.<\/p>\n<p style=\"text-align: justify;\">En el \u00e1mbito socioecon\u00f3mico, destac\u00f3 el convenio con el que la Diputaci\u00f3n reforzaba, con 15.000 euros, la organizaci\u00f3n del que Caba\u00f1ero ha subrayado como un \u201cevento clave y referente no s\u00f3lo para la localidad sino para toda la provincia\u201d: el \u2018Festival de los Sentidos de La Roda\u2019.<\/p>\n<p style=\"text-align: justify;\">Y en el \u00e1rea deportiva, resaltaba el respaldo a clubes deportivos ligados a la localidad, como el de Ajedrez, el de nataci\u00f3n, de BTT, los de Atletismo, baloncesto, r\u00edtmica, f\u00fatbol y f\u00fatbol base.<\/p>\n<p style=\"text-align: justify;\">Conforme han subrayado durante la visita, tanto el presidente provincial como el alcalde de La Roda, la colaboraci\u00f3n entre la Diputaci\u00f3n y el Ayuntamiento es un claro ejemplo de c\u00f3mo el trabajo conjunto orientado a satisfacer las distintas necesidades locales puede traducirse en avances en beneficio de la poblaci\u00f3n y de su calidad de vida, asent\u00e1ndose cada vez esta municipio como \u201cun motor de dinamismo y atracci\u00f3n de todo tipo de oportunidades\u201d que, como ha subrayado Caba\u00f1ero, es clave para el conjunto de la provincia.<\/p>\n<p><!--publicidad-voz03--><a href=\"https:\/\/www.facebook.com\/profile.php?id=100063593791305&amp;locale=es_ES\"><img decoding=\"async\" class=\"alignnone size-medium\" src=\"https:\/\/blogger.googleusercontent.com\/img\/b\/R29vZ2xl\/AVvXsEi8_n_ll8UOcGxCqzFvb_9Io4ICczlGC990BPtPj2w9Px-u7B3oqWUW5vtjZUqPNJ-nyjiUIorE0ATsib_l5tV8BVN-UJ03RTnU__IHJF_4DgDBtY4LIqXNG-FomrO-7ywes20CBCRM2Hcm7EJSh3UUw1dO-c_uTflUrtgY1i7uBRezj_DpympmEFkfbQY\/s1600\/logo-principal2.jpg\" width=\"100%\" height=\"100\" \/><\/a><!--bestpublic-voz03--><!--desk-in-out-voz03--><br \/>\n<!--publicidad-voz04--><a href=\"https:\/\/www.facebook.com\/profile.php?id=61557370768692&amp;locale=es_ES\"><img decoding=\"async\" class=\"alignnone size-medium\" src=\"https:\/\/blogger.googleusercontent.com\/img\/b\/R29vZ2xl\/AVvXsEgy5RdcfffrnrItnYTcV9bCJjgJwldsQLWssfVfrLbyfXeBNTFKgBf0rMIvhrUaGUhiXzVr9_eQgCbi-j63ZDpfTvLIty9w7s140y-m1yHe7eKmEK7v2NAHUJDVYGdfeiQFeRCqUjdwWmN1MX_AUxxz4IVdJ4WIM0APxit8bjWkXzrnEFGqBvW_1F13H1g\/s1600\/logo-principal5.jpg\" width=\"100%\" height=\"100\" \/><\/a><!--bestpublic-voz04--><!--desk-in-out-voz04--><br \/>\n<!--publicidad-voz05--><a href=\"https:\/\/www.facebook.com\/asociaciontamborileroshellin?locale=es_ES\"><img decoding=\"async\" class=\"alignnone size-medium\" src=\"https:\/\/blogger.googleusercontent.com\/img\/b\/R29vZ2xl\/AVvXsEhHEEpZsKK1VpwiYMrS7aE2ujtqIDZoLd4B5wtbiseSU9s2HdTdQfhF84So2XwEB1fv0BLw95GADm6hUl1bkKtzh-eIgVigXONuu_5RxeIMPhjk8q6uNX4EaEHbooKkbu7pCADWPpVJjhKIH5NQSJpWqedC-YBez4QAQeJYokkLot9bhrIaUAeztsGis6M\/s1600\/logo-principal3.jpg\" width=\"100%\" height=\"100\" \/><\/a><!--bestpublic-voz05--><!--desk-in-out-voz05--><br \/>\n<!--publicidad-voz06--><!--bestpublic-voz06--><!--desk-in-out-voz06--><br \/>\n<!--publicidad-voz07--><!--bestpublic-voz07--><!--desk-in-out-voz07--><br \/>\n<!--publicidad-voz08--><!--bestpublic-voz08--><!--desk-in-out-voz08--><br \/>\n<!--publicidad-voz09--><!--bestpublic-voz09--><!--desk-in-out-voz09--><br \/>\n<!--publicidad-voz10--><!--bestpublic-voz10--><!--desk-in-out-voz10--><br \/>\n<!--publicidad-voz11--><!--bestpublic-voz11--><!--desk-in-out-voz11--><br \/>\n<!--publicidad-voz12--><!--bestpublic-voz12--><!--desk-in-out-voz12--><br \/>\n<!--publicidad-voz13--><!--bestpublic-voz13--><!--desk-in-out-voz13--><br \/>\n<!--publicidad-voz14--><!--bestpublic-voz14--><!--desk-in-out-voz14--><br \/>\n<!--publicidad-voz15--><!--bestpublic-voz15--><!--desk-in-out-voz15--><br \/>\n<!--publicidad-voz16--><!--bestpublic-voz16--><!--desk-in-out-voz16--><\/p>\n","protected":false},"excerpt":{"rendered":"<p>La Roda contin\u00faa su avance a trav\u00e9s de la colaboraci\u00f3n entre el Gobierno de la Diputaci\u00f3n de Albacete y el del propio Ayuntamiento, por ejemplo, con cargo a los Planes&#8230;<\/p>\n","protected":false},"author":2,"featured_media":148906,"comment_status":"closed","ping_status":"closed","sticky":false,"template":"","format":"standard","meta":{"footnotes":""},"categories":[753,718,715,716,717],"tags":[],"class_list":["post-148905","post","type-post","status-publish","format-standard","has-post-thumbnail","hentry","category-blog-lv034","category-blogger","category-la-voz-de-hellin","category-la-voz-de-hellin-la-voz-de-hellin","category-noticias"],"_links":{"self":[{"href":"https:\/\/lavozdehellin.com\/noticias\/wp-json\/wp\/v2\/posts\/148905","targetHints":{"allow":["GET"]}}],"collection":[{"href":"https:\/\/lavozdehellin.com\/noticias\/wp-json\/wp\/v2\/posts"}],"about":[{"href":"https:\/\/lavozdehellin.com\/noticias\/wp-json\/wp\/v2\/types\/post"}],"author":[{"embeddable":true,"href":"https:\/\/lavozdehellin.com\/noticias\/wp-json\/wp\/v2\/users\/2"}],"replies":[{"embeddable":true,"href":"https:\/\/lavozdehellin.com\/noticias\/wp-json\/wp\/v2\/comments?post=148905"}],"version-history":[{"count":0,"href":"https:\/\/lavozdehellin.com\/noticias\/wp-json\/wp\/v2\/posts\/148905\/revisions"}],"wp:featuredmedia":[{"embeddable":true,"href":"https:\/\/lavozdehellin.com\/noticias\/wp-json\/wp\/v2\/media\/148906"}],"wp:attachment":[{"href":"https:\/\/lavozdehellin.com\/noticias\/wp-json\/wp\/v2\/media?parent=148905"}],"wp:term":[{"taxonomy":"category","embeddable":true,"href":"https:\/\/lavozdehellin.com\/noticias\/wp-json\/wp\/v2\/categories?post=148905"},{"taxonomy":"post_tag","embeddable":true,"href":"https:\/\/lavozdehellin.com\/noticias\/wp-json\/wp\/v2\/tags?post=148905"}],"curies":[{"name":"wp","href":"https:\/\/api.w.org\/{rel}","templated":true}]}}