{"id":148908,"date":"2024-02-28T13:03:18","date_gmt":"2024-02-28T12:03:18","guid":{"rendered":"https:\/\/lavozdehellin.com\/noticias\/?p=148908"},"modified":"2024-03-06T13:49:36","modified_gmt":"2024-03-06T12:49:36","slug":"v08-320-la-diputacion-de-albacete-felicita-a-chinchilla-de-montearagon-por-la-rica-y-variada-programacion-que-un-ano-mas-organiza-en-el-marco-de-su-semana-santa","status":"publish","type":"post","link":"https:\/\/lavozdehellin.com\/noticias\/v08-320-la-diputacion-de-albacete-felicita-a-chinchilla-de-montearagon-por-la-rica-y-variada-programacion-que-un-ano-mas-organiza-en-el-marco-de-su-semana-santa\/","title":{"rendered":"LVH NOTICIAS | LA DIPUTACI\u00d3N DE ALBACETE FELICITA A CHINCHILLA DE MONTEARAG\u00d3N POR LA RICA Y VARIADA PROGRAMACI\u00d3N QUE, UN A\u00d1O M\u00c1S, ORGANIZA EN EL MARCO DE SU SEMANA SANTA"},"content":{"rendered":"<p style=\"text-align: justify;\">La Diputaci\u00f3n de Albacete ha acogido, una edici\u00f3n m\u00e1s, la presentaci\u00f3n del cartel de la Semana Santa de Chinchilla y la programaci\u00f3n de actividades que desde la localidad se organiza en el marco de esta celebraci\u00f3n, extendi\u00e9ndose hasta el pr\u00f3ximo 31 de marzo, tal y como ha explicado el diputado provincial de Cultura, Miguel Zamora, acompa\u00f1ado del alcalde, Francisco Morote; de la concejala del \u00e1rea, Silvia Abell\u00e1n; y del presidente de la Junta de Cofrad\u00edas de esta Semana Santa, Diego G\u00f3mez.<\/p>\n<p><!--more--><br \/>\n<!--publicidad-voz01--><a href=\"https:\/\/www.facebook.com\/SoloRadioHellin\/?locale=es_ES\"><img decoding=\"async\" class=\"alignnone size-medium\" src=\"https:\/\/blogger.googleusercontent.com\/img\/b\/R29vZ2xl\/AVvXsEiNncirNnyGedv00mhjZjh5Wl4_YPdJGanoAl8tL8zH-HwqE8uHqjEfSt340RHdx-9tuCSIkZ8rFamZiGyYlgDGxCsmXjCH_1xk5eYM3ntFZRvJP_jndOKR7w1UAo9Tu0vrZyOLfqRpHIxYI5SymJJ-pfGCQw6QVpggBH-UgfjiFQ2JOxqxG0Jx94kW83c\/s1600\/logo-principal.jpg\" width=\"100%\" height=\"100\" \/><\/a><!--bestpublic-voz01--><!--desk-in-out-voz01--><br \/>\n<!--publicidad-voz02--><a href=\"https:\/\/www.hellincf.com\/\"><img decoding=\"async\" class=\"alignnone size-medium\" src=\"https:\/\/blogger.googleusercontent.com\/img\/b\/R29vZ2xl\/AVvXsEhuZ4-XfBVj3UtdP8-RZugy3WVrg-Zv28c53m4oV47qYCxL1rX_dqWX_YddsGSnpH5SRDqZ7bZeKPIfDVCDncpjVlhy3aQs2vojcJBn7Gdv9hC2_Nzct_pRFrnFE1a7KTCdY1bT_kAgnY3-iadRZrGeJf1fR2P5fu11bokx0pWjaypoy-ctwCjklldpEbA\/s1600\/logo-principal7.jpg\" width=\"100%\" height=\"100\" \/><\/a><!--bestpublic-voz02--><!--desk-in-out-voz02--><\/p>\n<p style=\"text-align: justify;\">Subrayando que para la instituci\u00f3n albacetense es \u201cun placer\u201d acoger cada a\u00f1o esta cita, Zamora ha felicitado tanto al Ayuntamiento como a la Junta de Cofrad\u00edas por el gran trabajo, la implicaci\u00f3n y la coordinaci\u00f3n que demuestran para impulsar de la mano esta programaci\u00f3n, que comenz\u00f3 el pasado s\u00e1bado con la presentaci\u00f3n del cartel anunciador que, en esta ocasi\u00f3n, est\u00e1 protagonizado por la imagen del Sant\u00edsimo Cristo de la Agon\u00eda de la Cofrad\u00eda del Sant\u00edsimo Cristo de la Agon\u00eda, Santo Entierro y Romanos. Obra del fot\u00f3grafo Esteve Gallardo Vivas.<\/p>\n<p style=\"text-align: justify;\">En este sentido, el responsable provincial ha destacado \u201cla gran la labor que viene realizando el Ayuntamiento para avanzar en la conservaci\u00f3n y puesta en valor de su cultura, de sus tradiciones y de sus programaciones\u201d, a\u00f1adiendo que tambi\u00e9n es \u201cun orgullo para nuestro territorio contar con organizaciones como esta Junta de Cofrad\u00edas que, de forma altruista, se encarga de preparar eventos tan importantes y que hacen tanto, con tanto cuidado y de forma tan elegante\u201d.<\/p>\n<p style=\"text-align: justify;\">Adem\u00e1s, ha explicado que esta celebraci\u00f3n \u201ca\u00fana los objetivos del Servicio de Cultura de la Diputaci\u00f3n, que pasan por unir eventos que repercutan en la sociedad albacetense de m\u00faltiples formas, tanto patrimonialmente como en materia de tradiciones y de econom\u00eda\u201d, y les ha tendido la mano para seguir sumando esfuerzos con el objetivo de que su Semana Santa, que es Fiesta de Inter\u00e9s Tur\u00edstico Regional, \u201calcance una declaraci\u00f3n de inter\u00e9s superior\u201d, al tiempo que ha reiterado el compromiso de la instituci\u00f3n provincial con esta localidad. De hecho, la Diputaci\u00f3n tiene previsto colaborar con la Junta de Cofrad\u00edas en la renovaci\u00f3n de sus lonas.<\/p>\n<p style=\"text-align: justify;\">Durante su intervenci\u00f3n, Zamora tambi\u00e9n ha destacado \u201cla gran capacidad\u201d que en esta localidad vienen demostrando para enriquecer esta celebraci\u00f3n con nuevas propuestas en las que combinan iniciativas religiosas con otras culturales, que incluyen desde las tradicionales procesiones y eucarist\u00edas, hasta bozainas, charlas-coloquio, iniciativas solidarias, gastronom\u00eda, teatro o m\u00fasica en directo.<\/p>\n<p style=\"text-align: justify;\">Una simbiosis perfecta que confiere un valor a\u00f1adido y una mayor dimensi\u00f3n a la Semana Santa chinchillana, convirti\u00e9ndola no s\u00f3lo en un evento de fe, sino tambi\u00e9n en una herramienta socioecon\u00f3mica y cultural que dinamiza la econom\u00eda y el turismo de esta \u2018ciudad centenaria\u2019.<\/p>\n<p style=\"text-align: justify;\">Desde Chinchilla destacan el valor diferencial de su Semana Santa<\/p>\n<p style=\"text-align: justify;\">Por su parte, desde el Consistorio, tanto el alcalde como la concejala, han coincidido en agradecer a la Diputaci\u00f3n su apoyo y han tenido palabras de especial reconocimiento para la labor que realiza \u00abdurante todo el a\u00f1o\u00bb, la Junta de Cofrad\u00edas, incidiendo en la importancia de la apuesta que est\u00e1n realizando para garantizar el relevo generacional.<\/p>\n<p style=\"text-align: justify;\">Asimismo, Francisco Morote ha dejado claro que esta localidad apuesta, a\u00f1o tras a\u00f1o, por la innovaci\u00f3n para seguir haciendo crecer su Semana Santa, y Silvia Abell\u00e1n ha asegurado que esta celebraci\u00f3n es \u00abel gran evento cultural de Chinchilla\u00bb, advirtiendo que es un motor econ\u00f3mico, cultural, social y tur\u00edstico \u00fanico. De hecho, ha avanzado que los alojamientos est\u00e1n cerca del 100 por 100 de ocupaci\u00f3n.<\/p>\n<p style=\"text-align: justify;\">Adem\u00e1s, la concejala de Cultura ha destacado la gran participaci\u00f3n y el valor diferencial de sus procesiones fruto del propio entramado medieval de su casco urbano y de su rico patrimonio hist\u00f3rico, cultural y art\u00edstico, \u201cdiferenci\u00e1ndonos del resto de procesiones y haci\u00e9ndolas, si cabe, m\u00e1s atractivas\u201d.<br \/>\nUna gran programaci\u00f3n<\/p>\n<p style=\"text-align: justify;\">Y el presidente de la Junta de Cofrad\u00edas, Diego G\u00f3mez, ha sido el encargado de explicar detalladamente la programaci\u00f3n que se ha elaborado para este 2024, en la que junto a las tradicionales procesiones de Lunes Santo (infantil), Martes Santo, Mi\u00e9rcoles Santo, Jueves Santo, Viernes Santo, S\u00e1bado Santo y Domingo de Resurrecci\u00f3n, se han dispuesto una gran variedad de propuestas complementarias que incluyen conferencias en torno a \u2018La S\u00e1bana Santa a la luz de la Ciencia\u2019 a cargo de Jorge Manuel Rodr\u00edguez del Centro Espa\u00f1ol de Sindonologia de Valencia (1 de marzo), \u201cuna oportunidad \u00fanica para nuestra localidad y para la provincia\u201d.<\/p>\n<p style=\"text-align: justify;\">Tambi\u00e9n ha puesto en valor a exitosa representaci\u00f3n de \u2018La Pasi\u00f3n\u2019, que se desarrollar\u00e1 los d\u00edas 16 y 17 de marzo, y las IV Jornadas Gastron\u00f3micas de la Tapa en Semana Santa, \u2018Gastropasi\u00f3n\u2019 (los d\u00edas 23, 28 y 30 de marzo).<\/p>\n<p style=\"text-align: justify;\">Junto a esto, tendr\u00e1 lugar el VII Concierto de \u00d3rgano Parroquial \u2018Memorial Jos\u00e9 Ferrer\u2019 con la intervenci\u00f3n del Coro IES Parque Lineal de Albacete y los organistas Javier Mois\u00e9s Ma\u00f1as y David Garc\u00eda (3 de marzo); el XVII Certamen de Cornetas y Tambores \u2018Ciudad de Chinchilla\u2019 (9 de marzo) que incluye las actuaciones de la Banda de Cornetas y Tambores Ntra. Sra. Mayor Dolor de Albacete y Ntro. Padre Jes\u00fas Nazareno, la agrupaci\u00f3n musical \u2018Oraci\u00f3n en el Huerto\u2019 de Yecla y Las Cruces y Virgen del Rosario de Chinchilla.<\/p>\n<p style=\"text-align: justify;\">Y vuelve la tradicional \u2018Escuela Cofrade (16 de marzo); el \u2018Martes Solidario\u2019 (26 de marzo); o el Concierto de Semana Santa a cargo de la Agrupaci\u00f3n Musical \u2018Virgen de las Nieves\u2019 (27 de marzo), y el 23 de marzo tendr\u00e1 lugar el Preg\u00f3n de la Semana Santa a cargo de Mar\u00eda Jos\u00e9 Rubio Ma\u00f1as.<\/p>\n<p><!--publicidad-voz03--><a href=\"https:\/\/www.facebook.com\/profile.php?id=100063593791305&amp;locale=es_ES\"><img decoding=\"async\" class=\"alignnone size-medium\" src=\"https:\/\/blogger.googleusercontent.com\/img\/b\/R29vZ2xl\/AVvXsEi8_n_ll8UOcGxCqzFvb_9Io4ICczlGC990BPtPj2w9Px-u7B3oqWUW5vtjZUqPNJ-nyjiUIorE0ATsib_l5tV8BVN-UJ03RTnU__IHJF_4DgDBtY4LIqXNG-FomrO-7ywes20CBCRM2Hcm7EJSh3UUw1dO-c_uTflUrtgY1i7uBRezj_DpympmEFkfbQY\/s1600\/logo-principal2.jpg\" width=\"100%\" height=\"100\" \/><\/a><!--bestpublic-voz03--><!--desk-in-out-voz03--><br \/>\n<!--publicidad-voz04--><a href=\"https:\/\/www.facebook.com\/profile.php?id=61557370768692&amp;locale=es_ES\"><img decoding=\"async\" class=\"alignnone size-medium\" src=\"https:\/\/blogger.googleusercontent.com\/img\/b\/R29vZ2xl\/AVvXsEgy5RdcfffrnrItnYTcV9bCJjgJwldsQLWssfVfrLbyfXeBNTFKgBf0rMIvhrUaGUhiXzVr9_eQgCbi-j63ZDpfTvLIty9w7s140y-m1yHe7eKmEK7v2NAHUJDVYGdfeiQFeRCqUjdwWmN1MX_AUxxz4IVdJ4WIM0APxit8bjWkXzrnEFGqBvW_1F13H1g\/s1600\/logo-principal5.jpg\" width=\"100%\" height=\"100\" \/><\/a><!--bestpublic-voz04--><!--desk-in-out-voz04--><br \/>\n<!--publicidad-voz05--><a href=\"https:\/\/www.facebook.com\/asociaciontamborileroshellin?locale=es_ES\"><img decoding=\"async\" class=\"alignnone size-medium\" src=\"https:\/\/blogger.googleusercontent.com\/img\/b\/R29vZ2xl\/AVvXsEhHEEpZsKK1VpwiYMrS7aE2ujtqIDZoLd4B5wtbiseSU9s2HdTdQfhF84So2XwEB1fv0BLw95GADm6hUl1bkKtzh-eIgVigXONuu_5RxeIMPhjk8q6uNX4EaEHbooKkbu7pCADWPpVJjhKIH5NQSJpWqedC-YBez4QAQeJYokkLot9bhrIaUAeztsGis6M\/s1600\/logo-principal3.jpg\" width=\"100%\" height=\"100\" \/><\/a><!--bestpublic-voz05--><!--desk-in-out-voz05--><br \/>\n<!--publicidad-voz06--><!--bestpublic-voz06--><!--desk-in-out-voz06--><br \/>\n<!--publicidad-voz07--><!--bestpublic-voz07--><!--desk-in-out-voz07--><br \/>\n<!--publicidad-voz08--><!--bestpublic-voz08--><!--desk-in-out-voz08--><br \/>\n<!--publicidad-voz09--><!--bestpublic-voz09--><!--desk-in-out-voz09--><br \/>\n<!--publicidad-voz10--><!--bestpublic-voz10--><!--desk-in-out-voz10--><br \/>\n<!--publicidad-voz11--><!--bestpublic-voz11--><!--desk-in-out-voz11--><br \/>\n<!--publicidad-voz12--><!--bestpublic-voz12--><!--desk-in-out-voz12--><br \/>\n<!--publicidad-voz13--><!--bestpublic-voz13--><!--desk-in-out-voz13--><br \/>\n<!--publicidad-voz14--><!--bestpublic-voz14--><!--desk-in-out-voz14--><br \/>\n<!--publicidad-voz15--><!--bestpublic-voz15--><!--desk-in-out-voz15--><br \/>\n<!--publicidad-voz16--><!--bestpublic-voz16--><!--desk-in-out-voz16--><\/p>\n","protected":false},"excerpt":{"rendered":"<p>La Diputaci\u00f3n de Albacete ha acogido, una edici\u00f3n m\u00e1s, la presentaci\u00f3n del cartel de la Semana Santa de Chinchilla y la programaci\u00f3n de actividades que desde la localidad se organiza&#8230;<\/p>\n","protected":false},"author":2,"featured_media":148909,"comment_status":"closed","ping_status":"closed","sticky":false,"template":"","format":"standard","meta":{"footnotes":""},"categories":[753,718,715,716,717],"tags":[],"class_list":["post-148908","post","type-post","status-publish","format-standard","has-post-thumbnail","hentry","category-blog-lv034","category-blogger","category-la-voz-de-hellin","category-la-voz-de-hellin-la-voz-de-hellin","category-noticias"],"_links":{"self":[{"href":"https:\/\/lavozdehellin.com\/noticias\/wp-json\/wp\/v2\/posts\/148908","targetHints":{"allow":["GET"]}}],"collection":[{"href":"https:\/\/lavozdehellin.com\/noticias\/wp-json\/wp\/v2\/posts"}],"about":[{"href":"https:\/\/lavozdehellin.com\/noticias\/wp-json\/wp\/v2\/types\/post"}],"author":[{"embeddable":true,"href":"https:\/\/lavozdehellin.com\/noticias\/wp-json\/wp\/v2\/users\/2"}],"replies":[{"embeddable":true,"href":"https:\/\/lavozdehellin.com\/noticias\/wp-json\/wp\/v2\/comments?post=148908"}],"version-history":[{"count":0,"href":"https:\/\/lavozdehellin.com\/noticias\/wp-json\/wp\/v2\/posts\/148908\/revisions"}],"wp:featuredmedia":[{"embeddable":true,"href":"https:\/\/lavozdehellin.com\/noticias\/wp-json\/wp\/v2\/media\/148909"}],"wp:attachment":[{"href":"https:\/\/lavozdehellin.com\/noticias\/wp-json\/wp\/v2\/media?parent=148908"}],"wp:term":[{"taxonomy":"category","embeddable":true,"href":"https:\/\/lavozdehellin.com\/noticias\/wp-json\/wp\/v2\/categories?post=148908"},{"taxonomy":"post_tag","embeddable":true,"href":"https:\/\/lavozdehellin.com\/noticias\/wp-json\/wp\/v2\/tags?post=148908"}],"curies":[{"name":"wp","href":"https:\/\/api.w.org\/{rel}","templated":true}]}}