{"id":148945,"date":"2024-03-08T11:50:41","date_gmt":"2024-03-08T10:50:41","guid":{"rendered":"https:\/\/lavozdehellin.com\/noticias\/?p=148945"},"modified":"2024-03-08T18:25:42","modified_gmt":"2024-03-08T17:25:42","slug":"v08-339-la-diputacion-de-albacete-abre-10-convocatorias-de-ayudas-dirigidas-al-ambito-deportivo-por-un-valor-superior-a-los-620-000-e","status":"publish","type":"post","link":"https:\/\/lavozdehellin.com\/noticias\/v08-339-la-diputacion-de-albacete-abre-10-convocatorias-de-ayudas-dirigidas-al-ambito-deportivo-por-un-valor-superior-a-los-620-000-e\/","title":{"rendered":"LVH NOTICIAS | LA DIPUTACI\u00d3N DE ALBACETE ABRE 10 CONVOCATORIAS DE AYUDAS DIRIGIDAS AL \u00c1MBITO DEPORTIVO POR UN VALOR SUPERIOR A LOS 620.000 \u20ac"},"content":{"rendered":"<p style=\"text-align: justify;\">El diputado provincial de Deportes, Dani Sancha, ha presentado las diez Convocatorias de Ayudas que dentro de este \u00e1mbito ha puesto en marcha la Diputaci\u00f3n de Albacete destinadas a ayuntamientos y clubes de la provincia, con un presupuesto total de 625.000 \u20ac, lo que supone un incremento del 37% con respecto a 2023.<\/p>\n<p><!--more--><br \/>\n<!--publicidad-voz01--><a href=\"https:\/\/www.facebook.com\/SoloRadioHellin\/?locale=es_ES\"><img decoding=\"async\" class=\"alignnone size-medium\" src=\"https:\/\/blogger.googleusercontent.com\/img\/b\/R29vZ2xl\/AVvXsEiNncirNnyGedv00mhjZjh5Wl4_YPdJGanoAl8tL8zH-HwqE8uHqjEfSt340RHdx-9tuCSIkZ8rFamZiGyYlgDGxCsmXjCH_1xk5eYM3ntFZRvJP_jndOKR7w1UAo9Tu0vrZyOLfqRpHIxYI5SymJJ-pfGCQw6QVpggBH-UgfjiFQ2JOxqxG0Jx94kW83c\/s1600\/logo-principal.jpg\" width=\"100%\" height=\"100\" \/><\/a><!--bestpublic-voz01--><!--desk-in-out-voz01--><br \/>\n<!--publicidad-voz02--><a href=\"https:\/\/www.hellincf.com\/\"><img decoding=\"async\" class=\"alignnone size-medium\" src=\"https:\/\/blogger.googleusercontent.com\/img\/b\/R29vZ2xl\/AVvXsEhuZ4-XfBVj3UtdP8-RZugy3WVrg-Zv28c53m4oV47qYCxL1rX_dqWX_YddsGSnpH5SRDqZ7bZeKPIfDVCDncpjVlhy3aQs2vojcJBn7Gdv9hC2_Nzct_pRFrnFE1a7KTCdY1bT_kAgnY3-iadRZrGeJf1fR2P5fu11bokx0pWjaypoy-ctwCjklldpEbA\/s1600\/logo-principal7.jpg\" width=\"100%\" height=\"100\" \/><\/a><!--bestpublic-voz02--><!--desk-in-out-voz02--><\/p>\n<p style=\"text-align: justify;\">Estas l\u00edneas de ayudas se podr\u00e1n solicitar desde el 12 de marzo hasta el d\u00eda 1 de abril a trav\u00e9s de la sede electr\u00f3nica de la instituci\u00f3n (en su apartado \u2018Subvenciones\u2019) tras su publicaci\u00f3n en el Bolet\u00edn Oficial de la Provincia el pr\u00f3ximo lunes.<\/p>\n<p style=\"text-align: justify;\">En este sentido, Sancha ha destacado que \u201cesta inversi\u00f3n crece cada a\u00f1o y pone de manifiesto el firme compromiso del Gobierno de Santi Caba\u00f1ero en materia deportiva, con la mirada siempre puesta en contribuir a dinamizar esta actividad en el conjunto de la provincia de la mano de agentes claves en el territorio como lo son los consistorios y estas entidades deportivas, que tantas alegr\u00edas nos dan con sus \u00e9xitos\u201d. Momento que ha aprovechado para destacar y agradecer su trabajo en este \u00e1mbito.<\/p>\n<p style=\"text-align: justify;\">Tambi\u00e9n ha dejado claro que invertir en deporte revierte multiplicado en el territorio porque, adem\u00e1s de ocio y h\u00e1bitos de vida saludables, avanzamos en promoci\u00f3n de la provincia, en dinamismo, en actividad\u2026 lo que, a su vez, se traduce en riqueza, y ha recordado que estas convocatorias se completan con muchas otras iniciativas impulsadas por la Diputaci\u00f3n, como los m\u00e1s de 600.000 \u20ac de inversi\u00f3n en los Circuitos Deportivos Provinciales de Carreras Popular, Trail, BTT, Senderismo, DuTri o P\u00e1del o los diferentes convenios con distintas federaciones o entidades vinculadas al deporte.<\/p>\n<p style=\"text-align: justify;\">Sancha subraya que la inversi\u00f3n de la Diputaci\u00f3n en Deporte no para de crecer \u201ccon una cifra r\u00e9cord este 2024\u201d<\/p>\n<p style=\"text-align: justify;\">Adem\u00e1s de los 350.000 \u20ac que la Diputaci\u00f3n destina al programa \u2018Somos Deporte 3-18\u2019 en Edad Escolar de la mano del Gobierno regional (donde la instituci\u00f3n provincial hace frente a las disciplinas deportivas individuales); o la colaboraci\u00f3n con aquellas pruebas de car\u00e1cter local, regional, nacional o internacional que se celebran en la provincia.<\/p>\n<p style=\"text-align: justify;\">\u201cCuestiones que suman una inversi\u00f3n en materia deportiva superior a los 3,7 millones de euros\u201d, tal y como ha apuntado Sancha, subrayando que \u201cse trata de una cifra r\u00e9cord, porque nunca antes la instituci\u00f3n hab\u00eda invertido esta cantidad en este \u00e1mbito\u201d.<\/p>\n<p style=\"text-align: justify;\">El diputado de Deportes tambi\u00e9n ha explicado que, a trav\u00e9s de estas diez convocatorias, la Diputaci\u00f3n consolida su apuesta en dos direcciones, avanzando en un r\u00e9gimen de concurrencia competitiva, m\u00e1s transparente y con menos trabas administrativas, que favorece un mayor acceso, \u201cen igualdad de oportunidades\u201d, a los y las solicitantes a las subvenciones. Al tiempo que se avanza en otro de los compromisos del Equipo de Gobierno provincial, como lo es la \u2018discriminaci\u00f3n positiva\u2019 que, en este caso, se traduce en que en los criterios de valoraci\u00f3n se otorga mayor puntuaci\u00f3n a los clubes instalados en aquellos municipios de menor tama\u00f1o, con el objetivo de ayudar a las localidades que cuentan con menos recursos.<\/p>\n<p style=\"text-align: justify;\">Convocatorias destinadas a Ayuntamientos<\/p>\n<p style=\"text-align: justify;\">Asimismo, Sancha ha detallado cada una de las convocatorias. En el caso de las l\u00edneas dirigidas a ayuntamientos, se destinan 65.000 \u20ac a la organizaci\u00f3n y financiaci\u00f3n de eventos deportivos extraordinarios de inter\u00e9s provincial, regional y nacional que se realicen entre el periodo comprendido entre el 1 de diciembre de 2023 y el 29 de noviembre de 2024; y 60.000 \u20ac para colaborar en la contrataci\u00f3n de monitores deportivos. \u00c9sta est\u00e1 dirigida a Consistorios con una poblaci\u00f3n inferior a los 5.000 habitantes.<\/p>\n<p style=\"text-align: justify;\">Convocatorias para clubes deportivos<\/p>\n<p style=\"text-align: justify;\">En cuanto a las entidades deportivas, la convocatoria destinada a los clubes de baloncesto asciende a 220.000 \u20ac (con un incremento de 110.000 \u20ac con respecto a 2023); en el caso del f\u00fatbol y f\u00fatbol sala cuenta con 150.000 \u20ac; en el \u00e1mbito de la gimnasia dispone de un presupuesto de 21.500 \u20ac, y los clubes que concurran a esta modalidad tendr\u00e1n que hacerlo o en gimnasia o en trampol\u00edn; y la dirigida al voleibol dispondr\u00e1 de 20.000 \u20ac. En todos estos casos, las actividades subvencionables se sit\u00faan entre el 1 de julio de 2023 y el 30 de junio de 2024.<\/p>\n<p style=\"text-align: justify;\">Por su parte, la convocatoria destinada a clubes de atletismo y triatl\u00f3n cuenta con 29.000 \u20ac; en el caso del ciclismo y BTT con 15.000 \u20ac, y a la hora de su resoluci\u00f3n se valorar\u00e1, entre otras cuestiones, que el club est\u00e9 inscrito al Circuito Provincial de BTT o la colaboraci\u00f3n de la entidad con cualquier ayuntamiento en la organizaci\u00f3n de pruebas ciclistas. En ambas, las ayudas est\u00e1n destinadas a aquellas acciones ejecutadas entre el 1 de noviembre de 2023 y el 31 de octubre de 2024.<\/p>\n<p style=\"text-align: justify;\">Adem\u00e1s, a estas l\u00edneas de ayudas dirigidas a entidades deportivas se suman dos m\u00e1s. Una por valor de 20.000 \u20ac para la organizaci\u00f3n de eventos deportivos de car\u00e1cter extraordinario celebrados entre el 1 de diciembre de 2023 y el 29 de noviembre de 2024; y una segunda, dotada con un presupuesto de 20.000 \u20ac para gastos de la temporada 2023\/2024, y cuyos proyectos deben haberse realizado entre el 1 de julio de 2023 y el 30 de junio de 2024.<\/p>\n<p style=\"text-align: justify;\">En estos casos, entre los criterios de valoraci\u00f3n se encuentran, entre otros, la categor\u00eda en la que compiten los clubes, el n\u00famero de equipos federados, las pruebas de \u00e1mbito nacional, regional o provincial en la que est\u00e9n inscritos, el n\u00famero de licencias, disponer de Escuelas o los equipos en Deporte en Edad Escolar.<\/p>\n<p><!--publicidad-voz03--><a href=\"https:\/\/www.facebook.com\/profile.php?id=100063593791305&amp;locale=es_ES\"><img decoding=\"async\" class=\"alignnone size-medium\" src=\"https:\/\/blogger.googleusercontent.com\/img\/b\/R29vZ2xl\/AVvXsEi8_n_ll8UOcGxCqzFvb_9Io4ICczlGC990BPtPj2w9Px-u7B3oqWUW5vtjZUqPNJ-nyjiUIorE0ATsib_l5tV8BVN-UJ03RTnU__IHJF_4DgDBtY4LIqXNG-FomrO-7ywes20CBCRM2Hcm7EJSh3UUw1dO-c_uTflUrtgY1i7uBRezj_DpympmEFkfbQY\/s1600\/logo-principal2.jpg\" width=\"100%\" height=\"100\" \/><\/a><!--bestpublic-voz03--><!--desk-in-out-voz03--><br \/>\n<!--publicidad-voz04--><a href=\"https:\/\/www.facebook.com\/profile.php?id=61557370768692&amp;locale=es_ES\"><img decoding=\"async\" class=\"alignnone size-medium\" src=\"https:\/\/blogger.googleusercontent.com\/img\/b\/R29vZ2xl\/AVvXsEgy5RdcfffrnrItnYTcV9bCJjgJwldsQLWssfVfrLbyfXeBNTFKgBf0rMIvhrUaGUhiXzVr9_eQgCbi-j63ZDpfTvLIty9w7s140y-m1yHe7eKmEK7v2NAHUJDVYGdfeiQFeRCqUjdwWmN1MX_AUxxz4IVdJ4WIM0APxit8bjWkXzrnEFGqBvW_1F13H1g\/s1600\/logo-principal5.jpg\" width=\"100%\" height=\"100\" \/><\/a><!--bestpublic-voz04--><!--desk-in-out-voz04--><br \/>\n<!--publicidad-voz05--><a href=\"https:\/\/www.facebook.com\/asociaciontamborileroshellin?locale=es_ES\"><img decoding=\"async\" class=\"alignnone size-medium\" src=\"https:\/\/blogger.googleusercontent.com\/img\/b\/R29vZ2xl\/AVvXsEhHEEpZsKK1VpwiYMrS7aE2ujtqIDZoLd4B5wtbiseSU9s2HdTdQfhF84So2XwEB1fv0BLw95GADm6hUl1bkKtzh-eIgVigXONuu_5RxeIMPhjk8q6uNX4EaEHbooKkbu7pCADWPpVJjhKIH5NQSJpWqedC-YBez4QAQeJYokkLot9bhrIaUAeztsGis6M\/s1600\/logo-principal3.jpg\" width=\"100%\" height=\"100\" \/><\/a><!--bestpublic-voz05--><!--desk-in-out-voz05--><br \/>\n<!--publicidad-voz06--><!--bestpublic-voz06--><!--desk-in-out-voz06--><br \/>\n<!--publicidad-voz07--><!--bestpublic-voz07--><!--desk-in-out-voz07--><br \/>\n<!--publicidad-voz08--><!--bestpublic-voz08--><!--desk-in-out-voz08--><br \/>\n<!--publicidad-voz09--><!--bestpublic-voz09--><!--desk-in-out-voz09--><br \/>\n<!--publicidad-voz10--><!--bestpublic-voz10--><!--desk-in-out-voz10--><br \/>\n<!--publicidad-voz11--><!--bestpublic-voz11--><!--desk-in-out-voz11--><br \/>\n<!--publicidad-voz12--><!--bestpublic-voz12--><!--desk-in-out-voz12--><br \/>\n<!--publicidad-voz13--><!--bestpublic-voz13--><!--desk-in-out-voz13--><br \/>\n<!--publicidad-voz14--><!--bestpublic-voz14--><!--desk-in-out-voz14--><br \/>\n<!--publicidad-voz15--><!--bestpublic-voz15--><!--desk-in-out-voz15--><br \/>\n<!--publicidad-voz16--><!--bestpublic-voz16--><!--desk-in-out-voz16--><\/p>\n","protected":false},"excerpt":{"rendered":"<p>El diputado provincial de Deportes, Dani Sancha, ha presentado las diez Convocatorias de Ayudas que dentro de este \u00e1mbito ha puesto en marcha la Diputaci\u00f3n de Albacete destinadas a ayuntamientos&#8230;<\/p>\n","protected":false},"author":2,"featured_media":148946,"comment_status":"closed","ping_status":"closed","sticky":false,"template":"","format":"standard","meta":{"footnotes":""},"categories":[753,718,715,716,717],"tags":[],"class_list":["post-148945","post","type-post","status-publish","format-standard","has-post-thumbnail","hentry","category-blog-lv034","category-blogger","category-la-voz-de-hellin","category-la-voz-de-hellin-la-voz-de-hellin","category-noticias"],"_links":{"self":[{"href":"https:\/\/lavozdehellin.com\/noticias\/wp-json\/wp\/v2\/posts\/148945","targetHints":{"allow":["GET"]}}],"collection":[{"href":"https:\/\/lavozdehellin.com\/noticias\/wp-json\/wp\/v2\/posts"}],"about":[{"href":"https:\/\/lavozdehellin.com\/noticias\/wp-json\/wp\/v2\/types\/post"}],"author":[{"embeddable":true,"href":"https:\/\/lavozdehellin.com\/noticias\/wp-json\/wp\/v2\/users\/2"}],"replies":[{"embeddable":true,"href":"https:\/\/lavozdehellin.com\/noticias\/wp-json\/wp\/v2\/comments?post=148945"}],"version-history":[{"count":0,"href":"https:\/\/lavozdehellin.com\/noticias\/wp-json\/wp\/v2\/posts\/148945\/revisions"}],"wp:featuredmedia":[{"embeddable":true,"href":"https:\/\/lavozdehellin.com\/noticias\/wp-json\/wp\/v2\/media\/148946"}],"wp:attachment":[{"href":"https:\/\/lavozdehellin.com\/noticias\/wp-json\/wp\/v2\/media?parent=148945"}],"wp:term":[{"taxonomy":"category","embeddable":true,"href":"https:\/\/lavozdehellin.com\/noticias\/wp-json\/wp\/v2\/categories?post=148945"},{"taxonomy":"post_tag","embeddable":true,"href":"https:\/\/lavozdehellin.com\/noticias\/wp-json\/wp\/v2\/tags?post=148945"}],"curies":[{"name":"wp","href":"https:\/\/api.w.org\/{rel}","templated":true}]}}