{"id":148948,"date":"2024-03-07T22:24:49","date_gmt":"2024-03-07T21:24:49","guid":{"rendered":"https:\/\/lavozdehellin.com\/noticias\/?p=148948"},"modified":"2024-03-08T18:25:42","modified_gmt":"2024-03-08T17:25:42","slug":"v08-338-cabanero-subraya-la-contribucion-de-los-premios-amithe-a-la-conservacion-y-divulgacion-de-la-cultura-teatral","status":"publish","type":"post","link":"https:\/\/lavozdehellin.com\/noticias\/v08-338-cabanero-subraya-la-contribucion-de-los-premios-amithe-a-la-conservacion-y-divulgacion-de-la-cultura-teatral\/","title":{"rendered":"LVH NOTICIAS | CABA\u00d1ERO SUBRAYA LA CONTRIBUCI\u00d3N DE LOS PREMIOS AMITHE A LA CONSERVACI\u00d3N Y DIVULGACI\u00d3N DE LA CULTURA TEATRAL"},"content":{"rendered":"<p style=\"text-align: justify;\">El Teatro Circo de Albacete ha acogido la Gala de entrega de los Premios AMIThE: una de las grandes citas del calendario cultural provincial.<\/p>\n<p><!--more--><br \/>\n<!--publicidad-voz01--><a href=\"https:\/\/www.facebook.com\/SoloRadioHellin\/?locale=es_ES\"><img decoding=\"async\" class=\"alignnone size-medium\" src=\"https:\/\/blogger.googleusercontent.com\/img\/b\/R29vZ2xl\/AVvXsEiNncirNnyGedv00mhjZjh5Wl4_YPdJGanoAl8tL8zH-HwqE8uHqjEfSt340RHdx-9tuCSIkZ8rFamZiGyYlgDGxCsmXjCH_1xk5eYM3ntFZRvJP_jndOKR7w1UAo9Tu0vrZyOLfqRpHIxYI5SymJJ-pfGCQw6QVpggBH-UgfjiFQ2JOxqxG0Jx94kW83c\/s1600\/logo-principal.jpg\" width=\"100%\" height=\"100\" \/><\/a><!--bestpublic-voz01--><!--desk-in-out-voz01--><br \/>\n<!--publicidad-voz02--><a href=\"https:\/\/www.hellincf.com\/\"><img decoding=\"async\" class=\"alignnone size-medium\" src=\"https:\/\/blogger.googleusercontent.com\/img\/b\/R29vZ2xl\/AVvXsEhuZ4-XfBVj3UtdP8-RZugy3WVrg-Zv28c53m4oV47qYCxL1rX_dqWX_YddsGSnpH5SRDqZ7bZeKPIfDVCDncpjVlhy3aQs2vojcJBn7Gdv9hC2_Nzct_pRFrnFE1a7KTCdY1bT_kAgnY3-iadRZrGeJf1fR2P5fu11bokx0pWjaypoy-ctwCjklldpEbA\/s1600\/logo-principal7.jpg\" width=\"100%\" height=\"100\" \/><\/a><!--bestpublic-voz02--><!--desk-in-out-voz02--><\/p>\n<p style=\"text-align: justify;\">El presidente de la Diputaci\u00f3n, Santi Caba\u00f1ero, no ha faltado al evento arropando al m\u00e1ximo responsable de la Asociaci\u00f3n Nacional de Amigos de los Teatros de Espa\u00f1a (AMIThE), Javier L\u00f3pez-Galiacho.<\/p>\n<p style=\"text-align: justify;\">Tras la representaci\u00f3n teatral \u2018Romeo y Julieta despiertan\u2019, con Ana Bel\u00e9n y Jes\u00fas Noguero, se ha desarrollado la gala, que tambi\u00e9n han disfrutado los diputados Miguel Zamora, Jos\u00e9 Gonz\u00e1lez y Ana Albadalejo del Equipo de Gobierno, as\u00ed como miembros del resto de Grupos de la Corporaci\u00f3n.<\/p>\n<p style=\"text-align: justify;\">Olivares, profeta en su tierra y, desde hoy, el I Premio \u2018El Orgullo de Albacete\u2019<\/p>\n<p style=\"text-align: justify;\">El evento ha estado protagonizado por tres nombres propios: De un lado, el del director, productor y actor teatral albacetense, Gabriel Olivares, que ha recibido de manos del presidente Caba\u00f1ero, y de la vicepresidenta de la asociaci\u00f3n, Ana Mar\u00eda Trujillo, el I Premio \u2018El Orgullo de Albacete\u2019. Un galard\u00f3n de nueva creaci\u00f3n, novedad en esta edici\u00f3n, que se quedar\u00e1 en el palmar\u00e9s de la Gala, fruto de la estrecha colaboraci\u00f3n que mantienen la Diputaci\u00f3n y AMIThE.<\/p>\n<p style=\"text-align: justify;\">\u201cEs la primera edici\u00f3n de este Premio, \u2018Orgullo de Albacete\u2019 que, con AMIThE, hemos puesto en marcha y con el que quer\u00edamos representar y homenajear a esos grandes embajadores y a esas grandes embajadoras que la provincia de Albacete tiene por el mundo vinculadas al espect\u00e1culo. Y creo que es un gran acierto que Gabriel Olivares vaya a ser quien inaugure ese escalaf\u00f3n como primer reconocido\u201d, ha explicado Caba\u00f1ero en su atenci\u00f3n a la prensa, previa a la Gala.<\/p>\n<p style=\"text-align: justify;\">El propio Olivares ha explicado en ese momento que recibe este reconocimiento con el orgullo que lleva el propio nombre del Premio, y saboreando el cari\u00f1o que siempre ha sentido de parte de sus paisanos y paisanas: \u201cMe siento profeta en mi tierra desde hace ya mucho tiempo, la verdad que desde siempre. Adem\u00e1s, recibir este Premio en esta casa, el Teatro Circo, que la siento como mi \u2018segunda casa\u2019, (si no la primera\u2026), y que creo que es el teatro de Espa\u00f1a donde m\u00e1s espect\u00e1culos he estrenado\u2026 es muy especial (como lo fue pregonar la Feria de Albacete el a\u00f1o antes de la pandemia (lo que yo creo que cuenta doble)\u2026\u201d ha explicado, emocionado.<\/p>\n<p style=\"text-align: justify;\">La salvaci\u00f3n del \u2018Alb\u00e9niz\u2019 de Madrid, ligada a la provincia de Albacete por una mujer<\/p>\n<p style=\"text-align: justify;\">El segundo nombre a resaltar ha sido el de la Plataforma en Defensa del Teatro Alb\u00e9niz de Madrid, en la que ha reca\u00eddo el 18\u00ba Premio Internacional \u2018Gregorio Arcos\u2019 a la Conservaci\u00f3n del Patrimonio Teatral (\u00fanico en su g\u00e9nero en Espa\u00f1a y singular a nivel mundial), entregado por Ana Arcos y el alcalde de la ciudad, Manuel Serrano. Ha sido recogido por la coordinadora de la Plataforma, Eva Aladro, sobre la que tambi\u00e9n se ha referido con cari\u00f1o el presidente Caba\u00f1ero subrayando el v\u00ednculo de esta protagonista con la provincia de Albacete. \u201cEl Teatro Alb\u00e9niz, a trav\u00e9s de la familia de Eva, est\u00e1 tambi\u00e9n vinculado a Albacete\u2026 su madre (Teresa Vico) fue la \u00faltima gerente de ese teatro y era natural de Bonete, de aqu\u00ed de la provincia de Albacete\u2026 con lo cual, esa \u2018ligaz\u00f3n\u2019 seguro que tiene que ver y, por supuesto, tambi\u00e9n nos llena de orgullo\u201d, ha se\u00f1alado Caba\u00f1ero.<\/p>\n<p style=\"text-align: justify;\">Por su parte, la propia Eva Aladro, ha calificado el Premio como \u201cuna ocasi\u00f3n incre\u00edble\u201d, al ser \u201cla primera vez que se nos reconoce que hemos salvado un teatro en Madrid, un teatro enorme que ya est\u00e1 en funciones y que hemos tardado 18 a\u00f1os en salvar\u2026 nos ha costado una batalla campal contra los tribunales, las instituciones\u2026 pero ah\u00ed est\u00e1, que si vais al Alb\u00e9niz ahora en Madrid, en la calle Paz, est\u00e1 represent\u00e1ndose \u2018El fantasma de la \u00f3pera\u2019; es un teatro que tiene mil butacas y lo hemos salvado; lo iban a demoler y lo iban a convertir en un centro comercial, pero dDijimos que no, porque mi madre trabajaba all\u00ed\u2026 dijimos que eso no se tiraba, y no se tir\u00f3. Y AMIThE y el Teatro Circo son los primeros que nos reconocen esa tarea porque la luchamos las m\u00e1s de 7.000 personas que formamos la Plataforma (entre las que, por cierto, est\u00e1 Ana Bel\u00e9n\u2026)\u201d, ha explicado.<\/p>\n<p style=\"text-align: justify;\">La universal y polifac\u00e9tica Ana Bel\u00e9n, sella su v\u00ednculo con Albacete con el 25\u00ba Pepe Isbert<\/p>\n<p style=\"text-align: justify;\">El tercer gran nombre ha sido el de Ana Bel\u00e9n, que ha recibido el 25\u00ba Premio Nacional de Teatro Pepe Isbert de manos del presidente de Honor de AMIThE, Manuel Galiana, y del actor Tony Isbert.<\/p>\n<p style=\"text-align: justify;\">\u201cPor supuesto, quiero tambi\u00e9n felicitar a Ana Bel\u00e9n; ella no es de Albacete, pero la queremos como si no fuese. La verdad es que es un orgullo que vaya a llevar tambi\u00e9n este reconocimiento, con el nombre de \u2018Pepe Isbert\u2019, ese tarazonero (como Tony, su nieto, al que aprovecho para saludar), una familia tan albacetense. Ese nombre tambi\u00e9n nos llena de orgullo y, que Ana Bel\u00e9n, una de las grandes de la escena espa\u00f1ola, probablemente una de las artistas m\u00e1s polifac\u00e9ticas que hay en el momento, vaya a recoger ese Premio aqu\u00ed, en el Teatro Circo\u2026 es un motivo de orgullo, para esta ciudad y para esta provincia\u201d, ha resaltado.<\/p>\n<p style=\"text-align: justify;\">Adem\u00e1s, Caba\u00f1ero ha se\u00f1alado un cuarto protagonista en alusi\u00f3n a AMIThE, destacando el trabajo diario que la asociaci\u00f3n viene realizando, comprometida con la protecci\u00f3n, difusi\u00f3n y promoci\u00f3n de los teatros hist\u00f3ricos de Espa\u00f1a y con una mirada especial al Teatro Circo de Albacete, remarcando el papel fundamental que han desarrollado en la preservaci\u00f3n de la cultura teatral de nuestro pa\u00eds, algo para lo que ha asegurado que \u201chan sido claves estos premios\u201d.<\/p>\n<p style=\"text-align: justify;\">\u201cQuiero agradecer a AMIThE, a Javier L\u00f3pez-Galiacho, el trabajo que siempre hacen por defender esta ciudad y esta provincia. Es otro de nuestros grandes embajadores y nunca podremos agradecer lo suficiente el trabajo que han hecho para salvar el Teatro Circo y para que lo reconozca la Unesco como lo que tiene que ser: como Patrimonio de toda la Humanidad (algo que, estoy convencido, que vamos a conseguir\u2026\u201d ha resaltado, reiterando que AMIThE siempre tendr\u00e1 en la Diputaci\u00f3n de Albacete a una aliada para poner en valor la cultura y a quienes la hacen posible.<\/p>\n<p style=\"text-align: justify;\">De hecho, la instituci\u00f3n provincial suscribe un convenio de colaboraci\u00f3n con esta asociaci\u00f3n (por valor de 12.000 \u20ac) que, adem\u00e1s de este reci\u00e9n instaurado premio \u2018El Orgullo de Albacete\u2019, contempla dotar de medios a AMIThE en sus acciones en pro del \u00e9xito de esa candidatura del Teatro Circo como Patrimonio Mundial de la UNESCO, y para velar por el patrimonio arquitect\u00f3nico, hist\u00f3rico y teatral de la provincia.<\/p>\n<p style=\"text-align: justify;\">Una tarde-noche especial en la que Caba\u00f1ero no ha dudado en reiterar el compromiso de la Diputaci\u00f3n de Albacete con el sector, para avanzar en su democratizaci\u00f3n y dinamizaci\u00f3n, de la mano de herramientas referentes como Cultural Albacete, y de la promoci\u00f3n del talento local.<\/p>\n<p><!--publicidad-voz03--><a href=\"https:\/\/www.facebook.com\/profile.php?id=100063593791305&amp;locale=es_ES\"><img decoding=\"async\" class=\"alignnone size-medium\" src=\"https:\/\/blogger.googleusercontent.com\/img\/b\/R29vZ2xl\/AVvXsEi8_n_ll8UOcGxCqzFvb_9Io4ICczlGC990BPtPj2w9Px-u7B3oqWUW5vtjZUqPNJ-nyjiUIorE0ATsib_l5tV8BVN-UJ03RTnU__IHJF_4DgDBtY4LIqXNG-FomrO-7ywes20CBCRM2Hcm7EJSh3UUw1dO-c_uTflUrtgY1i7uBRezj_DpympmEFkfbQY\/s1600\/logo-principal2.jpg\" width=\"100%\" height=\"100\" \/><\/a><!--bestpublic-voz03--><!--desk-in-out-voz03--><br \/>\n<!--publicidad-voz04--><a href=\"https:\/\/www.facebook.com\/profile.php?id=61557370768692&amp;locale=es_ES\"><img decoding=\"async\" class=\"alignnone size-medium\" src=\"https:\/\/blogger.googleusercontent.com\/img\/b\/R29vZ2xl\/AVvXsEgy5RdcfffrnrItnYTcV9bCJjgJwldsQLWssfVfrLbyfXeBNTFKgBf0rMIvhrUaGUhiXzVr9_eQgCbi-j63ZDpfTvLIty9w7s140y-m1yHe7eKmEK7v2NAHUJDVYGdfeiQFeRCqUjdwWmN1MX_AUxxz4IVdJ4WIM0APxit8bjWkXzrnEFGqBvW_1F13H1g\/s1600\/logo-principal5.jpg\" width=\"100%\" height=\"100\" \/><\/a><!--bestpublic-voz04--><!--desk-in-out-voz04--><br \/>\n<!--publicidad-voz05--><a href=\"https:\/\/www.facebook.com\/asociaciontamborileroshellin?locale=es_ES\"><img decoding=\"async\" class=\"alignnone size-medium\" src=\"https:\/\/blogger.googleusercontent.com\/img\/b\/R29vZ2xl\/AVvXsEhHEEpZsKK1VpwiYMrS7aE2ujtqIDZoLd4B5wtbiseSU9s2HdTdQfhF84So2XwEB1fv0BLw95GADm6hUl1bkKtzh-eIgVigXONuu_5RxeIMPhjk8q6uNX4EaEHbooKkbu7pCADWPpVJjhKIH5NQSJpWqedC-YBez4QAQeJYokkLot9bhrIaUAeztsGis6M\/s1600\/logo-principal3.jpg\" width=\"100%\" height=\"100\" \/><\/a><!--bestpublic-voz05--><!--desk-in-out-voz05--><br \/>\n<!--publicidad-voz06--><!--bestpublic-voz06--><!--desk-in-out-voz06--><br \/>\n<!--publicidad-voz07--><!--bestpublic-voz07--><!--desk-in-out-voz07--><br \/>\n<!--publicidad-voz08--><!--bestpublic-voz08--><!--desk-in-out-voz08--><br \/>\n<!--publicidad-voz09--><!--bestpublic-voz09--><!--desk-in-out-voz09--><br \/>\n<!--publicidad-voz10--><!--bestpublic-voz10--><!--desk-in-out-voz10--><br \/>\n<!--publicidad-voz11--><!--bestpublic-voz11--><!--desk-in-out-voz11--><br \/>\n<!--publicidad-voz12--><!--bestpublic-voz12--><!--desk-in-out-voz12--><br \/>\n<!--publicidad-voz13--><!--bestpublic-voz13--><!--desk-in-out-voz13--><br \/>\n<!--publicidad-voz14--><!--bestpublic-voz14--><!--desk-in-out-voz14--><br \/>\n<!--publicidad-voz15--><!--bestpublic-voz15--><!--desk-in-out-voz15--><br \/>\n<!--publicidad-voz16--><!--bestpublic-voz16--><!--desk-in-out-voz16--><\/p>\n","protected":false},"excerpt":{"rendered":"<p>El Teatro Circo de Albacete ha acogido la Gala de entrega de los Premios AMIThE: una de las grandes citas del calendario cultural provincial.<\/p>\n","protected":false},"author":2,"featured_media":148949,"comment_status":"closed","ping_status":"closed","sticky":false,"template":"","format":"standard","meta":{"footnotes":""},"categories":[753,718,715,716,717],"tags":[],"class_list":["post-148948","post","type-post","status-publish","format-standard","has-post-thumbnail","hentry","category-blog-lv034","category-blogger","category-la-voz-de-hellin","category-la-voz-de-hellin-la-voz-de-hellin","category-noticias"],"_links":{"self":[{"href":"https:\/\/lavozdehellin.com\/noticias\/wp-json\/wp\/v2\/posts\/148948","targetHints":{"allow":["GET"]}}],"collection":[{"href":"https:\/\/lavozdehellin.com\/noticias\/wp-json\/wp\/v2\/posts"}],"about":[{"href":"https:\/\/lavozdehellin.com\/noticias\/wp-json\/wp\/v2\/types\/post"}],"author":[{"embeddable":true,"href":"https:\/\/lavozdehellin.com\/noticias\/wp-json\/wp\/v2\/users\/2"}],"replies":[{"embeddable":true,"href":"https:\/\/lavozdehellin.com\/noticias\/wp-json\/wp\/v2\/comments?post=148948"}],"version-history":[{"count":0,"href":"https:\/\/lavozdehellin.com\/noticias\/wp-json\/wp\/v2\/posts\/148948\/revisions"}],"wp:featuredmedia":[{"embeddable":true,"href":"https:\/\/lavozdehellin.com\/noticias\/wp-json\/wp\/v2\/media\/148949"}],"wp:attachment":[{"href":"https:\/\/lavozdehellin.com\/noticias\/wp-json\/wp\/v2\/media?parent=148948"}],"wp:term":[{"taxonomy":"category","embeddable":true,"href":"https:\/\/lavozdehellin.com\/noticias\/wp-json\/wp\/v2\/categories?post=148948"},{"taxonomy":"post_tag","embeddable":true,"href":"https:\/\/lavozdehellin.com\/noticias\/wp-json\/wp\/v2\/tags?post=148948"}],"curies":[{"name":"wp","href":"https:\/\/api.w.org\/{rel}","templated":true}]}}