{"id":148951,"date":"2024-03-07T12:08:58","date_gmt":"2024-03-07T11:08:58","guid":{"rendered":"https:\/\/lavozdehellin.com\/noticias\/?p=148951"},"modified":"2024-03-08T18:25:43","modified_gmt":"2024-03-08T17:25:43","slug":"v08-337-el-gobierno-de-cabanero-deja-a-cero-la-deuda-de-la-diputacion-de-albacete","status":"publish","type":"post","link":"https:\/\/lavozdehellin.com\/noticias\/v08-337-el-gobierno-de-cabanero-deja-a-cero-la-deuda-de-la-diputacion-de-albacete\/","title":{"rendered":"LVH NOTICIAS | EL GOBIERNO DE CABA\u00d1ERO DEJA A CERO LA DEUDA DE LA DIPUTACI\u00d3N DE ALBACETE"},"content":{"rendered":"<p style=\"text-align: justify;\">El Gobierno de la Diputaci\u00f3n de Albacete deja a cero la deuda de la instituci\u00f3n tras haber amortizado, en apenas dos Mandatos, los casi 40 millones de euros pendientes de pago que Santi Caba\u00f1ero encontr\u00f3 a su llegada a la Presidencia, en junio de 2015.<\/p>\n<p><!--more--><br \/>\n<!--publicidad-voz01--><a href=\"https:\/\/www.facebook.com\/SoloRadioHellin\/?locale=es_ES\"><img decoding=\"async\" class=\"alignnone size-medium\" src=\"https:\/\/blogger.googleusercontent.com\/img\/b\/R29vZ2xl\/AVvXsEiNncirNnyGedv00mhjZjh5Wl4_YPdJGanoAl8tL8zH-HwqE8uHqjEfSt340RHdx-9tuCSIkZ8rFamZiGyYlgDGxCsmXjCH_1xk5eYM3ntFZRvJP_jndOKR7w1UAo9Tu0vrZyOLfqRpHIxYI5SymJJ-pfGCQw6QVpggBH-UgfjiFQ2JOxqxG0Jx94kW83c\/s1600\/logo-principal.jpg\" width=\"100%\" height=\"100\" \/><\/a><!--bestpublic-voz01--><!--desk-in-out-voz01--><br \/>\n<!--publicidad-voz02--><a href=\"https:\/\/www.hellincf.com\/\"><img decoding=\"async\" class=\"alignnone size-medium\" src=\"https:\/\/blogger.googleusercontent.com\/img\/b\/R29vZ2xl\/AVvXsEhuZ4-XfBVj3UtdP8-RZugy3WVrg-Zv28c53m4oV47qYCxL1rX_dqWX_YddsGSnpH5SRDqZ7bZeKPIfDVCDncpjVlhy3aQs2vojcJBn7Gdv9hC2_Nzct_pRFrnFE1a7KTCdY1bT_kAgnY3-iadRZrGeJf1fR2P5fu11bokx0pWjaypoy-ctwCjklldpEbA\/s1600\/logo-principal7.jpg\" width=\"100%\" height=\"100\" \/><\/a><!--bestpublic-voz02--><!--desk-in-out-voz02--><\/p>\n<p style=\"text-align: justify;\">El Pleno ordinario correspondiente a marzo que se ha celebrado este jueves, ha visto aprobarse la modificaci\u00f3n de cr\u00e9ditos que har\u00e1 posible amortizar anticipadamente la cantidad que quedar\u00eda pendiente a 31 de diciembre de 2024 (de, aproximadamente, 1.700.000 euros).<\/p>\n<p style=\"text-align: justify;\">Con ello, cuando venza el primer semestre del a\u00f1o y se haga efectiva esa modificaci\u00f3n, el Gobierno Provincial de Albacete habr\u00e1 dejado su deuda a cero, tal y como ha detallado durante la Sesi\u00f3n el vicepresidente de la Diputaci\u00f3n y responsable del \u00c1rea Econ\u00f3mica, Fran Valera.<\/p>\n<p style=\"text-align: justify;\">En t\u00e9rminos de \u00edndice de endeudamiento, el equipo liderado por Santi Caba\u00f1ero habr\u00e1 logrado pasar de aquel casi 53% de junio de 2015 al 0% en apenas nueve a\u00f1os. Cifras que subrayan una gesti\u00f3n de los recursos p\u00fablicos eficiente y responsable por parte del Gobierno Provincial que, adem\u00e1s, ha sido sensible a las necesidades de la poblaci\u00f3n en cada momento, habiendo sido capaz de acabar con la deuda al mismo tiempo que desarrollaba un ambicioso plan inversor (de m\u00e1s de 143 millones de euros) sin necesidad de haber tenido que recurrir al mercado financiero para ello.<\/p>\n<p style=\"text-align: justify;\">Valera reconoce el trabajo en materia econ\u00f3mica durante los nueve a\u00f1os de Gobierno de Caba\u00f1ero<\/p>\n<p style=\"text-align: justify;\">\u201cPodemos decir que en los \u00faltimos nueve a\u00f1os de gobierno socialista, desde que Santiago Caba\u00f1ero es presidente de la Diputaci\u00f3n, los sucesivos equipos de gobierno han amortizado la cantidad de 40 millones de euros; han hecho frente a la cantidad de alrededor de 14 millones de euros relativos a la herencia y a los diferentes procedimientos judiciales de Purificaci\u00f3n Urrea, que supera los 53 millones de euros; pero, especialmente, lo relevante es conjugar esto con ser capaces de invertir la cifra de 143 millones de euros, principalmente a favor de los ayuntamientos\u201d, ha manifestado Fran Valera.<\/p>\n<p style=\"text-align: justify;\">En este sentido, el vicepresidente ha ahondado: \u201cCreo que hablar de \u2018deuda cero\u2019 es una cifra positiva pero, lo m\u00e1s importante, es poner en consideraci\u00f3n esos \u00edndices de deuda que, cuando lleguemos pr\u00e1cticamente a la mitad del a\u00f1o, van a estar en el 0%. Y ponerlos con esa capacidad de inversi\u00f3n que hemos demostrado, tanto en favor de los ayuntamientos como en favor de las instalaciones o de aquellas cuestiones que afectan directamente a los servicios que presta Diputaci\u00f3n\u201d.<\/p>\n<p style=\"text-align: justify;\">Un turno de palabra que tambi\u00e9n ha aprovechado para \u201creconocer a los diferentes compa\u00f1eros que han intervenido en la gesti\u00f3n econ\u00f3mica en los \u00faltimos nueve a\u00f1os para situar a la Diputaci\u00f3n en unos niveles de deuda a cero hist\u00f3ricos envidiables pero sobre todo para situar a la Diputaci\u00f3n en el punto de donde tiene que estar que es una inversi\u00f3n directa a los vecinos y vecinas de esta provincia\u201d.<\/p>\n<p style=\"text-align: justify;\">14 millones de euros de super\u00e1vit en la instituci\u00f3n al cierre de 2023<\/p>\n<p style=\"text-align: justify;\">Tambi\u00e9n en la sesi\u00f3n se ha dado cuenta de la liquidaci\u00f3n presupuestaria 2023, que arroja un super\u00e1vit de casi 14 millones de euros para la Diputaci\u00f3n. En cuando al apartado de ingresos, sobre las previsiones iniciales formuladas en el momento de aprobarse el presupuesto (y tras sumar las modificaciones producidas durante ese a\u00f1o), se ha alcanzado un grado de ejecuci\u00f3n del 99,72% de los ingresos corrientes. Cifras que, tambi\u00e9n en este caso, muestran una gesti\u00f3n econ\u00f3mica seria y responsable, fruto del dise\u00f1o realista de los presupuestos respecto a los ingresos previstos.<\/p>\n<p style=\"text-align: justify;\">Adem\u00e1s, el vicepresidente ha resaltado, dentro del grado de ejecuci\u00f3n de los gastos del capital, que el Gobierno Provincial dedic\u00f3 en 2023 unos 20 millones y medio de euros en cuestiones dirigidas a los ayuntamientos, siguiendo as\u00ed \u201cuna serie hist\u00f3rica que cumple con el cometido de esta Diputaci\u00f3n y que ha de hacernos sentir orgullosos\u201d, ha afirmado.<\/p>\n<p style=\"text-align: justify;\">Igualmente, Valera ha resaltado la cifra del Remanente Liquido de Tesorer\u00eda para Gastos Generales, que se sit\u00faa e una magnitud positiva en 25.784.716 de euros que ya est\u00e1 siendo aprovechada para financiar gastos que no disponen de consignaci\u00f3n presupuestaria inicial y que permitir\u00e1n al Equipo de Gobierno desarrollar su Plan Inversor, incluyendo esa ya aludida amortizaci\u00f3n de la deuda.<\/p>\n<p style=\"text-align: justify;\">El POS 2024 se cierra con 2.780.000 euros a repartir en 37 obras en 35 localidades<\/p>\n<p style=\"text-align: justify;\">Otro de los asuntos a resaltar entre los 35 puntos que han completado el Orden del D\u00eda ha sido la aprobaci\u00f3n de la propuesta definitiva del conjunto de Planes de Obras y Servicios 2024, una vez que ya todos los ayuntamientos de la provincia han comunicado las que son sus prioridades inversoras para este a\u00f1o, teniendo en cuenta todas las opciones y facilidades que el Gobierno Provincial ha puesto a su disposici\u00f3n para ello.<\/p>\n<p style=\"text-align: justify;\">Con respecto a ello, Fran Valera ha concretado que, \u201cde 88 municipios de la provincia, 35 (que son alrededor del 40%) han decidido acogerse al POS mientras que, el 60%, han optado por acumular esas cantidades del Plan de Obras que pone a disposici\u00f3n la Diputaci\u00f3n en favor del programa Dipualba Responde\u201d. Algo que, ha reflexionado, responde a \u201cuna tendencia clara por parte de los ayuntamientos de m\u00e1s autonom\u00eda, de m\u00e1s control en los fondos y, sobre todo (y seg\u00fan la experiencia que vemos del d\u00eda a d\u00eda), a que los ayuntamientos, para cubrir sus necesidades, quiz\u00e1 necesitan tres, cuatro actuaciones de una cantidad menor a esos 60.000 euros (que es la mayoritaria) que una \u00fanica intervenci\u00f3n\u201d.<\/p>\n<p style=\"text-align: justify;\">As\u00ed, con respecto al POS 2024, en total, ser\u00e1n 37 obras a desarrollar en 35 localidades, con un importe total de inversi\u00f3n de 2.780.000 euros de los que la Diputaci\u00f3n aportar\u00e1 2.148.000 y, entre los ayuntamientos de esos 35 municipios, los 632.000 euros restantes, cofinanciando m\u00e1s los de mayor n\u00famero de habitantes, conforme a los criterios de discriminaci\u00f3n positiva que el Gobierno de Caba\u00f1ero imprime en cuantas medidas es posible, como ha recordado el vicepresidente.<\/p>\n<p style=\"text-align: justify;\">La aportaci\u00f3n de la Diputaci\u00f3n a cada localidad oscilar\u00e1 entre el 95% y el 50% del total de la inversi\u00f3n a realizar. Las localidades con menos de 2.000 habitantes, recibir\u00e1n 57.000 euros (el 95% del global); las que tienen entre 2.000 y 5.000 habitantes, 60.000 euros (el 75%); las que cuentan con entre 5.000 y 10.000 habitantes, 65.000 euros (el 65%); y las que suman entre 10.000 y 50.000 habitantes (que obtendr\u00e1n 60.000 euros), as\u00ed como la \u00fanica que supera los 50.000 (la capital, a la que llegar\u00e1n 170.000 euros), recibir\u00e1n el 50% de la cuant\u00eda total de la inversi\u00f3n a acometer.<\/p>\n<p style=\"text-align: justify;\">Por concepto, 25 de las obras que los ayuntamientos han decidido hacer con el POS 2024 de la Diputaci\u00f3n, se van a destinar a la mejorar v\u00edas p\u00fablicas; 8 se corresponder\u00e1n con distintas cuestiones vinculadas a la gesti\u00f3n del patrimonio; 2, se emplear\u00e1n en la optimizaci\u00f3n de alumbrado p\u00fablico y, las otras 2, con arreglos en redes de abastecimiento de agua y saneamiento.<\/p>\n<p style=\"text-align: justify;\">Adem\u00e1s, en 31 de las actuaciones la gesti\u00f3n ser\u00e1 asumida por la Diputaci\u00f3n mientras que, las otras 6, ser\u00e1n obras gestionadas directamente por sus respectivos Gobiernos municipales.<\/p>\n<p style=\"text-align: justify;\">Un Pleno precedido de gestos<\/p>\n<p style=\"text-align: justify;\">La Sesi\u00f3n ha estado precedida de muchos momentos especiales. El primero, una \u2018foto de familia\u2019 con el pintor Miguel Cano, que ha donado a la Diputaci\u00f3n el cuadro de Felipe VI que ha elaborado y que ya \u2018preside\u2019 el Plenario Provincial, recibiendo el agradecimiento m\u00e1s sincero por parte de Caba\u00f1ero, en nombre de toda la Corporaci\u00f3n.<\/p>\n<p style=\"text-align: justify;\">Adem\u00e1s, se ha celebrado un minuto de silencio, a petici\u00f3n del presidente, por tres cuestiones: el recuerdo a los dos guardias civiles que perdieron la vida el pasado 9 de febrero en Barbate mientras luchaban contra el narcotr\u00e1fico. Tambi\u00e9n en la memoria de la \u00faltima v\u00edctima que se ha cobrado la violencia de g\u00e9nero en C-LM (concretamente, el pasado 23 de febrero, en la provincia de Ciudad Real); y en homenaje a las personas fallecidas en el incendio que el pasado 22 de febrero arras\u00f3 el edificio en el que viv\u00edan unas 138 familias en el barrio valenciano de Campanar.<\/p>\n<p><!--publicidad-voz03--><a href=\"https:\/\/www.facebook.com\/profile.php?id=100063593791305&amp;locale=es_ES\"><img decoding=\"async\" class=\"alignnone size-medium\" src=\"https:\/\/blogger.googleusercontent.com\/img\/b\/R29vZ2xl\/AVvXsEi8_n_ll8UOcGxCqzFvb_9Io4ICczlGC990BPtPj2w9Px-u7B3oqWUW5vtjZUqPNJ-nyjiUIorE0ATsib_l5tV8BVN-UJ03RTnU__IHJF_4DgDBtY4LIqXNG-FomrO-7ywes20CBCRM2Hcm7EJSh3UUw1dO-c_uTflUrtgY1i7uBRezj_DpympmEFkfbQY\/s1600\/logo-principal2.jpg\" width=\"100%\" height=\"100\" \/><\/a><!--bestpublic-voz03--><!--desk-in-out-voz03--><br \/>\n<!--publicidad-voz04--><a href=\"https:\/\/www.facebook.com\/profile.php?id=61557370768692&amp;locale=es_ES\"><img decoding=\"async\" class=\"alignnone size-medium\" src=\"https:\/\/blogger.googleusercontent.com\/img\/b\/R29vZ2xl\/AVvXsEgy5RdcfffrnrItnYTcV9bCJjgJwldsQLWssfVfrLbyfXeBNTFKgBf0rMIvhrUaGUhiXzVr9_eQgCbi-j63ZDpfTvLIty9w7s140y-m1yHe7eKmEK7v2NAHUJDVYGdfeiQFeRCqUjdwWmN1MX_AUxxz4IVdJ4WIM0APxit8bjWkXzrnEFGqBvW_1F13H1g\/s1600\/logo-principal5.jpg\" width=\"100%\" height=\"100\" \/><\/a><!--bestpublic-voz04--><!--desk-in-out-voz04--><br \/>\n<!--publicidad-voz05--><a href=\"https:\/\/www.facebook.com\/asociaciontamborileroshellin?locale=es_ES\"><img decoding=\"async\" class=\"alignnone size-medium\" src=\"https:\/\/blogger.googleusercontent.com\/img\/b\/R29vZ2xl\/AVvXsEhHEEpZsKK1VpwiYMrS7aE2ujtqIDZoLd4B5wtbiseSU9s2HdTdQfhF84So2XwEB1fv0BLw95GADm6hUl1bkKtzh-eIgVigXONuu_5RxeIMPhjk8q6uNX4EaEHbooKkbu7pCADWPpVJjhKIH5NQSJpWqedC-YBez4QAQeJYokkLot9bhrIaUAeztsGis6M\/s1600\/logo-principal3.jpg\" width=\"100%\" height=\"100\" \/><\/a><!--bestpublic-voz05--><!--desk-in-out-voz05--><br \/>\n<!--publicidad-voz06--><!--bestpublic-voz06--><!--desk-in-out-voz06--><br \/>\n<!--publicidad-voz07--><!--bestpublic-voz07--><!--desk-in-out-voz07--><br \/>\n<!--publicidad-voz08--><!--bestpublic-voz08--><!--desk-in-out-voz08--><br \/>\n<!--publicidad-voz09--><!--bestpublic-voz09--><!--desk-in-out-voz09--><br \/>\n<!--publicidad-voz10--><!--bestpublic-voz10--><!--desk-in-out-voz10--><br \/>\n<!--publicidad-voz11--><!--bestpublic-voz11--><!--desk-in-out-voz11--><br \/>\n<!--publicidad-voz12--><!--bestpublic-voz12--><!--desk-in-out-voz12--><br \/>\n<!--publicidad-voz13--><!--bestpublic-voz13--><!--desk-in-out-voz13--><br \/>\n<!--publicidad-voz14--><!--bestpublic-voz14--><!--desk-in-out-voz14--><br \/>\n<!--publicidad-voz15--><!--bestpublic-voz15--><!--desk-in-out-voz15--><br \/>\n<!--publicidad-voz16--><!--bestpublic-voz16--><!--desk-in-out-voz16--><\/p>\n","protected":false},"excerpt":{"rendered":"<p>El Gobierno de la Diputaci\u00f3n de Albacete deja a cero la deuda de la instituci\u00f3n tras haber amortizado, en apenas dos Mandatos, los casi 40 millones de euros pendientes de&#8230;<\/p>\n","protected":false},"author":2,"featured_media":148952,"comment_status":"closed","ping_status":"closed","sticky":false,"template":"","format":"standard","meta":{"footnotes":""},"categories":[753,718,715,716,717],"tags":[],"class_list":["post-148951","post","type-post","status-publish","format-standard","has-post-thumbnail","hentry","category-blog-lv034","category-blogger","category-la-voz-de-hellin","category-la-voz-de-hellin-la-voz-de-hellin","category-noticias"],"_links":{"self":[{"href":"https:\/\/lavozdehellin.com\/noticias\/wp-json\/wp\/v2\/posts\/148951","targetHints":{"allow":["GET"]}}],"collection":[{"href":"https:\/\/lavozdehellin.com\/noticias\/wp-json\/wp\/v2\/posts"}],"about":[{"href":"https:\/\/lavozdehellin.com\/noticias\/wp-json\/wp\/v2\/types\/post"}],"author":[{"embeddable":true,"href":"https:\/\/lavozdehellin.com\/noticias\/wp-json\/wp\/v2\/users\/2"}],"replies":[{"embeddable":true,"href":"https:\/\/lavozdehellin.com\/noticias\/wp-json\/wp\/v2\/comments?post=148951"}],"version-history":[{"count":0,"href":"https:\/\/lavozdehellin.com\/noticias\/wp-json\/wp\/v2\/posts\/148951\/revisions"}],"wp:featuredmedia":[{"embeddable":true,"href":"https:\/\/lavozdehellin.com\/noticias\/wp-json\/wp\/v2\/media\/148952"}],"wp:attachment":[{"href":"https:\/\/lavozdehellin.com\/noticias\/wp-json\/wp\/v2\/media?parent=148951"}],"wp:term":[{"taxonomy":"category","embeddable":true,"href":"https:\/\/lavozdehellin.com\/noticias\/wp-json\/wp\/v2\/categories?post=148951"},{"taxonomy":"post_tag","embeddable":true,"href":"https:\/\/lavozdehellin.com\/noticias\/wp-json\/wp\/v2\/tags?post=148951"}],"curies":[{"name":"wp","href":"https:\/\/api.w.org\/{rel}","templated":true}]}}