{"id":148954,"date":"2024-03-07T10:42:07","date_gmt":"2024-03-07T09:42:07","guid":{"rendered":"https:\/\/lavozdehellin.com\/noticias\/?p=148954"},"modified":"2024-03-08T18:25:43","modified_gmt":"2024-03-08T17:25:43","slug":"v08-336-campeones-sin-limites-la-diputacion-de-albacete-celebra-el-exito-nacional-cosechado-en-malaga-por-los-deportistas-del-c-d-san-gines-y-adapei-de-asprona","status":"publish","type":"post","link":"https:\/\/lavozdehellin.com\/noticias\/v08-336-campeones-sin-limites-la-diputacion-de-albacete-celebra-el-exito-nacional-cosechado-en-malaga-por-los-deportistas-del-c-d-san-gines-y-adapei-de-asprona\/","title":{"rendered":"LVH NOTICIAS | \u201cCAMPEONES SIN L\u00cdMITES\u201d: LA DIPUTACI\u00d3N DE ALBACETE CELEBRA EL \u00c9XITO NACIONAL COSECHADO EN M\u00c1LAGA POR LOS DEPORTISTAS DEL C.D. SAN GIN\u00c9S Y ADAPEI DE ASPRONA"},"content":{"rendered":"<p style=\"text-align: justify;\">El equipo de Gobierno de la Diputaci\u00f3n de Albacete, liderado por Santi Caba\u00f1ero, ha recibido a los deportistas del Club Deportivo B\u00e1sico San Gin\u00e9s y Adapei en el palacio provincial, en reconocimiento a su reciente campeonato de Espa\u00f1a de nataci\u00f3n en el Nacional organizado por la Federaci\u00f3n Espa\u00f1ola de Deportes para personas con Discapacidad Intelectual (FEDDI).<\/p>\n<p><!--more--><br \/>\n<!--publicidad-voz01--><a href=\"https:\/\/www.facebook.com\/SoloRadioHellin\/?locale=es_ES\"><img decoding=\"async\" class=\"alignnone size-medium\" src=\"https:\/\/blogger.googleusercontent.com\/img\/b\/R29vZ2xl\/AVvXsEiNncirNnyGedv00mhjZjh5Wl4_YPdJGanoAl8tL8zH-HwqE8uHqjEfSt340RHdx-9tuCSIkZ8rFamZiGyYlgDGxCsmXjCH_1xk5eYM3ntFZRvJP_jndOKR7w1UAo9Tu0vrZyOLfqRpHIxYI5SymJJ-pfGCQw6QVpggBH-UgfjiFQ2JOxqxG0Jx94kW83c\/s1600\/logo-principal.jpg\" width=\"100%\" height=\"100\" \/><\/a><!--bestpublic-voz01--><!--desk-in-out-voz01--><br \/>\n<!--publicidad-voz02--><a href=\"https:\/\/www.hellincf.com\/\"><img decoding=\"async\" class=\"alignnone size-medium\" src=\"https:\/\/blogger.googleusercontent.com\/img\/b\/R29vZ2xl\/AVvXsEhuZ4-XfBVj3UtdP8-RZugy3WVrg-Zv28c53m4oV47qYCxL1rX_dqWX_YddsGSnpH5SRDqZ7bZeKPIfDVCDncpjVlhy3aQs2vojcJBn7Gdv9hC2_Nzct_pRFrnFE1a7KTCdY1bT_kAgnY3-iadRZrGeJf1fR2P5fu11bokx0pWjaypoy-ctwCjklldpEbA\/s1600\/logo-principal7.jpg\" width=\"100%\" height=\"100\" \/><\/a><!--bestpublic-voz02--><!--desk-in-out-voz02--><\/p>\n<p style=\"text-align: justify;\">Durante la competici\u00f3n, el equipo albacetense destac\u00f3 al obtener 21 metales de oro, plata y bronce, con la participaci\u00f3n de 19 deportistas, tres entrenadores y dos delegadas. Un logro que se suma a otro destacado \u00e9xito reciente: la obtenci\u00f3n de 18 medallas en el Campeonato Regional de Nataci\u00f3n, donde particip\u00f3 el Club Deportivo San Gin\u00e9s y Adapei de ASPRONA, con un total de 7 oros, 7 platas y 4 bronces.<\/p>\n<p style=\"text-align: justify;\">Sus componentes son: Alejandro Morell Manzano, Mar\u00eda Trinidad Mart\u00edn P\u00e9rez, V\u00edctor P\u00e9rez Guarinos, Alejandro Gonz\u00e1lez Garc\u00eda, Laura Garc\u00eda Le\u00f3n, Carlos Palacios Mancebo, Ester S\u00e1ez Atienzar, Juan Manuel Cifuentes G\u00f3mez, Luis Serrano Correoso , \u00c1ngel Rold\u00e1n Mart\u00ednez, Andrea Sotos L\u00f3pez, Enrique Gonz\u00e1lez Terol, \u00c1lvaro Aroca Simarro, Ra\u00fal V\u00e1zquez Garc\u00eda, Marta Encarnaci\u00f3n Mart\u00ednez, Eloy Molina Rodr\u00edguez, \u00c1lvaro Mart\u00ednez Villora, Jos\u00e9 \u00c1ngel Serrano Cortijo,<\/p>\n<p style=\"text-align: justify;\">En la recepci\u00f3n, han estado acompa\u00f1ados de Jos\u00e9 Felipe Ruiz, tesorero de Asprona Albacete; y de Ver\u00f3nica S\u00e1nchez Felipe responsable del \u00c1rea de Deportes de Asprona Albacete y parte del plantel t\u00e9cnico, que han completado junto a ella \u00c1lvaro Alcantud Ferrer y Juan Carlos Garc\u00eda Gasc\u00f3n y, como delegadas, Mar\u00eda Carmen Manzano Valencia y Mar\u00eda Rosa Naval\u00f3n Garc\u00eda.<\/p>\n<p style=\"text-align: justify;\">Excelencia deportiva al servicio del potencial de las personas con discapacidad intelectual<\/p>\n<p style=\"text-align: justify;\">Ambos clubes deportivos, impulsados por la Asociaci\u00f3n para la Atenci\u00f3n a Personas con Discapacidad Intelectual o del Desarrollo de la Provincia de Albacete, se han convertido en referencia a nivel nacional al situarse en el segundo lugar del ranking de clubes de la FEDDI, hecho que pone de manifiesto \u201ctanto la excelencia deportiva como el potencial de las personas con discapacidad intelectual en esta provincia en el \u00e1mbito deportivo\u201d, como ha manifestado el presidente de la instituci\u00f3n provincial, Santi Caba\u00f1ero.<\/p>\n<p style=\"text-align: justify;\">La Diputaci\u00f3n de Albacete otorga una subvenci\u00f3n nominativa de 3.000 euros al Club Deportivo B\u00e1sico San Gin\u00e9s de ASPRONA para respaldar los gastos asociados a la temporada 2024. Una contribuci\u00f3n que se fundamenta en \u201cel valor que tiene la pr\u00e1ctica deportiva como herramienta para que podamos descubrir nuevas capacidades de estos chavales, que se han convertido en embajadores de la provincia de Albacete\u201d, seg\u00fan ha resaltado Caba\u00f1ero, quien tambi\u00e9n ha destacado la importancia que tiene la visibilizaci\u00f3n del gran trabajo que se realiza en asociaciones \u201cporque promueve tambi\u00e9n, a trav\u00e9s del deporte, la modificaci\u00f3n de actitudes hacia las personas con discapacidad intelectual, tanto en el \u00e1mbito familiar como en la sociedad en general\u201d.<\/p>\n<p style=\"text-align: justify;\">El presidente de la Diputaci\u00f3n ha considerado \u201cesencial\u201d que las instituciones p\u00fablicas \u201cinviertan\u201d en fomento del deporte; m\u00e1s a\u00fan en casos como \u00e9ste, dado que \u201csirve como herramienta para mejorar la salud f\u00edsica y ps\u00edquica y fortalecer las relaciones sociales y el desarrollo personal de las personas con discapacidad\u201d.<\/p>\n<p style=\"text-align: justify;\">Una sincera felicitaci\u00f3n, en nombre del conjunto de la provincia, que Caba\u00f1ero ha hecho extensiva a todo el equipo t\u00e9cnico del club por un trabajo que demuestra, en cada una de sus competiciones, \u201cla capacidad de superaci\u00f3n que tienen estos deportistas, ganen o no medallas, dejando claro que lo verdaderamente importante no es subir al p\u00f3dium\u201d.<\/p>\n<p><!--publicidad-voz03--><a href=\"https:\/\/www.facebook.com\/profile.php?id=100063593791305&amp;locale=es_ES\"><img decoding=\"async\" class=\"alignnone size-medium\" src=\"https:\/\/blogger.googleusercontent.com\/img\/b\/R29vZ2xl\/AVvXsEi8_n_ll8UOcGxCqzFvb_9Io4ICczlGC990BPtPj2w9Px-u7B3oqWUW5vtjZUqPNJ-nyjiUIorE0ATsib_l5tV8BVN-UJ03RTnU__IHJF_4DgDBtY4LIqXNG-FomrO-7ywes20CBCRM2Hcm7EJSh3UUw1dO-c_uTflUrtgY1i7uBRezj_DpympmEFkfbQY\/s1600\/logo-principal2.jpg\" width=\"100%\" height=\"100\" \/><\/a><!--bestpublic-voz03--><!--desk-in-out-voz03--><br \/>\n<!--publicidad-voz04--><a href=\"https:\/\/www.facebook.com\/profile.php?id=61557370768692&amp;locale=es_ES\"><img decoding=\"async\" class=\"alignnone size-medium\" src=\"https:\/\/blogger.googleusercontent.com\/img\/b\/R29vZ2xl\/AVvXsEgy5RdcfffrnrItnYTcV9bCJjgJwldsQLWssfVfrLbyfXeBNTFKgBf0rMIvhrUaGUhiXzVr9_eQgCbi-j63ZDpfTvLIty9w7s140y-m1yHe7eKmEK7v2NAHUJDVYGdfeiQFeRCqUjdwWmN1MX_AUxxz4IVdJ4WIM0APxit8bjWkXzrnEFGqBvW_1F13H1g\/s1600\/logo-principal5.jpg\" width=\"100%\" height=\"100\" \/><\/a><!--bestpublic-voz04--><!--desk-in-out-voz04--><br \/>\n<!--publicidad-voz05--><a href=\"https:\/\/www.facebook.com\/asociaciontamborileroshellin?locale=es_ES\"><img decoding=\"async\" class=\"alignnone size-medium\" src=\"https:\/\/blogger.googleusercontent.com\/img\/b\/R29vZ2xl\/AVvXsEhHEEpZsKK1VpwiYMrS7aE2ujtqIDZoLd4B5wtbiseSU9s2HdTdQfhF84So2XwEB1fv0BLw95GADm6hUl1bkKtzh-eIgVigXONuu_5RxeIMPhjk8q6uNX4EaEHbooKkbu7pCADWPpVJjhKIH5NQSJpWqedC-YBez4QAQeJYokkLot9bhrIaUAeztsGis6M\/s1600\/logo-principal3.jpg\" width=\"100%\" height=\"100\" \/><\/a><!--bestpublic-voz05--><!--desk-in-out-voz05--><br \/>\n<!--publicidad-voz06--><!--bestpublic-voz06--><!--desk-in-out-voz06--><br \/>\n<!--publicidad-voz07--><!--bestpublic-voz07--><!--desk-in-out-voz07--><br \/>\n<!--publicidad-voz08--><!--bestpublic-voz08--><!--desk-in-out-voz08--><br \/>\n<!--publicidad-voz09--><!--bestpublic-voz09--><!--desk-in-out-voz09--><br \/>\n<!--publicidad-voz10--><!--bestpublic-voz10--><!--desk-in-out-voz10--><br \/>\n<!--publicidad-voz11--><!--bestpublic-voz11--><!--desk-in-out-voz11--><br \/>\n<!--publicidad-voz12--><!--bestpublic-voz12--><!--desk-in-out-voz12--><br \/>\n<!--publicidad-voz13--><!--bestpublic-voz13--><!--desk-in-out-voz13--><br \/>\n<!--publicidad-voz14--><!--bestpublic-voz14--><!--desk-in-out-voz14--><br \/>\n<!--publicidad-voz15--><!--bestpublic-voz15--><!--desk-in-out-voz15--><br \/>\n<!--publicidad-voz16--><!--bestpublic-voz16--><!--desk-in-out-voz16--><\/p>\n","protected":false},"excerpt":{"rendered":"<p>El equipo de Gobierno de la Diputaci\u00f3n de Albacete, liderado por Santi Caba\u00f1ero, ha recibido a los deportistas del Club Deportivo B\u00e1sico San Gin\u00e9s y Adapei en el palacio provincial,&#8230;<\/p>\n","protected":false},"author":2,"featured_media":148955,"comment_status":"closed","ping_status":"closed","sticky":false,"template":"","format":"standard","meta":{"footnotes":""},"categories":[753,718,715,716,717],"tags":[],"class_list":["post-148954","post","type-post","status-publish","format-standard","has-post-thumbnail","hentry","category-blog-lv034","category-blogger","category-la-voz-de-hellin","category-la-voz-de-hellin-la-voz-de-hellin","category-noticias"],"_links":{"self":[{"href":"https:\/\/lavozdehellin.com\/noticias\/wp-json\/wp\/v2\/posts\/148954","targetHints":{"allow":["GET"]}}],"collection":[{"href":"https:\/\/lavozdehellin.com\/noticias\/wp-json\/wp\/v2\/posts"}],"about":[{"href":"https:\/\/lavozdehellin.com\/noticias\/wp-json\/wp\/v2\/types\/post"}],"author":[{"embeddable":true,"href":"https:\/\/lavozdehellin.com\/noticias\/wp-json\/wp\/v2\/users\/2"}],"replies":[{"embeddable":true,"href":"https:\/\/lavozdehellin.com\/noticias\/wp-json\/wp\/v2\/comments?post=148954"}],"version-history":[{"count":0,"href":"https:\/\/lavozdehellin.com\/noticias\/wp-json\/wp\/v2\/posts\/148954\/revisions"}],"wp:featuredmedia":[{"embeddable":true,"href":"https:\/\/lavozdehellin.com\/noticias\/wp-json\/wp\/v2\/media\/148955"}],"wp:attachment":[{"href":"https:\/\/lavozdehellin.com\/noticias\/wp-json\/wp\/v2\/media?parent=148954"}],"wp:term":[{"taxonomy":"category","embeddable":true,"href":"https:\/\/lavozdehellin.com\/noticias\/wp-json\/wp\/v2\/categories?post=148954"},{"taxonomy":"post_tag","embeddable":true,"href":"https:\/\/lavozdehellin.com\/noticias\/wp-json\/wp\/v2\/tags?post=148954"}],"curies":[{"name":"wp","href":"https:\/\/api.w.org\/{rel}","templated":true}]}}