{"id":148960,"date":"2024-03-06T14:26:53","date_gmt":"2024-03-06T13:26:53","guid":{"rendered":"https:\/\/lavozdehellin.com\/noticias\/?p=148960"},"modified":"2024-03-08T18:25:43","modified_gmt":"2024-03-08T17:25:43","slug":"v08-334-el-presidente-de-la-diputacion-de-albacete-aboga-por-una-reforma-de-la-financiacion-local-centrada-en-la-lucha-contra-la-despoblacion-y-el-reto-demografico","status":"publish","type":"post","link":"https:\/\/lavozdehellin.com\/noticias\/v08-334-el-presidente-de-la-diputacion-de-albacete-aboga-por-una-reforma-de-la-financiacion-local-centrada-en-la-lucha-contra-la-despoblacion-y-el-reto-demografico\/","title":{"rendered":"LVH NOTICIAS | EL PRESIDENTE DE LA DIPUTACI\u00d3N DE ALBACETE ABOGA POR UNA REFORMA DE LA FINANCIACI\u00d3N LOCAL CENTRADA EN LA LUCHA CONTRA LA DESPOBLACI\u00d3N Y EL RETO DEMOGR\u00c1FICO"},"content":{"rendered":"<p style=\"text-align: justify;\">El presidente de la Diputaci\u00f3n de Albacete, Santi Caba\u00f1ero, ha destacado la conveniencia de que la revisi\u00f3n y adaptaci\u00f3n del sistema de financiaci\u00f3n local se oriente a hacer frente a los desaf\u00edos de la despoblaci\u00f3n del medio rural y el trabajo en materia de Reto Demogr\u00e1fico.<\/p>\n<p><!--more--><br \/>\n<!--publicidad-voz01--><a href=\"https:\/\/www.facebook.com\/SoloRadioHellin\/?locale=es_ES\"><img decoding=\"async\" class=\"alignnone size-medium\" src=\"https:\/\/blogger.googleusercontent.com\/img\/b\/R29vZ2xl\/AVvXsEiNncirNnyGedv00mhjZjh5Wl4_YPdJGanoAl8tL8zH-HwqE8uHqjEfSt340RHdx-9tuCSIkZ8rFamZiGyYlgDGxCsmXjCH_1xk5eYM3ntFZRvJP_jndOKR7w1UAo9Tu0vrZyOLfqRpHIxYI5SymJJ-pfGCQw6QVpggBH-UgfjiFQ2JOxqxG0Jx94kW83c\/s1600\/logo-principal.jpg\" width=\"100%\" height=\"100\" \/><\/a><!--bestpublic-voz01--><!--desk-in-out-voz01--><br \/>\n<!--publicidad-voz02--><a href=\"https:\/\/www.hellincf.com\/\"><img decoding=\"async\" class=\"alignnone size-medium\" src=\"https:\/\/blogger.googleusercontent.com\/img\/b\/R29vZ2xl\/AVvXsEhuZ4-XfBVj3UtdP8-RZugy3WVrg-Zv28c53m4oV47qYCxL1rX_dqWX_YddsGSnpH5SRDqZ7bZeKPIfDVCDncpjVlhy3aQs2vojcJBn7Gdv9hC2_Nzct_pRFrnFE1a7KTCdY1bT_kAgnY3-iadRZrGeJf1fR2P5fu11bokx0pWjaypoy-ctwCjklldpEbA\/s1600\/logo-principal7.jpg\" width=\"100%\" height=\"100\" \/><\/a><!--bestpublic-voz02--><!--desk-in-out-voz02--><\/p>\n<p style=\"text-align: justify;\">Lo ha hecho en el marco del III Foro Econ\u00f3mico \u2018Futuro, innovaci\u00f3n y sostenibilidad\u2019 que El Espa\u00f1ol, Invertia y El Digital de Castilla-La Mancha celebran estos 6 y 7 de marzo en el Hotel Boutique Cigarral de las Mercedes de Toledo. Concretamente, lo ha se\u00f1alado durante su participaci\u00f3n en la mesa redonda \u2018Financiaci\u00f3n local, asignatura pendiente\u2019, donde Caba\u00f1ero ha enfatizado en que esta reforma es esencial para garantizar la equidad, la solidaridad y la cohesi\u00f3n territorial en Espa\u00f1a.<\/p>\n<p style=\"text-align: justify;\">Una charla moderada por Eusebio Cedena, director editorial de El Digital de Castilla-La Mancha, que Caba\u00f1ero ha compartido con Jos\u00e9 Luis Vega, presidente de la Diputaci\u00f3n de Guadalajara; Concepci\u00f3n Cedillo, presidenta de la Diputaci\u00f3n de Toledo; Miguel \u00c1ngel Valverde, presidente de la Diputaci\u00f3n de Ciudad Real; y Jos\u00e9 Juli\u00e1n Gregorio, alcalde de Talavera de la Reina.<\/p>\n<p style=\"text-align: justify;\">El presidente provincial de Albacete ha puesto en valor los avances realizados en los \u00faltimos a\u00f1os por el Gobierno Central, al que ha calificado de \u201cmuy municipalista\u201d con respecto a la financiaci\u00f3n de las Entidades Locales, que \u201cest\u00e1 en el punto m\u00e1s alto en el que nunca ha estado\u201d, incluyendo el incremento significativo y constante que se ha venido haciendo en la dotaci\u00f3n econ\u00f3mica a los ayuntamientos as\u00ed como la suspensi\u00f3n de las reglas fiscales o el reparto de los fondos europeos (donde los Gobiernos Locales tienen asignado en torno al 35%\u201d de la cantidad total que corresponde al pa\u00eds, una participaci\u00f3n muy por encima ya del 14% que se reclamaba al principio y que podr\u00eda llegar hasta el 40% si se suma lo que puede llegar desde las Comunidades Aut\u00f3nomas).<\/p>\n<p style=\"text-align: justify;\">Cuestiones clave que han hecho posible que, en momentos determinantes en los que la gente m\u00e1s necesitaba de lo p\u00fablico (como pudiera ser durante la pandemia y tras ella), desde los ayuntamientos y diputaciones se pudiera priorizar \u201cinvertir en las personas y en los municipios\u201d frente al pago de deuda, algo que, por otra parte, esas \u2018administraciones de cercan\u00eda\u2019 han demostrado ser muy capaces de conjugar, siendo un buen ejemplo de ello el propio Gobierno de la Diputaci\u00f3n de Albacete.<\/p>\n<p style=\"text-align: justify;\">No obstante, Santi Caba\u00f1ero ha asegurado que \u201cno nos conformamos\u201d, afirmando que a\u00fan queda mucho por hacer para asegurar que todas las Entidades Locales dispongan de los recursos necesarios para ofrecer servicios b\u00e1sicos de calidad a toda los ciudadan\u00eda, independientemente de su lugar de residencia, siendo \u201cimprescindible\u2019 que se reforme la Ley de Haciendas Locales para mejorar los recursos de los ayuntamientos, permiti\u00e9ndoles \u201cmayor autonom\u00eda financiera\u00bb.<\/p>\n<p style=\"text-align: justify;\">Caba\u00f1ero: \u201cMuchas veces cuesta m\u00e1s prestar un servicio a pocos ciudadanos que a muchos, y ah\u00ed, si no compensamos y no hacemos una discriminaci\u00f3n para con los municipios m\u00e1s peque\u00f1os\u2026 habr\u00e1 servicios que no se podr\u00e1n prestar en calidad\u201d<\/p>\n<p style=\"text-align: justify;\">El presidente ha reiterado lo vital de que ese nuevo planteamiento en torno a la financiaci\u00f3n local se enfoque en combatir la despoblaci\u00f3n del medio rural, un fen\u00f3meno que amenaza la viabilidad de numerosas zonas del pa\u00eds y que hace necesario un sistema que no s\u00f3lo redistribuya los recursos de forma equitativa, sino que tambi\u00e9n promueva la cohesi\u00f3n territorial y el equilibrio demogr\u00e1fico.<\/p>\n<p style=\"text-align: justify;\">\u201cLa Constituci\u00f3n Espa\u00f1ola, en su art\u00edculo 140, nos consolida como una de las tres patas territoriales del Estado y, en su art\u00edculo 142, dice que tenemos que tener suficiencia econ\u00f3mica para poder prestar los servicios a la ciudadan\u00eda, y ah\u00ed es donde nos tenemos que centrar primero: en saber delimitar qu\u00e9 competencias son las que tenemos que prestar y qu\u00e9 competencias impropias estamos prestando y que, si las tenemos que prestar definitivamente, se nos financien de la forma correcta (sabiendo que, adem\u00e1s, las competencias propias deben tener una mejor financiaci\u00f3n de la que tienen ahora mismo)\u201d, ha se\u00f1alado.<\/p>\n<p style=\"text-align: justify;\">Caba\u00f1ero ha ido relatando con distintos ejemplos que, para que los pueblos no se mueran, la gente tiene que poder elegir libremente vivir en ellos porque va a vivir bien y c\u00f3mo, para que eso ocurra, hace falta \u201cfacilitar recursos a los ayuntamientos y utilizar a las diputaciones para eso\u201d, aludiendo a lo sucedido con las EDUSIS que, pese a su flexibilizaci\u00f3n con respecto a sus primeras convocatorias, a\u00fan siendo exigiendo entre sus beneficiarios a municipios con m\u00e1s de 10.000 habitantes para que una Diputaci\u00f3n pueda solicitar acogerse como beneficiaria, perjudicando as\u00ed a una gran parte del medio rural.<\/p>\n<p style=\"text-align: justify;\">\u201cEl tama\u00f1o, tiene que importar, porque muchas veces cuesta m\u00e1s prestar un servicio a pocos ciudadanos que a muchos ciudadanos, y ah\u00ed, si no compensamos, si no hacemos una discriminaci\u00f3n para con los municipios m\u00e1s peque\u00f1os\u2026 habr\u00e1 servicios que no se podr\u00e1n prestar en calidad, tal y como nos obliga la propia Constituci\u00f3n\u2026\u201d, ha se\u00f1alado.<\/p>\n<p style=\"text-align: justify;\">Cuestiones que, ha ahondado, tiene que amparar la ley de financiaci\u00f3n porque, si bien la redistribuci\u00f3n de la poblaci\u00f3n es b\u00e1sica, con ella lo es tambi\u00e9n la redistribuci\u00f3n de los recursos ya que, sin ambos, \u201cno hay equilibrio ni cohesi\u00f3n territorial posible\u201d. Por ello, ha propuesto un enfoque multidimensional que incluya la mejora de la autonom\u00eda tributaria de los municipios, la racionalizaci\u00f3n del marco tributario y una distribuci\u00f3n justa de los recursos que garantice el acceso a servicios p\u00fablicos b\u00e1sicos para toda la poblaci\u00f3n.<\/p>\n<p style=\"text-align: justify;\">\u201cCreo que es momento de abordar la financiaci\u00f3n local, de tom\u00e1rnosla en serio, de tener a las Entidades Locales como entidades \u2018mayores de edad\u2019, entidades con su autonom\u00eda local que son capaces de decidir su futuro y que, cumpliendo con la Constituci\u00f3n, tienen que estar correctamente financiadas\u201d, ha reiterado.<\/p>\n<p style=\"text-align: justify;\">Reflexiones en torno a los retos m\u00e1s importantes de C-LM<\/p>\n<p style=\"text-align: justify;\">\u00c9sta es la tercera edici\u00f3n de este debate de alto nivel en la regi\u00f3n, con m\u00faltiples protagonistas en torno a los grandes retos de futuro a los que se enfrenta C-LM. A primera hora de este mi\u00e9rcoles, ha sido inaugurado por parte de Pedro J. Ram\u00edrez, presidente ejecutivo y director de El Espa\u00f1ol, y Esther Esteban, presidenta ejecutiva de El Espa\u00f1ol-El Digital de CLM, con intervenci\u00f3n institucional a cargo del presidente de la JCCM, Emiliano Garc\u00eda-Page.<\/p>\n<p style=\"text-align: justify;\">Junto a \u00e9l, han participado en el foro la vicepresidenta tercera del Gobierno y ministra para la Transici\u00f3n Ecol\u00f3gica y el Reto Demogr\u00e1fico, Teresa Ribera, adem\u00e1s del presidente del Senado, Pedro Roll\u00e1n. Tambi\u00e9n otros presidentes auton\u00f3micos; presidentes provinciales y alcaldes y alcaldesas de las localidades m\u00e1s importantes de la regi\u00f3n, as\u00ed como representantes de las principales organizaciones empresariales, sindicales y profesionales de Espa\u00f1a y de C-LM, junto a dirigentes de algunas empresas destacadas del pa\u00eds, entre ellos, la presidenta de Paradores y exministra, Raquel S\u00e1nchez.<\/p>\n<p><!--publicidad-voz03--><a href=\"https:\/\/www.facebook.com\/profile.php?id=100063593791305&amp;locale=es_ES\"><img decoding=\"async\" class=\"alignnone size-medium\" src=\"https:\/\/blogger.googleusercontent.com\/img\/b\/R29vZ2xl\/AVvXsEi8_n_ll8UOcGxCqzFvb_9Io4ICczlGC990BPtPj2w9Px-u7B3oqWUW5vtjZUqPNJ-nyjiUIorE0ATsib_l5tV8BVN-UJ03RTnU__IHJF_4DgDBtY4LIqXNG-FomrO-7ywes20CBCRM2Hcm7EJSh3UUw1dO-c_uTflUrtgY1i7uBRezj_DpympmEFkfbQY\/s1600\/logo-principal2.jpg\" width=\"100%\" height=\"100\" \/><\/a><!--bestpublic-voz03--><!--desk-in-out-voz03--><br \/>\n<!--publicidad-voz04--><a href=\"https:\/\/www.facebook.com\/profile.php?id=61557370768692&amp;locale=es_ES\"><img decoding=\"async\" class=\"alignnone size-medium\" src=\"https:\/\/blogger.googleusercontent.com\/img\/b\/R29vZ2xl\/AVvXsEgy5RdcfffrnrItnYTcV9bCJjgJwldsQLWssfVfrLbyfXeBNTFKgBf0rMIvhrUaGUhiXzVr9_eQgCbi-j63ZDpfTvLIty9w7s140y-m1yHe7eKmEK7v2NAHUJDVYGdfeiQFeRCqUjdwWmN1MX_AUxxz4IVdJ4WIM0APxit8bjWkXzrnEFGqBvW_1F13H1g\/s1600\/logo-principal5.jpg\" width=\"100%\" height=\"100\" \/><\/a><!--bestpublic-voz04--><!--desk-in-out-voz04--><br \/>\n<!--publicidad-voz05--><a href=\"https:\/\/www.facebook.com\/asociaciontamborileroshellin?locale=es_ES\"><img decoding=\"async\" class=\"alignnone size-medium\" src=\"https:\/\/blogger.googleusercontent.com\/img\/b\/R29vZ2xl\/AVvXsEhHEEpZsKK1VpwiYMrS7aE2ujtqIDZoLd4B5wtbiseSU9s2HdTdQfhF84So2XwEB1fv0BLw95GADm6hUl1bkKtzh-eIgVigXONuu_5RxeIMPhjk8q6uNX4EaEHbooKkbu7pCADWPpVJjhKIH5NQSJpWqedC-YBez4QAQeJYokkLot9bhrIaUAeztsGis6M\/s1600\/logo-principal3.jpg\" width=\"100%\" height=\"100\" \/><\/a><!--bestpublic-voz05--><!--desk-in-out-voz05--><br \/>\n<!--publicidad-voz06--><!--bestpublic-voz06--><!--desk-in-out-voz06--><br \/>\n<!--publicidad-voz07--><!--bestpublic-voz07--><!--desk-in-out-voz07--><br \/>\n<!--publicidad-voz08--><!--bestpublic-voz08--><!--desk-in-out-voz08--><br \/>\n<!--publicidad-voz09--><!--bestpublic-voz09--><!--desk-in-out-voz09--><br \/>\n<!--publicidad-voz10--><!--bestpublic-voz10--><!--desk-in-out-voz10--><br \/>\n<!--publicidad-voz11--><!--bestpublic-voz11--><!--desk-in-out-voz11--><br \/>\n<!--publicidad-voz12--><!--bestpublic-voz12--><!--desk-in-out-voz12--><br \/>\n<!--publicidad-voz13--><!--bestpublic-voz13--><!--desk-in-out-voz13--><br \/>\n<!--publicidad-voz14--><!--bestpublic-voz14--><!--desk-in-out-voz14--><br \/>\n<!--publicidad-voz15--><!--bestpublic-voz15--><!--desk-in-out-voz15--><br \/>\n<!--publicidad-voz16--><!--bestpublic-voz16--><!--desk-in-out-voz16--><\/p>\n","protected":false},"excerpt":{"rendered":"<p>El presidente de la Diputaci\u00f3n de Albacete, Santi Caba\u00f1ero, ha destacado la conveniencia de que la revisi\u00f3n y adaptaci\u00f3n del sistema de financiaci\u00f3n local se oriente a hacer frente a&#8230;<\/p>\n","protected":false},"author":2,"featured_media":148961,"comment_status":"closed","ping_status":"closed","sticky":false,"template":"","format":"standard","meta":{"footnotes":""},"categories":[753,718,715,716,717],"tags":[],"class_list":["post-148960","post","type-post","status-publish","format-standard","has-post-thumbnail","hentry","category-blog-lv034","category-blogger","category-la-voz-de-hellin","category-la-voz-de-hellin-la-voz-de-hellin","category-noticias"],"_links":{"self":[{"href":"https:\/\/lavozdehellin.com\/noticias\/wp-json\/wp\/v2\/posts\/148960","targetHints":{"allow":["GET"]}}],"collection":[{"href":"https:\/\/lavozdehellin.com\/noticias\/wp-json\/wp\/v2\/posts"}],"about":[{"href":"https:\/\/lavozdehellin.com\/noticias\/wp-json\/wp\/v2\/types\/post"}],"author":[{"embeddable":true,"href":"https:\/\/lavozdehellin.com\/noticias\/wp-json\/wp\/v2\/users\/2"}],"replies":[{"embeddable":true,"href":"https:\/\/lavozdehellin.com\/noticias\/wp-json\/wp\/v2\/comments?post=148960"}],"version-history":[{"count":0,"href":"https:\/\/lavozdehellin.com\/noticias\/wp-json\/wp\/v2\/posts\/148960\/revisions"}],"wp:featuredmedia":[{"embeddable":true,"href":"https:\/\/lavozdehellin.com\/noticias\/wp-json\/wp\/v2\/media\/148961"}],"wp:attachment":[{"href":"https:\/\/lavozdehellin.com\/noticias\/wp-json\/wp\/v2\/media?parent=148960"}],"wp:term":[{"taxonomy":"category","embeddable":true,"href":"https:\/\/lavozdehellin.com\/noticias\/wp-json\/wp\/v2\/categories?post=148960"},{"taxonomy":"post_tag","embeddable":true,"href":"https:\/\/lavozdehellin.com\/noticias\/wp-json\/wp\/v2\/tags?post=148960"}],"curies":[{"name":"wp","href":"https:\/\/api.w.org\/{rel}","templated":true}]}}