{"id":148976,"date":"2024-03-08T17:21:57","date_gmt":"2024-03-08T16:21:57","guid":{"rendered":"https:\/\/lavozdehellin.com\/noticias\/?p=148976"},"modified":"2024-03-11T09:48:42","modified_gmt":"2024-03-11T08:48:42","slug":"v08-401-jose-gonzalez-reitera-el-apoyo-de-la-diputacion-de-albacete-a-talitha-durante-la-inauguracion-de-sus-xvii-jornadas-sociales-sobre-elaboracion-del-duelo","status":"publish","type":"post","link":"https:\/\/lavozdehellin.com\/noticias\/v08-401-jose-gonzalez-reitera-el-apoyo-de-la-diputacion-de-albacete-a-talitha-durante-la-inauguracion-de-sus-xvii-jornadas-sociales-sobre-elaboracion-del-duelo\/","title":{"rendered":"LVH NOTICIAS | JOS\u00c9 GONZ\u00c1LEZ REITERA EL APOYO DE LA DIPUTACI\u00d3N DE ALBACETE A TALITHA DURANTE LA INAUGURACI\u00d3N DE SUS XVII JORNADAS SOCIALES SOBRE \u2018ELABORACI\u00d3N DEL DUELO\u2019"},"content":{"rendered":"<p style=\"text-align: justify;\">El diputado provincial del \u00c1rea Social, Jos\u00e9 Gonz\u00e1lez, ha participado en la inauguraci\u00f3n de las XVII jornadas sociales sobre \u2018Elaboraci\u00f3n del duelo\u2019 que anualmente organiza Talitha, y que se est\u00e1n desarrollando en el Sal\u00f3n de Actos de la Diputaci\u00f3n de Albacete durante este viernes y la ma\u00f1ana del s\u00e1bado (8 y 9 de marzo).<\/p>\n<p><!--more--><br \/>\n<!--publicidad-voz01--><a href=\"https:\/\/www.facebook.com\/SoloRadioHellin\/?locale=es_ES\"><img decoding=\"async\" class=\"alignnone size-medium\" src=\"https:\/\/blogger.googleusercontent.com\/img\/b\/R29vZ2xl\/AVvXsEiNncirNnyGedv00mhjZjh5Wl4_YPdJGanoAl8tL8zH-HwqE8uHqjEfSt340RHdx-9tuCSIkZ8rFamZiGyYlgDGxCsmXjCH_1xk5eYM3ntFZRvJP_jndOKR7w1UAo9Tu0vrZyOLfqRpHIxYI5SymJJ-pfGCQw6QVpggBH-UgfjiFQ2JOxqxG0Jx94kW83c\/s1600\/logo-principal.jpg\" width=\"100%\" height=\"100\" \/><\/a><!--bestpublic-voz01--><!--desk-in-out-voz01--><br \/>\n<!--publicidad-voz02--><a href=\"https:\/\/www.hellincf.com\/\"><img decoding=\"async\" class=\"alignnone size-medium\" src=\"https:\/\/blogger.googleusercontent.com\/img\/b\/R29vZ2xl\/AVvXsEhuZ4-XfBVj3UtdP8-RZugy3WVrg-Zv28c53m4oV47qYCxL1rX_dqWX_YddsGSnpH5SRDqZ7bZeKPIfDVCDncpjVlhy3aQs2vojcJBn7Gdv9hC2_Nzct_pRFrnFE1a7KTCdY1bT_kAgnY3-iadRZrGeJf1fR2P5fu11bokx0pWjaypoy-ctwCjklldpEbA\/s1600\/logo-principal7.jpg\" width=\"100%\" height=\"100\" \/><\/a><!--bestpublic-voz02--><!--desk-in-out-voz02--><\/p>\n<p style=\"text-align: justify;\">Acompa\u00f1ando a la presidenta de esta Asociaci\u00f3n de Ayuda en el Proceso de Duelo, Pilar Mart\u00ednez, y a las familias que la conforman, Gonz\u00e1lez ha dado la bienvenida, en nombre del m\u00e1ximo responsable provincial, Santi Caba\u00f1ero, a todas las personas asistentes, y ha destacado la importancia de citas como \u00e9sta.<\/p>\n<p style=\"text-align: justify;\">Durante sus palabras, el diputado del \u00c1rea Social, que ha reiterado el apoyo de la Diputaci\u00f3n de Albacete a Talitha, ha asegurado que desde las administraciones p\u00fablicas \u201c\u00fanicamente podemos dar las gracias y tender la mano a entidades como \u00e9sta, que trabajan, d\u00eda tras d\u00eda, para ayudar a personas que est\u00e1n atravesando momentos muy dif\u00edciles y, al hacerlo, hacen de la sociedad un lugar mejor\u201d.<\/p>\n<p style=\"text-align: justify;\">De hecho, ha destacado la gran labor que viene realizando esta asociaci\u00f3n desde hace casi 20 a\u00f1os, \u201ccreciendo y avanzando en iniciativas que se han demostrado muy importantes\u201d, y ha se\u00f1alado, a modo de ejemplo, proyectos claves desde el \u00e1mbito educativo como lo son el \u2018Pluma\u2019 o el \u2018Arya\u2019, en cuyo desarrollo en la provincia colabora la Diputaci\u00f3n de Albacete, o la Mesa para la Prevenci\u00f3n del Suicidio, de la que esta entidad fue una de las impulsoras.<\/p>\n<p style=\"text-align: justify;\">En este sentido, Gonz\u00e1lez ha puesto el foco en la necesidad de hablar y abordar las p\u00e9rdidas, el duelo, el suicidio\u2026 y tambi\u00e9n ha incidido en la necesidad de crear espacios seguros de di\u00e1logo y reflexi\u00f3n \u201ccomo viene haciendo Talitha desde hace casi dos d\u00e9cadas, convertida en una herramienta pr\u00e1cticamente \u00fanica en este \u00e1mbito, que ayuda, acompa\u00f1a y mejora vidas\u201d.<\/p>\n<p style=\"text-align: justify;\">En este punto, ha recordado que la Diputaci\u00f3n de Albacete tiene una historia compartida con Talitha desde su origen, y ha valorado c\u00f3mo a lo largo de estos a\u00f1os ha sido capaz de crear una red de apoyos y ayuda a personas no s\u00f3lo de nuestro territorio, sino tambi\u00e9n de otros puntos de la geograf\u00eda.<\/p>\n<p style=\"text-align: justify;\">Finalmente, el responsable provincial ha deseado que estas jornadas sean fruct\u00edferas \u201cpara que una vez finalizadas, lo que aqu\u00ed aprendamos y sintamos lo podamos llevar fuera y podamos ayudar a muchas m\u00e1s personas\u201d.<\/p>\n<p style=\"text-align: justify;\">En esta cita han participado la delegada provincial de Sanidad, Juani Garc\u00eda, y la concejala de Calidad de Vida en el Ayuntamiento de Albacete, Llanos Navarro, quienes tambi\u00e9n han destacado la gran labor de esta asociaci\u00f3n, cuya presidenta, Pilar Mart\u00ednez, ha asegurado que las instituciones \u201cson imprescindibles\u201d para Talitha, subrayando la colaboraci\u00f3n que siempre ha encontrado en ellas.<\/p>\n<p style=\"text-align: justify;\">Asimismo, Mart\u00ednez ha explicado que estas jornadas formativas cuentan con grandes expertos en las materias que se van a abordar, y ha agradecido la labor de todos los voluntarios y voluntarias de la asociaci\u00f3n.<\/p>\n<p style=\"text-align: justify;\">Una programaci\u00f3n muy completa<\/p>\n<p style=\"text-align: justify;\">Una vez finalizada la inauguraci\u00f3n, la ponencia inaugural ha corrido a cargo del profesor titular de Psicolog\u00eda Cl\u00ednica de la Universidad Complutense de Madrid Gonzalo Herv\u00e1s Torres, que hablar\u00e1 sobre \u2018Las emociones y su regulaci\u00f3n en el proceso de duelo\u2019, a quien suceder\u00e1, el catedr\u00e1tico de Ense\u00f1anza Secundaria y Decano \u2013Presidente del Colegio Oficial de la Psicolog\u00eda de Madrid, Jos\u00e9 Antonio Luengo Latorre, quien tratar\u00e1 \u2018El dolor adolescente y sus manifestaciones m\u00e1s relevantes: el duelo y la violencia autoinfligida\u2019.<\/p>\n<p style=\"text-align: justify;\">El s\u00e1bado arrancar\u00e1 con una mesa redonda coordinada por la psic\u00f3loga colaborada de Talitha, Marta Rodr\u00edguez, en la que se dar\u00e1n cita testimonios aportados por personas que han perdido a un ser querido. Tras este encuentro ser\u00e1 el turno del psic\u00f3logo sanitario y forense, Jos\u00e9 Antonio Gallani Dom\u00ednguez, que abordar\u00e1 \u2018El duelo como experiencia de significado en nuestra vida\u2019. Y las jornadas concluir\u00e1n con la intervenci\u00f3n de Lala Terol Juli\u00e1n, licenciada en Psicolog\u00eda y coordinadora del Curso de Experto en prevenci\u00f3n e intervenci\u00f3n del suicidio en Isep, quien hablar\u00e1 sobre \u2018Reconectar, un di\u00e1logo entre el duelo la supervivencia\u2019.<\/p>\n<p><!--publicidad-voz03--><a href=\"https:\/\/www.facebook.com\/profile.php?id=100063593791305&amp;locale=es_ES\"><img decoding=\"async\" class=\"alignnone size-medium\" src=\"https:\/\/blogger.googleusercontent.com\/img\/b\/R29vZ2xl\/AVvXsEi8_n_ll8UOcGxCqzFvb_9Io4ICczlGC990BPtPj2w9Px-u7B3oqWUW5vtjZUqPNJ-nyjiUIorE0ATsib_l5tV8BVN-UJ03RTnU__IHJF_4DgDBtY4LIqXNG-FomrO-7ywes20CBCRM2Hcm7EJSh3UUw1dO-c_uTflUrtgY1i7uBRezj_DpympmEFkfbQY\/s1600\/logo-principal2.jpg\" width=\"100%\" height=\"100\" \/><\/a><!--bestpublic-voz03--><!--desk-in-out-voz03--><br \/>\n<!--publicidad-voz04--><a href=\"https:\/\/www.facebook.com\/profile.php?id=61557370768692&amp;locale=es_ES\"><img decoding=\"async\" class=\"alignnone size-medium\" src=\"https:\/\/blogger.googleusercontent.com\/img\/b\/R29vZ2xl\/AVvXsEgy5RdcfffrnrItnYTcV9bCJjgJwldsQLWssfVfrLbyfXeBNTFKgBf0rMIvhrUaGUhiXzVr9_eQgCbi-j63ZDpfTvLIty9w7s140y-m1yHe7eKmEK7v2NAHUJDVYGdfeiQFeRCqUjdwWmN1MX_AUxxz4IVdJ4WIM0APxit8bjWkXzrnEFGqBvW_1F13H1g\/s1600\/logo-principal5.jpg\" width=\"100%\" height=\"100\" \/><\/a><!--bestpublic-voz04--><!--desk-in-out-voz04--><br \/>\n<!--publicidad-voz05--><a href=\"https:\/\/www.facebook.com\/asociaciontamborileroshellin?locale=es_ES\"><img decoding=\"async\" class=\"alignnone size-medium\" src=\"https:\/\/blogger.googleusercontent.com\/img\/b\/R29vZ2xl\/AVvXsEhHEEpZsKK1VpwiYMrS7aE2ujtqIDZoLd4B5wtbiseSU9s2HdTdQfhF84So2XwEB1fv0BLw95GADm6hUl1bkKtzh-eIgVigXONuu_5RxeIMPhjk8q6uNX4EaEHbooKkbu7pCADWPpVJjhKIH5NQSJpWqedC-YBez4QAQeJYokkLot9bhrIaUAeztsGis6M\/s1600\/logo-principal3.jpg\" width=\"100%\" height=\"100\" \/><\/a><!--bestpublic-voz05--><!--desk-in-out-voz05--><br \/>\n<!--publicidad-voz06--><!--bestpublic-voz06--><!--desk-in-out-voz06--><br \/>\n<!--publicidad-voz07--><!--bestpublic-voz07--><!--desk-in-out-voz07--><br \/>\n<!--publicidad-voz08--><!--bestpublic-voz08--><!--desk-in-out-voz08--><br \/>\n<!--publicidad-voz09--><!--bestpublic-voz09--><!--desk-in-out-voz09--><br \/>\n<!--publicidad-voz10--><!--bestpublic-voz10--><!--desk-in-out-voz10--><br \/>\n<!--publicidad-voz11--><!--bestpublic-voz11--><!--desk-in-out-voz11--><br \/>\n<!--publicidad-voz12--><!--bestpublic-voz12--><!--desk-in-out-voz12--><br \/>\n<!--publicidad-voz13--><!--bestpublic-voz13--><!--desk-in-out-voz13--><br \/>\n<!--publicidad-voz14--><!--bestpublic-voz14--><!--desk-in-out-voz14--><br \/>\n<!--publicidad-voz15--><!--bestpublic-voz15--><!--desk-in-out-voz15--><br \/>\n<!--publicidad-voz16--><!--bestpublic-voz16--><!--desk-in-out-voz16--><\/p>\n","protected":false},"excerpt":{"rendered":"<p>El diputado provincial del \u00c1rea Social, Jos\u00e9 Gonz\u00e1lez, ha participado en la inauguraci\u00f3n de las XVII jornadas sociales sobre \u2018Elaboraci\u00f3n del duelo\u2019 que anualmente organiza Talitha, y que se est\u00e1n&#8230;<\/p>\n","protected":false},"author":2,"featured_media":148977,"comment_status":"closed","ping_status":"closed","sticky":false,"template":"","format":"standard","meta":{"footnotes":""},"categories":[753,718,715,716,717],"tags":[],"class_list":["post-148976","post","type-post","status-publish","format-standard","has-post-thumbnail","hentry","category-blog-lv034","category-blogger","category-la-voz-de-hellin","category-la-voz-de-hellin-la-voz-de-hellin","category-noticias"],"_links":{"self":[{"href":"https:\/\/lavozdehellin.com\/noticias\/wp-json\/wp\/v2\/posts\/148976","targetHints":{"allow":["GET"]}}],"collection":[{"href":"https:\/\/lavozdehellin.com\/noticias\/wp-json\/wp\/v2\/posts"}],"about":[{"href":"https:\/\/lavozdehellin.com\/noticias\/wp-json\/wp\/v2\/types\/post"}],"author":[{"embeddable":true,"href":"https:\/\/lavozdehellin.com\/noticias\/wp-json\/wp\/v2\/users\/2"}],"replies":[{"embeddable":true,"href":"https:\/\/lavozdehellin.com\/noticias\/wp-json\/wp\/v2\/comments?post=148976"}],"version-history":[{"count":0,"href":"https:\/\/lavozdehellin.com\/noticias\/wp-json\/wp\/v2\/posts\/148976\/revisions"}],"wp:featuredmedia":[{"embeddable":true,"href":"https:\/\/lavozdehellin.com\/noticias\/wp-json\/wp\/v2\/media\/148977"}],"wp:attachment":[{"href":"https:\/\/lavozdehellin.com\/noticias\/wp-json\/wp\/v2\/media?parent=148976"}],"wp:term":[{"taxonomy":"category","embeddable":true,"href":"https:\/\/lavozdehellin.com\/noticias\/wp-json\/wp\/v2\/categories?post=148976"},{"taxonomy":"post_tag","embeddable":true,"href":"https:\/\/lavozdehellin.com\/noticias\/wp-json\/wp\/v2\/tags?post=148976"}],"curies":[{"name":"wp","href":"https:\/\/api.w.org\/{rel}","templated":true}]}}