{"id":148980,"date":"2024-03-09T10:33:17","date_gmt":"2024-03-09T09:33:17","guid":{"rendered":"https:\/\/lavozdehellin.com\/noticias\/?p=148980"},"modified":"2024-03-11T09:48:42","modified_gmt":"2024-03-11T08:48:42","slug":"v08-403-sedipualba-la-plataforma-de-administracion-electronica-de-la-diputacion-de-albacete-referente-en-el-ambito-publico-nacional-despierta-el-interes-del-gobierno-chileno-y-de-fempclm","status":"publish","type":"post","link":"https:\/\/lavozdehellin.com\/noticias\/v08-403-sedipualba-la-plataforma-de-administracion-electronica-de-la-diputacion-de-albacete-referente-en-el-ambito-publico-nacional-despierta-el-interes-del-gobierno-chileno-y-de-fempclm\/","title":{"rendered":"LVH NOTICIAS | SEDIPUALBA, LA PLATAFORMA DE ADMINISTRACI\u00d3N ELECTR\u00d3NICA DE LA DIPUTACI\u00d3N DE ALBACETE REFERENTE EN EL \u00c1MBITO P\u00daBLICO NACIONAL, DESPIERTA EL INTER\u00c9S DEL GOBIERNO CHILENO Y DE FEMPCLM"},"content":{"rendered":"<p style=\"text-align: justify;\">Sedipualba, la plataforma de administraci\u00f3n electr\u00f3nica impulsada en 2014 por la Diputaci\u00f3n de Albacete, a trav\u00e9s de su Servicio de Modernizaci\u00f3n Electr\u00f3nica y Tecnolog\u00edas de la Informaci\u00f3n y la Comunicaci\u00f3n (TIC), sigue extendi\u00e9ndose y despertando inter\u00e9s a lo largo y ancho del mapa, traspasando todo tipo de \u2018fronteras\u2019.<\/p>\n<p><!--more--><br \/>\n<!--publicidad-voz01--><a href=\"https:\/\/www.facebook.com\/SoloRadioHellin\/?locale=es_ES\"><img decoding=\"async\" class=\"alignnone size-medium\" src=\"https:\/\/blogger.googleusercontent.com\/img\/b\/R29vZ2xl\/AVvXsEiNncirNnyGedv00mhjZjh5Wl4_YPdJGanoAl8tL8zH-HwqE8uHqjEfSt340RHdx-9tuCSIkZ8rFamZiGyYlgDGxCsmXjCH_1xk5eYM3ntFZRvJP_jndOKR7w1UAo9Tu0vrZyOLfqRpHIxYI5SymJJ-pfGCQw6QVpggBH-UgfjiFQ2JOxqxG0Jx94kW83c\/s1600\/logo-principal.jpg\" width=\"100%\" height=\"100\" \/><\/a><!--bestpublic-voz01--><!--desk-in-out-voz01--><br \/>\n<!--publicidad-voz02--><a href=\"https:\/\/www.hellincf.com\/\"><img decoding=\"async\" class=\"alignnone size-medium\" src=\"https:\/\/blogger.googleusercontent.com\/img\/b\/R29vZ2xl\/AVvXsEhuZ4-XfBVj3UtdP8-RZugy3WVrg-Zv28c53m4oV47qYCxL1rX_dqWX_YddsGSnpH5SRDqZ7bZeKPIfDVCDncpjVlhy3aQs2vojcJBn7Gdv9hC2_Nzct_pRFrnFE1a7KTCdY1bT_kAgnY3-iadRZrGeJf1fR2P5fu11bokx0pWjaypoy-ctwCjklldpEbA\/s1600\/logo-principal7.jpg\" width=\"100%\" height=\"100\" \/><\/a><!--bestpublic-voz02--><!--desk-in-out-voz02--><\/p>\n<p style=\"text-align: justify;\">De un lado, el presidente provincial, Santi Caba\u00f1ero, ha mantenido un encuentro con una delegaci\u00f3n de la Federaci\u00f3n de Municipios y Provincias de C-LM (FEMPCLM), interesada en conocer todas las prestaciones y potencialidades de esta herramienta con la que cuenta la Diputaci\u00f3n de Albacete y que constituye un modelo referente entre administraciones p\u00fablicas (AA.PP.) de todo tipo en el conjunto del pa\u00eds.<\/p>\n<p style=\"text-align: justify;\">Acompa\u00f1ado del vicepresidente, Fran Valera; del diputado responsable de Modernizaci\u00f3n Administrativa y TIC, Jos\u00e9 Antonio Calvo; y del jefe del citado Servicio, Jos\u00e9 Joaqu\u00edn de Haro, as\u00ed como del coordinador del Plan de Administraci\u00f3n Electr\u00f3nica de la instituci\u00f3n provincial, Antonio Villaescusa, el presidente de la Diputaci\u00f3n de Albacete ha recibido al secretario general de la citada federaci\u00f3n regional, Ferm\u00edn Cerd\u00e1n, y a su vicesecretario general, Tom\u00e1s Ma\u00f1as.<\/p>\n<p style=\"text-align: justify;\">La visita responde a la intenci\u00f3n de la FEMPCLM de implementar el uso de una plataforma de administraci\u00f3n electr\u00f3nica que, en la l\u00ednea que viene haciendo ya Sedipualba con el conjunto de entidades a las que presta servicio, satisfaga necesidades que, en el caso planteado por Cerd\u00e1n y Ma\u00f1as, se orientar\u00edan a cuestiones como la utilizaci\u00f3n de firma electr\u00f3nica, el registro electr\u00f3nico de entradas y salidas, las Convocatorias de \u00d3rganos de Gobierno, el Libro de Actas, la facturaci\u00f3n a Asociados (v\u00eda FACE), la contrataci\u00f3n electr\u00f3nica (v\u00eda Portal de Transparencia, Perfil del Contratante y PLACSP), la tramitaci\u00f3n de expedientes, el env\u00edo de circulares y notificaciones a sedes electr\u00f3nicas de las Entidades Locales, el Libro de inventarios y cuentas anuales, resoluciones y certificaciones de la Secretar\u00eda General o la propia gesti\u00f3n del Portal de Transparencia.<\/p>\n<p style=\"text-align: justify;\">\u00c1mbitos donde la experiencia de Sedipualba es amplia y contrastada estando, por ejemplo, la Federaci\u00f3n de Entidades Locales de la Islas Baleares entre las AA.PP. que han pasado a engrosar la lista de usuarias m\u00e1s recientes de la plataforma albacetense. Algo que, sin ir m\u00e1s lejos, se materializaba en el \u00faltimo Pleno celebrado por la Diputaci\u00f3n este pasado 7 de marzo donde, adem\u00e1s, Sedipualba \u2018sellaba\u2019 su cesi\u00f3n de uso con Tracasa Instrumental, S.L.U. (para dar servicio a los municipios de Navarra con menos de 20.000 habitantes); con el Consorcio Asturiano de Servicios Tecnol\u00f3gicos (CAST); con la Empresa Municipal de Transportes de Fuenlabrada; as\u00ed como con el Ayuntamiento de Chozas de Canales (Toledo).<\/p>\n<p style=\"text-align: justify;\">El Gobierno de Chile muestra su inter\u00e9s por el modelo de Sedipualba<\/p>\n<p style=\"text-align: justify;\">Siguiendo esa l\u00ednea de crecimiento, en continua expansi\u00f3n y mejora, desde la Jefatura del Servicio de Modernizaci\u00f3n Administrativa y TIC de la Diputaci\u00f3n de Albacete, tambi\u00e9n se ha mantenido una reuni\u00f3n con varios miembros de la Subsecretar\u00eda de Desarrollo Regional y Administrativo del gobierno de Chile, que manifestaban su inter\u00e9s por la plataforma Sedipualba de cara a implantar un proyecto similar en su territorio.<\/p>\n<p style=\"text-align: justify;\">Esta cita, v\u00eda telem\u00e1tica, se ha celebrado tras un primer encuentro con un representante del Gobierno chileno donde, ambas partes, se emplazaron a esta segunda reuni\u00f3n, m\u00e1s t\u00e9cnica, para ahondar con todo detalle en el proyecto que lidera la Diputaci\u00f3n de Albacete en al \u00e1mbito p\u00fablico.<\/p>\n<p style=\"text-align: justify;\">Sedipualba es la mayor plataforma p\u00fablica de administraci\u00f3n electr\u00f3nica de Espa\u00f1a, contando con m\u00e1s de un millar de entidades de las 17 Comunidades Aut\u00f3nomas del pa\u00eds y ha sido desarrollada \u00edntegramente por personal p\u00fablico del citado Servicio de Modernizaci\u00f3n Administrativa y TIC de la Diputaci\u00f3n de Albacete.<\/p>\n<p style=\"text-align: justify;\">M\u00e1s de 30.000 empleados y empleadas de la AA.PP. usan diariamente Sedipualba para el correcto desempe\u00f1o de su trabajo (en cuestiones tales como la gesti\u00f3n de expedientes informativos, la firma de documentos, o el env\u00edo de notificaciones, entre muchas otras); de la misma forma, la ciudadan\u00eda de todos esos territorios, tambi\u00e9n usa este software para relacionarse con sus respectivas administraciones.<\/p>\n<p style=\"text-align: justify;\">Las infraestructuras tecnol\u00f3gicas que lo soportan, est\u00e1n alojadas en sendos centros de proceso de datos, alojados tanto en la propia Diputaci\u00f3n de Albacete, como en el Parque Cient\u00edfico y Tecnol\u00f3gico de Castilla-La Mancha soportando, diariamente, millones de transacciones seguras.<\/p>\n<p style=\"text-align: justify;\">Como hace valer el propio presidente provincial all\u00ed donde tiene ocasi\u00f3n, Sedipualba es el fruto de \u201cun compromiso profundo con el servicio p\u00fablico\u201d liderado por la Diputaci\u00f3n de Albacete y donde, cada miembro, aporta su conocimiento, habilidad y excelencia en torno a un proyecto con la misi\u00f3n fundamental de \u201cimpulsar la transformaci\u00f3n digital de las administraciones p\u00fablicas\u201d y que no s\u00f3lo busca acercarlas a la poblaci\u00f3n, sino tambi\u00e9n simplificar las interacciones cotidianas que marcan nuestras vidas en su relaci\u00f3n con ellas.<\/p>\n<p style=\"text-align: justify;\">El impulso a la innovaci\u00f3n que representa esta herramienta se viene afianzando con el tiempo, dando cumplimiento al art\u00edculo 157 de la Ley 40\/2015, del R\u00e9gimen Jur\u00eddico del Sector P\u00fablico, que insta a las administraciones a compartir las aplicaciones desarrolladas por sus servicios con otras entidades que las soliciten (especialmente, aqu\u00e9llas que promuevan la transparencia y la inclusi\u00f3n de la ciudadan\u00eda en la sociedad de la informaci\u00f3n).<\/p>\n<p style=\"text-align: justify;\">La respuesta obtenida por Sedipualba ha superado todas las previsiones, con una acogida en ascenso que, adem\u00e1s de ratificar el valor de la iniciativa, tambi\u00e9n reafirma el compromiso del Gobierno Provincial de Albacete y del equipo de Modernizaci\u00f3n Administrativa y TIC de la Diputaci\u00f3n con una visi\u00f3n pionera y constante de transformaci\u00f3n digital.<\/p>\n<p><!--publicidad-voz03--><a href=\"https:\/\/www.facebook.com\/profile.php?id=100063593791305&amp;locale=es_ES\"><img decoding=\"async\" class=\"alignnone size-medium\" src=\"https:\/\/blogger.googleusercontent.com\/img\/b\/R29vZ2xl\/AVvXsEi8_n_ll8UOcGxCqzFvb_9Io4ICczlGC990BPtPj2w9Px-u7B3oqWUW5vtjZUqPNJ-nyjiUIorE0ATsib_l5tV8BVN-UJ03RTnU__IHJF_4DgDBtY4LIqXNG-FomrO-7ywes20CBCRM2Hcm7EJSh3UUw1dO-c_uTflUrtgY1i7uBRezj_DpympmEFkfbQY\/s1600\/logo-principal2.jpg\" width=\"100%\" height=\"100\" \/><\/a><!--bestpublic-voz03--><!--desk-in-out-voz03--><br \/>\n<!--publicidad-voz04--><a href=\"https:\/\/www.facebook.com\/profile.php?id=61557370768692&amp;locale=es_ES\"><img decoding=\"async\" class=\"alignnone size-medium\" src=\"https:\/\/blogger.googleusercontent.com\/img\/b\/R29vZ2xl\/AVvXsEgy5RdcfffrnrItnYTcV9bCJjgJwldsQLWssfVfrLbyfXeBNTFKgBf0rMIvhrUaGUhiXzVr9_eQgCbi-j63ZDpfTvLIty9w7s140y-m1yHe7eKmEK7v2NAHUJDVYGdfeiQFeRCqUjdwWmN1MX_AUxxz4IVdJ4WIM0APxit8bjWkXzrnEFGqBvW_1F13H1g\/s1600\/logo-principal5.jpg\" width=\"100%\" height=\"100\" \/><\/a><!--bestpublic-voz04--><!--desk-in-out-voz04--><br \/>\n<!--publicidad-voz05--><a href=\"https:\/\/www.facebook.com\/asociaciontamborileroshellin?locale=es_ES\"><img decoding=\"async\" class=\"alignnone size-medium\" src=\"https:\/\/blogger.googleusercontent.com\/img\/b\/R29vZ2xl\/AVvXsEhHEEpZsKK1VpwiYMrS7aE2ujtqIDZoLd4B5wtbiseSU9s2HdTdQfhF84So2XwEB1fv0BLw95GADm6hUl1bkKtzh-eIgVigXONuu_5RxeIMPhjk8q6uNX4EaEHbooKkbu7pCADWPpVJjhKIH5NQSJpWqedC-YBez4QAQeJYokkLot9bhrIaUAeztsGis6M\/s1600\/logo-principal3.jpg\" width=\"100%\" height=\"100\" \/><\/a><!--bestpublic-voz05--><!--desk-in-out-voz05--><br \/>\n<!--publicidad-voz06--><!--bestpublic-voz06--><!--desk-in-out-voz06--><br \/>\n<!--publicidad-voz07--><!--bestpublic-voz07--><!--desk-in-out-voz07--><br \/>\n<!--publicidad-voz08--><!--bestpublic-voz08--><!--desk-in-out-voz08--><br \/>\n<!--publicidad-voz09--><!--bestpublic-voz09--><!--desk-in-out-voz09--><br \/>\n<!--publicidad-voz10--><!--bestpublic-voz10--><!--desk-in-out-voz10--><br \/>\n<!--publicidad-voz11--><!--bestpublic-voz11--><!--desk-in-out-voz11--><br \/>\n<!--publicidad-voz12--><!--bestpublic-voz12--><!--desk-in-out-voz12--><br \/>\n<!--publicidad-voz13--><!--bestpublic-voz13--><!--desk-in-out-voz13--><br \/>\n<!--publicidad-voz14--><!--bestpublic-voz14--><!--desk-in-out-voz14--><br \/>\n<!--publicidad-voz15--><!--bestpublic-voz15--><!--desk-in-out-voz15--><br \/>\n<!--publicidad-voz16--><!--bestpublic-voz16--><!--desk-in-out-voz16--><\/p>\n","protected":false},"excerpt":{"rendered":"<p>Sedipualba, la plataforma de administraci\u00f3n electr\u00f3nica impulsada en 2014 por la Diputaci\u00f3n de Albacete, a trav\u00e9s de su Servicio de Modernizaci\u00f3n Electr\u00f3nica y Tecnolog\u00edas de la Informaci\u00f3n y la Comunicaci\u00f3n&#8230;<\/p>\n","protected":false},"author":2,"featured_media":148981,"comment_status":"closed","ping_status":"closed","sticky":false,"template":"","format":"standard","meta":{"footnotes":""},"categories":[753,718,715,716,717],"tags":[],"class_list":["post-148980","post","type-post","status-publish","format-standard","has-post-thumbnail","hentry","category-blog-lv034","category-blogger","category-la-voz-de-hellin","category-la-voz-de-hellin-la-voz-de-hellin","category-noticias"],"_links":{"self":[{"href":"https:\/\/lavozdehellin.com\/noticias\/wp-json\/wp\/v2\/posts\/148980","targetHints":{"allow":["GET"]}}],"collection":[{"href":"https:\/\/lavozdehellin.com\/noticias\/wp-json\/wp\/v2\/posts"}],"about":[{"href":"https:\/\/lavozdehellin.com\/noticias\/wp-json\/wp\/v2\/types\/post"}],"author":[{"embeddable":true,"href":"https:\/\/lavozdehellin.com\/noticias\/wp-json\/wp\/v2\/users\/2"}],"replies":[{"embeddable":true,"href":"https:\/\/lavozdehellin.com\/noticias\/wp-json\/wp\/v2\/comments?post=148980"}],"version-history":[{"count":0,"href":"https:\/\/lavozdehellin.com\/noticias\/wp-json\/wp\/v2\/posts\/148980\/revisions"}],"wp:featuredmedia":[{"embeddable":true,"href":"https:\/\/lavozdehellin.com\/noticias\/wp-json\/wp\/v2\/media\/148981"}],"wp:attachment":[{"href":"https:\/\/lavozdehellin.com\/noticias\/wp-json\/wp\/v2\/media?parent=148980"}],"wp:term":[{"taxonomy":"category","embeddable":true,"href":"https:\/\/lavozdehellin.com\/noticias\/wp-json\/wp\/v2\/categories?post=148980"},{"taxonomy":"post_tag","embeddable":true,"href":"https:\/\/lavozdehellin.com\/noticias\/wp-json\/wp\/v2\/tags?post=148980"}],"curies":[{"name":"wp","href":"https:\/\/api.w.org\/{rel}","templated":true}]}}