{"id":148987,"date":"2024-02-13T10:24:52","date_gmt":"2024-02-13T09:24:52","guid":{"rendered":"https:\/\/lavozdehellin.com\/noticias\/?p=148987"},"modified":"2024-03-11T09:50:21","modified_gmt":"2024-03-11T08:50:21","slug":"v08-340-la-guardia-civil-de-albacete-detiene-a-una-persona-e-impide-el-robo-en-un-comercio-de-letur","status":"publish","type":"post","link":"https:\/\/lavozdehellin.com\/noticias\/v08-340-la-guardia-civil-de-albacete-detiene-a-una-persona-e-impide-el-robo-en-un-comercio-de-letur\/","title":{"rendered":"LVH NOTICIAS | LA GUARDIA CIVIL DE ALBACETE DETIENE A UNA PERSONA E IMPIDE EL ROBO EN UN COMERCIO DE LETUR"},"content":{"rendered":"<p style=\"text-align: justify;\">El detenido fue sorprendido en el interior del comercio sustrayendo bebidas alcoh\u00f3licas.<\/p>\n<p><!--more--><br \/>\n<!--publicidad-voz01--><a href=\"https:\/\/www.facebook.com\/SoloRadioHellin\/?locale=es_ES\"><img decoding=\"async\" class=\"alignnone size-medium\" src=\"https:\/\/blogger.googleusercontent.com\/img\/b\/R29vZ2xl\/AVvXsEiNncirNnyGedv00mhjZjh5Wl4_YPdJGanoAl8tL8zH-HwqE8uHqjEfSt340RHdx-9tuCSIkZ8rFamZiGyYlgDGxCsmXjCH_1xk5eYM3ntFZRvJP_jndOKR7w1UAo9Tu0vrZyOLfqRpHIxYI5SymJJ-pfGCQw6QVpggBH-UgfjiFQ2JOxqxG0Jx94kW83c\/s1600\/logo-principal.jpg\" width=\"100%\" height=\"100\" \/><\/a><!--bestpublic-voz01--><!--desk-in-out-voz01--><br \/>\n<!--publicidad-voz02--><a href=\"https:\/\/www.hellincf.com\/\"><img decoding=\"async\" class=\"alignnone size-medium\" src=\"https:\/\/blogger.googleusercontent.com\/img\/b\/R29vZ2xl\/AVvXsEhuZ4-XfBVj3UtdP8-RZugy3WVrg-Zv28c53m4oV47qYCxL1rX_dqWX_YddsGSnpH5SRDqZ7bZeKPIfDVCDncpjVlhy3aQs2vojcJBn7Gdv9hC2_Nzct_pRFrnFE1a7KTCdY1bT_kAgnY3-iadRZrGeJf1fR2P5fu11bokx0pWjaypoy-ctwCjklldpEbA\/s1600\/logo-principal7.jpg\" width=\"100%\" height=\"100\" \/><\/a><!--bestpublic-voz02--><!--desk-in-out-voz02--><\/p>\n<p style=\"text-align: justify;\">La activaci\u00f3n del dispositivo de alarma del establecimiento p\u00fablico alert\u00f3 a la Guardia Civil.<\/p>\n<p style=\"text-align: justify;\">Efectivos de la Guardia Civil de Elche de la Sierra han detenido a un vecino de la localidad albacetense de Letur, de 38 a\u00f1os, como presunto autor del robo cometido en un supermercado de su localidad de residencia, del que intentaba sustraer distintas bebidas alcoh\u00f3licas, que fueron finalmente recuperadas.<\/p>\n<p style=\"text-align: justify;\">Actuaciones<\/p>\n<p style=\"text-align: justify;\">Una patrulla de la Guardia Civil de Elche de la Sierra fue requerida por los operadores del Centro Operativo Complejo (COC) de la Comandancia de la Benem\u00e9rita albacete\u00f1a, para que se desplazase a un comercio de alimentaci\u00f3n de Letur tras haberse activado la alarma de robo.<\/p>\n<p style=\"text-align: justify;\">Al llegar al lugar del suceso, los guardias civiles pudieron observar que una reja que daba acceso a la zona comercial se encontraba forzada, por lo que procedieron al registro del local, pudiendo localizar al autor del robo cuando trataba de ocultarse en su interior, hallando tambi\u00e9n el bot\u00edn que ten\u00eda preparado para sustraer, compuesto por varias botellas de bebidas alcoh\u00f3licas.<\/p>\n<p style=\"text-align: justify;\">Plan Comercio Seguro<\/p>\n<p style=\"text-align: justify;\">Dentro del Plan de Mejora de la Seguridad en el Comercio, la Guardia Civil recuerda una serie de consejos de seguridad para comerciantes, con el objetivo de evitar que sean v\u00edctimas de robos o hurtos en sus instalaciones, as\u00ed como el de disuadir a terceras personas de cometer estos hechos delictivos.<\/p>\n<p style=\"text-align: justify;\">\u2022 Evitar tener grandes cantidades de dinero en el establecimiento.<\/p>\n<p style=\"text-align: justify;\">\u2022 Instalar un buen dispositivo de alarma, as\u00ed como c\u00e1maras de video vigilancia.<\/p>\n<p style=\"text-align: justify;\">\u2022 Contar con elementos de seguridad pasiva como puertas de seguridad, cajas fuertes y rejas en las ventanas.<\/p>\n<p style=\"text-align: justify;\">\u2022 No poner nunca en peligro la integridad f\u00edsica en caso de ser v\u00edctima de un hecho delictivo.<\/p>\n<p style=\"text-align: justify;\">\u2022 Si el robo se ha cometido con el establecimiento cerrado, no acceda a \u00e9l, avise a las Fuerzas y Cuerpos de Seguridad y espere su llegada.<\/p>\n<p style=\"text-align: justify;\">\u2022 Denunciar todos los hechos delictivos de los que sean objeto.<\/p>\n<p style=\"text-align: justify;\">\u2022 Informar a la Guardia Civil, a trav\u00e9s del tel\u00e9fono 062, de la presencia de personas extra\u00f1as o veh\u00edculos sospechosos en las inmediaciones del establecimiento.<\/p>\n<p style=\"text-align: justify;\">Diligencias \/ detenido<\/p>\n<p style=\"text-align: justify;\">Por el hecho delictivo esclarecido, la Guardia Civil instruy\u00f3 las correspondientes diligencias que, junto con la persona detenida, fueron entregadas en el Juzgado de Instrucci\u00f3n N\u00ba DOS de los de Hell\u00edn, en funciones de guardia.<\/p>\n<p><!--publicidad-voz03--><a href=\"https:\/\/www.facebook.com\/profile.php?id=100063593791305&amp;locale=es_ES\"><img decoding=\"async\" class=\"alignnone size-medium\" src=\"https:\/\/blogger.googleusercontent.com\/img\/b\/R29vZ2xl\/AVvXsEi8_n_ll8UOcGxCqzFvb_9Io4ICczlGC990BPtPj2w9Px-u7B3oqWUW5vtjZUqPNJ-nyjiUIorE0ATsib_l5tV8BVN-UJ03RTnU__IHJF_4DgDBtY4LIqXNG-FomrO-7ywes20CBCRM2Hcm7EJSh3UUw1dO-c_uTflUrtgY1i7uBRezj_DpympmEFkfbQY\/s1600\/logo-principal2.jpg\" width=\"100%\" height=\"100\" \/><\/a><!--bestpublic-voz03--><!--desk-in-out-voz03--><br \/>\n<!--publicidad-voz04--><a href=\"https:\/\/www.facebook.com\/profile.php?id=61557370768692&amp;locale=es_ES\"><img decoding=\"async\" class=\"alignnone size-medium\" src=\"https:\/\/blogger.googleusercontent.com\/img\/b\/R29vZ2xl\/AVvXsEgy5RdcfffrnrItnYTcV9bCJjgJwldsQLWssfVfrLbyfXeBNTFKgBf0rMIvhrUaGUhiXzVr9_eQgCbi-j63ZDpfTvLIty9w7s140y-m1yHe7eKmEK7v2NAHUJDVYGdfeiQFeRCqUjdwWmN1MX_AUxxz4IVdJ4WIM0APxit8bjWkXzrnEFGqBvW_1F13H1g\/s1600\/logo-principal5.jpg\" width=\"100%\" height=\"100\" \/><\/a><!--bestpublic-voz04--><!--desk-in-out-voz04--><br \/>\n<!--publicidad-voz05--><a href=\"https:\/\/www.facebook.com\/asociaciontamborileroshellin?locale=es_ES\"><img decoding=\"async\" class=\"alignnone size-medium\" src=\"https:\/\/blogger.googleusercontent.com\/img\/b\/R29vZ2xl\/AVvXsEhHEEpZsKK1VpwiYMrS7aE2ujtqIDZoLd4B5wtbiseSU9s2HdTdQfhF84So2XwEB1fv0BLw95GADm6hUl1bkKtzh-eIgVigXONuu_5RxeIMPhjk8q6uNX4EaEHbooKkbu7pCADWPpVJjhKIH5NQSJpWqedC-YBez4QAQeJYokkLot9bhrIaUAeztsGis6M\/s1600\/logo-principal3.jpg\" width=\"100%\" height=\"100\" \/><\/a><!--bestpublic-voz05--><!--desk-in-out-voz05--><br \/>\n<!--publicidad-voz06--><!--bestpublic-voz06--><!--desk-in-out-voz06--><br \/>\n<!--publicidad-voz07--><!--bestpublic-voz07--><!--desk-in-out-voz07--><br \/>\n<!--publicidad-voz08--><!--bestpublic-voz08--><!--desk-in-out-voz08--><br \/>\n<!--publicidad-voz09--><!--bestpublic-voz09--><!--desk-in-out-voz09--><br \/>\n<!--publicidad-voz10--><!--bestpublic-voz10--><!--desk-in-out-voz10--><br \/>\n<!--publicidad-voz11--><!--bestpublic-voz11--><!--desk-in-out-voz11--><br \/>\n<!--publicidad-voz12--><!--bestpublic-voz12--><!--desk-in-out-voz12--><br \/>\n<!--publicidad-voz13--><!--bestpublic-voz13--><!--desk-in-out-voz13--><br \/>\n<!--publicidad-voz14--><!--bestpublic-voz14--><!--desk-in-out-voz14--><br \/>\n<!--publicidad-voz15--><!--bestpublic-voz15--><!--desk-in-out-voz15--><br \/>\n<!--publicidad-voz16--><!--bestpublic-voz16--><!--desk-in-out-voz16--><\/p>\n","protected":false},"excerpt":{"rendered":"<p>El detenido fue sorprendido en el interior del comercio sustrayendo bebidas alcoh\u00f3licas.<\/p>\n","protected":false},"author":2,"featured_media":148988,"comment_status":"closed","ping_status":"closed","sticky":false,"template":"","format":"standard","meta":{"footnotes":""},"categories":[753,718,715,716,717],"tags":[],"class_list":["post-148987","post","type-post","status-publish","format-standard","has-post-thumbnail","hentry","category-blog-lv034","category-blogger","category-la-voz-de-hellin","category-la-voz-de-hellin-la-voz-de-hellin","category-noticias"],"_links":{"self":[{"href":"https:\/\/lavozdehellin.com\/noticias\/wp-json\/wp\/v2\/posts\/148987","targetHints":{"allow":["GET"]}}],"collection":[{"href":"https:\/\/lavozdehellin.com\/noticias\/wp-json\/wp\/v2\/posts"}],"about":[{"href":"https:\/\/lavozdehellin.com\/noticias\/wp-json\/wp\/v2\/types\/post"}],"author":[{"embeddable":true,"href":"https:\/\/lavozdehellin.com\/noticias\/wp-json\/wp\/v2\/users\/2"}],"replies":[{"embeddable":true,"href":"https:\/\/lavozdehellin.com\/noticias\/wp-json\/wp\/v2\/comments?post=148987"}],"version-history":[{"count":0,"href":"https:\/\/lavozdehellin.com\/noticias\/wp-json\/wp\/v2\/posts\/148987\/revisions"}],"wp:featuredmedia":[{"embeddable":true,"href":"https:\/\/lavozdehellin.com\/noticias\/wp-json\/wp\/v2\/media\/148988"}],"wp:attachment":[{"href":"https:\/\/lavozdehellin.com\/noticias\/wp-json\/wp\/v2\/media?parent=148987"}],"wp:term":[{"taxonomy":"category","embeddable":true,"href":"https:\/\/lavozdehellin.com\/noticias\/wp-json\/wp\/v2\/categories?post=148987"},{"taxonomy":"post_tag","embeddable":true,"href":"https:\/\/lavozdehellin.com\/noticias\/wp-json\/wp\/v2\/tags?post=148987"}],"curies":[{"name":"wp","href":"https:\/\/api.w.org\/{rel}","templated":true}]}}