{"id":148990,"date":"2024-02-14T09:44:30","date_gmt":"2024-02-14T08:44:30","guid":{"rendered":"https:\/\/lavozdehellin.com\/noticias\/?p=148990"},"modified":"2024-03-11T09:50:21","modified_gmt":"2024-03-11T08:50:21","slug":"v08-341-el-crdop-jumilla-e-icex-organizan-conjuntamente-dos-misiones-inversas","status":"publish","type":"post","link":"https:\/\/lavozdehellin.com\/noticias\/v08-341-el-crdop-jumilla-e-icex-organizan-conjuntamente-dos-misiones-inversas\/","title":{"rendered":"LVH NOTICIAS | EL CRDOP JUMILLA E ICEX ORGANIZAN CONJUNTAMENTE DOS MISIONES INVERSAS"},"content":{"rendered":"<p style=\"text-align: justify;\">La Denominaci\u00f3n de Origen Protegida Jumilla ha recibido a dos distinguidos grupos de prescriptores internacionales procedentes de diversos pa\u00edses del mundo venidos a explorar y descubrir los encantos de esta hist\u00f3rica regi\u00f3n vitivin\u00edcola.<\/p>\n<p><!--more--><br \/>\n<!--publicidad-voz01--><a href=\"https:\/\/www.facebook.com\/SoloRadioHellin\/?locale=es_ES\"><img decoding=\"async\" class=\"alignnone size-medium\" src=\"https:\/\/blogger.googleusercontent.com\/img\/b\/R29vZ2xl\/AVvXsEiNncirNnyGedv00mhjZjh5Wl4_YPdJGanoAl8tL8zH-HwqE8uHqjEfSt340RHdx-9tuCSIkZ8rFamZiGyYlgDGxCsmXjCH_1xk5eYM3ntFZRvJP_jndOKR7w1UAo9Tu0vrZyOLfqRpHIxYI5SymJJ-pfGCQw6QVpggBH-UgfjiFQ2JOxqxG0Jx94kW83c\/s1600\/logo-principal.jpg\" width=\"100%\" height=\"100\" \/><\/a><!--bestpublic-voz01--><!--desk-in-out-voz01--><br \/>\n<!--publicidad-voz02--><a href=\"https:\/\/www.hellincf.com\/\"><img decoding=\"async\" class=\"alignnone size-medium\" src=\"https:\/\/blogger.googleusercontent.com\/img\/b\/R29vZ2xl\/AVvXsEhuZ4-XfBVj3UtdP8-RZugy3WVrg-Zv28c53m4oV47qYCxL1rX_dqWX_YddsGSnpH5SRDqZ7bZeKPIfDVCDncpjVlhy3aQs2vojcJBn7Gdv9hC2_Nzct_pRFrnFE1a7KTCdY1bT_kAgnY3-iadRZrGeJf1fR2P5fu11bokx0pWjaypoy-ctwCjklldpEbA\/s1600\/logo-principal7.jpg\" width=\"100%\" height=\"100\" \/><\/a><!--bestpublic-voz02--><!--desk-in-out-voz02--><\/p>\n<p style=\"text-align: justify;\">Esta acci\u00f3n se ha organizado en colaboraci\u00f3n con ICEX Espa\u00f1a Exportaci\u00f3n e Inversiones, con el objeto de reforzar el conocimiento de la regi\u00f3n vitivin\u00edcola situada entre Castilla-La Mancha y Regi\u00f3n de Murcia, y apoyar la internacionalizaci\u00f3n de sus bodegas.<\/p>\n<p style=\"text-align: justify;\">Los prescriptores internacionales, prescriptores para diveros medios espec\u00edficos de gastronom\u00eda y viajes, como Gastronomie Hotellerie Zeitung (Suiza), Chef Publishing (Reino Unido), Irish Examiner (Irlanda), Verslo Zinios (Lituania), Bar &amp; Dining (Corea del Sur), Monocle Magazine (Suiza), Winart Magazine (Jap\u00f3n), Ferment wine (Polonia), Travellution Magazine (Singapur), y Anne Wies.nl (Pa\u00edses bajos), se encontraban en Espa\u00f1a participando en el programa de compradores internacionales de Madrid Fusi\u00f3n organizado por ICEX, que se llev\u00f3 a cabo del 29 al 31 de enero en IFEMA (Madrid).<\/p>\n<p style=\"text-align: justify;\">Mientras que los periodistas especializados en vino, prescriptores para portales especializados como Winicjatywa (Polonia), Horeca Magazine (B\u00e9lgica), A Wine Idea (Dublin), Vinum (Alemania), o la academia Wijnakamie (Pa\u00edses Bajos) se encontraban en Barcelona, participando en el programa de compradores internacionales de la Feria Barcelona Wine Week, tambi\u00e9n organizado por ICEX, entre el 3 y el 5 de febrero.<\/p>\n<p style=\"text-align: justify;\">Estas actividades desarrolladas en el marco del convenio de colaboraci\u00f3n firmado entre ambas instituciones, tienen el fin de reforzar la imagen de la DOP Jumilla, de manera que el CRDOP Jumilla, organiza conjuntamente con ICEX una extensi\u00f3n de su visita para que puedan conocer los paisajes y el terru\u00f1o que hacen singulares a los vinos DOP Jumilla, visitando este entorno hist\u00f3rico y natural, id\u00f3neo para la elaboraci\u00f3n de vinos ecol\u00f3gicos y de calidad.<\/p>\n<p style=\"text-align: justify;\">Un viaje de conocimiento e inmersi\u00f3n a la zona, que se sald\u00f3 con m\u00e1s de 15 bodegas visitadas y m\u00e1s de 150 vinos catados, adem\u00e1s de otros alimentos como el Queso DO Murcia y Queso DO Murcia al Vino, el arroz DOP Arroz de Calasparra, el cabrito Murciano-granadino, el Cordero Manchego, los pescados ahumados y en fin, disfrutar de la rica gastronom\u00eda y descubrir la calidad de nuestros aceites de oliva y almendras.<\/p>\n<p style=\"text-align: justify;\">Sobre la Denominaci\u00f3n de Origen Protegida Jumilla<\/p>\n<p style=\"text-align: justify;\">La Denominaci\u00f3n de Origen Protegida Jumilla posee una tradici\u00f3n vitivin\u00edcola que se remonta a los restos de vitis vini\u0301fera \u2013 junto a utensilios y restos arqueol\u00f3gicos \u2013 hallados en Jumilla originarios del a\u00f1o 3.000 a.C., siendo los m\u00e1s antiguos de Europa.<br \/>\nLa zona de producci\u00f3n, en altitudes que var\u00edan entre los 320 y 980 metros y surcada por sierras de hasta 1.380 metros, la delimitan, por un lado, el extremo sureste de la provincia de Albacete, que incluye los municipios de Hell\u00edn, Montealegre del Castillo, Fuente A\u0301lamo, Ontur, Albatana y Tobarra; por el otro, el norte de la provincia de Murcia, con el municipio de Jumilla. Un total de 22.000 hect\u00e1reas de vi\u00f1edo, en su mayor\u00eda de secano, y en vaso, ubicado sobre suelos predominantemente calizos. Las escasas precipitaciones que apenas alcanzan los 300 mm al a\u00f1o y las m\u00e1s de 3.000 horas de sol permiten unas condiciones id\u00f3neas para el cultivo ecol\u00f3gico, mayoritario en esta Denominaci\u00f3n.<\/p>\n<p><!--publicidad-voz03--><a href=\"https:\/\/www.facebook.com\/profile.php?id=100063593791305&amp;locale=es_ES\"><img decoding=\"async\" class=\"alignnone size-medium\" src=\"https:\/\/blogger.googleusercontent.com\/img\/b\/R29vZ2xl\/AVvXsEi8_n_ll8UOcGxCqzFvb_9Io4ICczlGC990BPtPj2w9Px-u7B3oqWUW5vtjZUqPNJ-nyjiUIorE0ATsib_l5tV8BVN-UJ03RTnU__IHJF_4DgDBtY4LIqXNG-FomrO-7ywes20CBCRM2Hcm7EJSh3UUw1dO-c_uTflUrtgY1i7uBRezj_DpympmEFkfbQY\/s1600\/logo-principal2.jpg\" width=\"100%\" height=\"100\" \/><\/a><!--bestpublic-voz03--><!--desk-in-out-voz03--><br \/>\n<!--publicidad-voz04--><a href=\"https:\/\/www.facebook.com\/profile.php?id=61557370768692&amp;locale=es_ES\"><img decoding=\"async\" class=\"alignnone size-medium\" src=\"https:\/\/blogger.googleusercontent.com\/img\/b\/R29vZ2xl\/AVvXsEgy5RdcfffrnrItnYTcV9bCJjgJwldsQLWssfVfrLbyfXeBNTFKgBf0rMIvhrUaGUhiXzVr9_eQgCbi-j63ZDpfTvLIty9w7s140y-m1yHe7eKmEK7v2NAHUJDVYGdfeiQFeRCqUjdwWmN1MX_AUxxz4IVdJ4WIM0APxit8bjWkXzrnEFGqBvW_1F13H1g\/s1600\/logo-principal5.jpg\" width=\"100%\" height=\"100\" \/><\/a><!--bestpublic-voz04--><!--desk-in-out-voz04--><br \/>\n<!--publicidad-voz05--><a href=\"https:\/\/www.facebook.com\/asociaciontamborileroshellin?locale=es_ES\"><img decoding=\"async\" class=\"alignnone size-medium\" src=\"https:\/\/blogger.googleusercontent.com\/img\/b\/R29vZ2xl\/AVvXsEhHEEpZsKK1VpwiYMrS7aE2ujtqIDZoLd4B5wtbiseSU9s2HdTdQfhF84So2XwEB1fv0BLw95GADm6hUl1bkKtzh-eIgVigXONuu_5RxeIMPhjk8q6uNX4EaEHbooKkbu7pCADWPpVJjhKIH5NQSJpWqedC-YBez4QAQeJYokkLot9bhrIaUAeztsGis6M\/s1600\/logo-principal3.jpg\" width=\"100%\" height=\"100\" \/><\/a><!--bestpublic-voz05--><!--desk-in-out-voz05--><br \/>\n<!--publicidad-voz06--><!--bestpublic-voz06--><!--desk-in-out-voz06--><br \/>\n<!--publicidad-voz07--><!--bestpublic-voz07--><!--desk-in-out-voz07--><br \/>\n<!--publicidad-voz08--><!--bestpublic-voz08--><!--desk-in-out-voz08--><br \/>\n<!--publicidad-voz09--><!--bestpublic-voz09--><!--desk-in-out-voz09--><br \/>\n<!--publicidad-voz10--><!--bestpublic-voz10--><!--desk-in-out-voz10--><br \/>\n<!--publicidad-voz11--><!--bestpublic-voz11--><!--desk-in-out-voz11--><br \/>\n<!--publicidad-voz12--><!--bestpublic-voz12--><!--desk-in-out-voz12--><br \/>\n<!--publicidad-voz13--><!--bestpublic-voz13--><!--desk-in-out-voz13--><br \/>\n<!--publicidad-voz14--><!--bestpublic-voz14--><!--desk-in-out-voz14--><br \/>\n<!--publicidad-voz15--><!--bestpublic-voz15--><!--desk-in-out-voz15--><br \/>\n<!--publicidad-voz16--><!--bestpublic-voz16--><!--desk-in-out-voz16--><\/p>\n","protected":false},"excerpt":{"rendered":"<p>La Denominaci\u00f3n de Origen Protegida Jumilla ha recibido a dos distinguidos grupos de prescriptores internacionales procedentes de diversos pa\u00edses del mundo venidos a explorar y descubrir los encantos de esta&#8230;<\/p>\n","protected":false},"author":2,"featured_media":148991,"comment_status":"closed","ping_status":"closed","sticky":false,"template":"","format":"standard","meta":{"footnotes":""},"categories":[753,718,715,716,717],"tags":[],"class_list":["post-148990","post","type-post","status-publish","format-standard","has-post-thumbnail","hentry","category-blog-lv034","category-blogger","category-la-voz-de-hellin","category-la-voz-de-hellin-la-voz-de-hellin","category-noticias"],"_links":{"self":[{"href":"https:\/\/lavozdehellin.com\/noticias\/wp-json\/wp\/v2\/posts\/148990","targetHints":{"allow":["GET"]}}],"collection":[{"href":"https:\/\/lavozdehellin.com\/noticias\/wp-json\/wp\/v2\/posts"}],"about":[{"href":"https:\/\/lavozdehellin.com\/noticias\/wp-json\/wp\/v2\/types\/post"}],"author":[{"embeddable":true,"href":"https:\/\/lavozdehellin.com\/noticias\/wp-json\/wp\/v2\/users\/2"}],"replies":[{"embeddable":true,"href":"https:\/\/lavozdehellin.com\/noticias\/wp-json\/wp\/v2\/comments?post=148990"}],"version-history":[{"count":0,"href":"https:\/\/lavozdehellin.com\/noticias\/wp-json\/wp\/v2\/posts\/148990\/revisions"}],"wp:featuredmedia":[{"embeddable":true,"href":"https:\/\/lavozdehellin.com\/noticias\/wp-json\/wp\/v2\/media\/148991"}],"wp:attachment":[{"href":"https:\/\/lavozdehellin.com\/noticias\/wp-json\/wp\/v2\/media?parent=148990"}],"wp:term":[{"taxonomy":"category","embeddable":true,"href":"https:\/\/lavozdehellin.com\/noticias\/wp-json\/wp\/v2\/categories?post=148990"},{"taxonomy":"post_tag","embeddable":true,"href":"https:\/\/lavozdehellin.com\/noticias\/wp-json\/wp\/v2\/tags?post=148990"}],"curies":[{"name":"wp","href":"https:\/\/api.w.org\/{rel}","templated":true}]}}