{"id":148993,"date":"2024-02-14T11:05:20","date_gmt":"2024-02-14T10:05:20","guid":{"rendered":"https:\/\/lavozdehellin.com\/noticias\/?p=148993"},"modified":"2024-03-11T09:50:21","modified_gmt":"2024-03-11T08:50:21","slug":"v08-342-la-asociacion-por-un-hellin-verde-se-reune-con-el-alcalde-de-la-ciudad","status":"publish","type":"post","link":"https:\/\/lavozdehellin.com\/noticias\/v08-342-la-asociacion-por-un-hellin-verde-se-reune-con-el-alcalde-de-la-ciudad\/","title":{"rendered":"LVH NOTICIAS | LA ASOCIACI\u00d3N \u201cPOR UN HELL\u00cdN VERDE\u201d SE RE\u00daNE CON EL ALCALDE DE LA CIUDAD"},"content":{"rendered":"<p style=\"text-align: justify;\">NOTA INFORMATIVA<\/p>\n<p><!--more--><br \/>\n<!--publicidad-voz01--><a href=\"https:\/\/www.facebook.com\/SoloRadioHellin\/?locale=es_ES\"><img decoding=\"async\" class=\"alignnone size-medium\" src=\"https:\/\/blogger.googleusercontent.com\/img\/b\/R29vZ2xl\/AVvXsEiNncirNnyGedv00mhjZjh5Wl4_YPdJGanoAl8tL8zH-HwqE8uHqjEfSt340RHdx-9tuCSIkZ8rFamZiGyYlgDGxCsmXjCH_1xk5eYM3ntFZRvJP_jndOKR7w1UAo9Tu0vrZyOLfqRpHIxYI5SymJJ-pfGCQw6QVpggBH-UgfjiFQ2JOxqxG0Jx94kW83c\/s1600\/logo-principal.jpg\" width=\"100%\" height=\"100\" \/><\/a><!--bestpublic-voz01--><!--desk-in-out-voz01--><br \/>\n<!--publicidad-voz02--><a href=\"https:\/\/www.hellincf.com\/\"><img decoding=\"async\" class=\"alignnone size-medium\" src=\"https:\/\/blogger.googleusercontent.com\/img\/b\/R29vZ2xl\/AVvXsEhuZ4-XfBVj3UtdP8-RZugy3WVrg-Zv28c53m4oV47qYCxL1rX_dqWX_YddsGSnpH5SRDqZ7bZeKPIfDVCDncpjVlhy3aQs2vojcJBn7Gdv9hC2_Nzct_pRFrnFE1a7KTCdY1bT_kAgnY3-iadRZrGeJf1fR2P5fu11bokx0pWjaypoy-ctwCjklldpEbA\/s1600\/logo-principal7.jpg\" width=\"100%\" height=\"100\" \/><\/a><!--bestpublic-voz02--><!--desk-in-out-voz02--><\/p>\n<p style=\"text-align: justify;\">La Asociaci\u00f3n \u201cPor un Hell\u00edn verde\u201d se re\u00fane con el Alcalde de la ciudad y la concejal de medio ambiente para activar un convenio de colaboraci\u00f3n entre la misma y el Ayuntamiento de Hell\u00edn.<\/p>\n<p style=\"text-align: justify;\">Recientemente se ha celebrado una reuni\u00f3n entre miembros de esta asociaci\u00f3n con el Alcalde de la ciudad Manuel Serena y la concejal de medio ambiente Miriam Garc\u00eda.<\/p>\n<p style=\"text-align: justify;\">Diferentes fueron los asuntos abordados, destacando la pr\u00f3xima firma de un convenio de colaboraci\u00f3n entre este colectivo ciudadano y el Ayuntamiento tendente a la realizaci\u00f3n de acciones comunes que favorezcan la promoci\u00f3n y defensa del medio ambiente en nuestro municipio.<\/p>\n<p style=\"text-align: justify;\">Dentro de esta l\u00ednea de actuaci\u00f3n, queremos resaltar la futura elaboraci\u00f3n de un censo\/inventario de arbolado urbano y zonas verdes, mediante el cual \u2013y apoy\u00e1ndose en las nuevas tecnolog\u00edas- poder conocer todos y cada uno de los ejemplares de \u00e1rboles existentes en nuestras calles y jardines, su especie, estado de conservaci\u00f3n; as\u00ed como todos aquellos alcorques vac\u00edos que lamentablemente, existen en nuestras calles.<\/p>\n<p style=\"text-align: justify;\">De forma paralela a este inventario, Ayuntamiento y Asociaci\u00f3n trabajar\u00e1n en la elaboraci\u00f3n de un \u201cPlan de conservaci\u00f3n del arbolado urbano y zonas verdes\u201d, que sirva para evitar acciones irrespetuosas contra nuestro arbolado y espacios ajardinados como los vividos hace ahora un a\u00f1o con el jard\u00edn de \u201cLa Glorieta\u201d o el \u201cpino de La Gracia\u201d, siendo figura imprescindible para este colectivo la existencia de un reglamento municipal de protecci\u00f3n del arbolado urbano, del que actualmente carecemos en Hell\u00edn.<\/p>\n<p style=\"text-align: justify;\">Todo ello, sin olvidar otras actividades planteadas en el encuentro para llevar a cabo y colaborar en el desarrollo de actuaciones de car\u00e1cter formativo o divulgativo que en un futuro lleven a cabo tanto Ayuntamiento como la asociaci\u00f3n \u201cPor un Hell\u00edn Verde\u201d.<\/p>\n<p style=\"text-align: justify;\">La buena sinton\u00eda en la que se mantuvo este encuentro de trabajo con alcalde y concejal de medio ambiente y el compromiso manifestado por ambas partes, debe dar sus frutos en una mejora sustancial del estado de nuestros \u00e1rboles y espacios verdes.<\/p>\n<p style=\"text-align: justify;\">Desde este colectivo quedamos a la espera de una pronta aprobaci\u00f3n plenaria del convenio de colaboraci\u00f3n para dar inicio a esta colaboraci\u00f3n ciudadana altruista en defensa y fomento del medio ambiente hellinero.<\/p>\n<p><!--publicidad-voz03--><a href=\"https:\/\/www.facebook.com\/profile.php?id=100063593791305&amp;locale=es_ES\"><img decoding=\"async\" class=\"alignnone size-medium\" src=\"https:\/\/blogger.googleusercontent.com\/img\/b\/R29vZ2xl\/AVvXsEi8_n_ll8UOcGxCqzFvb_9Io4ICczlGC990BPtPj2w9Px-u7B3oqWUW5vtjZUqPNJ-nyjiUIorE0ATsib_l5tV8BVN-UJ03RTnU__IHJF_4DgDBtY4LIqXNG-FomrO-7ywes20CBCRM2Hcm7EJSh3UUw1dO-c_uTflUrtgY1i7uBRezj_DpympmEFkfbQY\/s1600\/logo-principal2.jpg\" width=\"100%\" height=\"100\" \/><\/a><!--bestpublic-voz03--><!--desk-in-out-voz03--><br \/>\n<!--publicidad-voz04--><a href=\"https:\/\/www.facebook.com\/profile.php?id=61557370768692&amp;locale=es_ES\"><img decoding=\"async\" class=\"alignnone size-medium\" src=\"https:\/\/blogger.googleusercontent.com\/img\/b\/R29vZ2xl\/AVvXsEgy5RdcfffrnrItnYTcV9bCJjgJwldsQLWssfVfrLbyfXeBNTFKgBf0rMIvhrUaGUhiXzVr9_eQgCbi-j63ZDpfTvLIty9w7s140y-m1yHe7eKmEK7v2NAHUJDVYGdfeiQFeRCqUjdwWmN1MX_AUxxz4IVdJ4WIM0APxit8bjWkXzrnEFGqBvW_1F13H1g\/s1600\/logo-principal5.jpg\" width=\"100%\" height=\"100\" \/><\/a><!--bestpublic-voz04--><!--desk-in-out-voz04--><br \/>\n<!--publicidad-voz05--><a href=\"https:\/\/www.facebook.com\/asociaciontamborileroshellin?locale=es_ES\"><img decoding=\"async\" class=\"alignnone size-medium\" src=\"https:\/\/blogger.googleusercontent.com\/img\/b\/R29vZ2xl\/AVvXsEhHEEpZsKK1VpwiYMrS7aE2ujtqIDZoLd4B5wtbiseSU9s2HdTdQfhF84So2XwEB1fv0BLw95GADm6hUl1bkKtzh-eIgVigXONuu_5RxeIMPhjk8q6uNX4EaEHbooKkbu7pCADWPpVJjhKIH5NQSJpWqedC-YBez4QAQeJYokkLot9bhrIaUAeztsGis6M\/s1600\/logo-principal3.jpg\" width=\"100%\" height=\"100\" \/><\/a><!--bestpublic-voz05--><!--desk-in-out-voz05--><br \/>\n<!--publicidad-voz06--><!--bestpublic-voz06--><!--desk-in-out-voz06--><br \/>\n<!--publicidad-voz07--><!--bestpublic-voz07--><!--desk-in-out-voz07--><br \/>\n<!--publicidad-voz08--><!--bestpublic-voz08--><!--desk-in-out-voz08--><br \/>\n<!--publicidad-voz09--><!--bestpublic-voz09--><!--desk-in-out-voz09--><br \/>\n<!--publicidad-voz10--><!--bestpublic-voz10--><!--desk-in-out-voz10--><br \/>\n<!--publicidad-voz11--><!--bestpublic-voz11--><!--desk-in-out-voz11--><br \/>\n<!--publicidad-voz12--><!--bestpublic-voz12--><!--desk-in-out-voz12--><br \/>\n<!--publicidad-voz13--><!--bestpublic-voz13--><!--desk-in-out-voz13--><br \/>\n<!--publicidad-voz14--><!--bestpublic-voz14--><!--desk-in-out-voz14--><br \/>\n<!--publicidad-voz15--><!--bestpublic-voz15--><!--desk-in-out-voz15--><br \/>\n<!--publicidad-voz16--><!--bestpublic-voz16--><!--desk-in-out-voz16--><\/p>\n","protected":false},"excerpt":{"rendered":"<p>NOTA INFORMATIVA<\/p>\n","protected":false},"author":2,"featured_media":148994,"comment_status":"closed","ping_status":"closed","sticky":false,"template":"","format":"standard","meta":{"footnotes":""},"categories":[753,718,715,716,717],"tags":[],"class_list":["post-148993","post","type-post","status-publish","format-standard","has-post-thumbnail","hentry","category-blog-lv034","category-blogger","category-la-voz-de-hellin","category-la-voz-de-hellin-la-voz-de-hellin","category-noticias"],"_links":{"self":[{"href":"https:\/\/lavozdehellin.com\/noticias\/wp-json\/wp\/v2\/posts\/148993","targetHints":{"allow":["GET"]}}],"collection":[{"href":"https:\/\/lavozdehellin.com\/noticias\/wp-json\/wp\/v2\/posts"}],"about":[{"href":"https:\/\/lavozdehellin.com\/noticias\/wp-json\/wp\/v2\/types\/post"}],"author":[{"embeddable":true,"href":"https:\/\/lavozdehellin.com\/noticias\/wp-json\/wp\/v2\/users\/2"}],"replies":[{"embeddable":true,"href":"https:\/\/lavozdehellin.com\/noticias\/wp-json\/wp\/v2\/comments?post=148993"}],"version-history":[{"count":0,"href":"https:\/\/lavozdehellin.com\/noticias\/wp-json\/wp\/v2\/posts\/148993\/revisions"}],"wp:featuredmedia":[{"embeddable":true,"href":"https:\/\/lavozdehellin.com\/noticias\/wp-json\/wp\/v2\/media\/148994"}],"wp:attachment":[{"href":"https:\/\/lavozdehellin.com\/noticias\/wp-json\/wp\/v2\/media?parent=148993"}],"wp:term":[{"taxonomy":"category","embeddable":true,"href":"https:\/\/lavozdehellin.com\/noticias\/wp-json\/wp\/v2\/categories?post=148993"},{"taxonomy":"post_tag","embeddable":true,"href":"https:\/\/lavozdehellin.com\/noticias\/wp-json\/wp\/v2\/tags?post=148993"}],"curies":[{"name":"wp","href":"https:\/\/api.w.org\/{rel}","templated":true}]}}