{"id":149011,"date":"2024-02-17T07:42:38","date_gmt":"2024-02-17T06:42:38","guid":{"rendered":"https:\/\/lavozdehellin.com\/noticias\/?p=149011"},"modified":"2024-03-11T09:49:58","modified_gmt":"2024-03-11T08:49:58","slug":"v08-348-iv-duatlon-hellinya-esta-aqui-el-iv-duatlon-ciudad-de-hellin-2024","status":"publish","type":"post","link":"https:\/\/lavozdehellin.com\/noticias\/v08-348-iv-duatlon-hellinya-esta-aqui-el-iv-duatlon-ciudad-de-hellin-2024\/","title":{"rendered":"LVH NOTICIAS | IV DUATL\u00d3N HELL\u00cdN\u00a1YA EST\u00c1 AQU\u00cd EL IV DUATL\u00d3N CIUDAD DE HELL\u00cdN 2024"},"content":{"rendered":"<p style=\"text-align: justify;\">Comunicado de prensa: IV Duatl\u00f3n Hell\u00edn\u00a1Ya est\u00e1 aqu\u00ed el IV Duatl\u00f3n Ciudad de Hell\u00edn 2024!<\/p>\n<p><!--more--><br \/>\n<!--publicidad-voz01--><a href=\"https:\/\/www.facebook.com\/SoloRadioHellin\/?locale=es_ES\"><img decoding=\"async\" class=\"alignnone size-medium\" src=\"https:\/\/blogger.googleusercontent.com\/img\/b\/R29vZ2xl\/AVvXsEiNncirNnyGedv00mhjZjh5Wl4_YPdJGanoAl8tL8zH-HwqE8uHqjEfSt340RHdx-9tuCSIkZ8rFamZiGyYlgDGxCsmXjCH_1xk5eYM3ntFZRvJP_jndOKR7w1UAo9Tu0vrZyOLfqRpHIxYI5SymJJ-pfGCQw6QVpggBH-UgfjiFQ2JOxqxG0Jx94kW83c\/s1600\/logo-principal.jpg\" width=\"100%\" height=\"100\" \/><\/a><!--bestpublic-voz01--><!--desk-in-out-voz01--><br \/>\n<!--publicidad-voz02--><a href=\"https:\/\/www.hellincf.com\/\"><img decoding=\"async\" class=\"alignnone size-medium\" src=\"https:\/\/blogger.googleusercontent.com\/img\/b\/R29vZ2xl\/AVvXsEhuZ4-XfBVj3UtdP8-RZugy3WVrg-Zv28c53m4oV47qYCxL1rX_dqWX_YddsGSnpH5SRDqZ7bZeKPIfDVCDncpjVlhy3aQs2vojcJBn7Gdv9hC2_Nzct_pRFrnFE1a7KTCdY1bT_kAgnY3-iadRZrGeJf1fR2P5fu11bokx0pWjaypoy-ctwCjklldpEbA\/s1600\/logo-principal7.jpg\" width=\"100%\" height=\"100\" \/><\/a><!--bestpublic-voz02--><!--desk-in-out-voz02--><\/p>\n<p style=\"text-align: justify;\">\u00a1Triatletas y amantes del deporte! En Club Triatlon Hell\u00edn estamos emocionados de anunciar que las inscripciones para el IV Duatl\u00f3n Ciudad de Hell\u00edn 2024 ya est\u00e1n ABIERTAS. Preparaos para una experiencia \u00fanica que desafiar\u00e1 vuestra resistencia.<\/p>\n<p style=\"text-align: justify;\">Fecha: S\u00e1bado 16 de marzo de 2024<\/p>\n<p style=\"text-align: justify;\">Hora de salida: 16:00 H.<\/p>\n<p style=\"text-align: justify;\">Lugar: Recinto Ferial, Hell\u00edn<\/p>\n<p style=\"text-align: justify;\">Se trata de la 4\u00aa prueba del II Circuito Du-Tri de Albacete<\/p>\n<p style=\"text-align: justify;\">Modalidad Sprint:<\/p>\n<p style=\"text-align: justify;\">Carrera 1: 5 km por las calles de Hell\u00edn.<\/p>\n<p style=\"text-align: justify;\">Ciclismo: 20 km en nuevos circuitos.<\/p>\n<p style=\"text-align: justify;\">Carrera 2: \u00a1Terminamos con una carrera final de 2,5 km!<\/p>\n<p style=\"text-align: justify;\">\u00a1Pero eso no es todo! A las 11:00 de la ma\u00f1ana, tambi\u00e9n organizaremos una prueba de deporte escolar en el mismo Recinto Ferial \u00a1Una oportunidad perfecta para disfrutar en familia y apoyar a los futuros atletas!<\/p>\n<p style=\"text-align: justify;\">Os iremos contando m\u00e1s novedades.<\/p>\n<p style=\"text-align: justify;\">\u00a1Inscr\u00edbete ahora y comparte con nosotros un gran s\u00e1bado de deporte! https:\/\/www.rockthesport.com\/&#8230;\/iii-duatlon-de-hellin-24<\/p>\n<p style=\"text-align: justify;\">\u00a1Precio reducido durante 15 d\u00edas!<\/p>\n<p style=\"text-align: justify;\">\u00a1Nos vemos en la l\u00ednea de salida!<\/p>\n<p><!--publicidad-voz03--><a href=\"https:\/\/www.facebook.com\/profile.php?id=100063593791305&amp;locale=es_ES\"><img decoding=\"async\" class=\"alignnone size-medium\" src=\"https:\/\/blogger.googleusercontent.com\/img\/b\/R29vZ2xl\/AVvXsEi8_n_ll8UOcGxCqzFvb_9Io4ICczlGC990BPtPj2w9Px-u7B3oqWUW5vtjZUqPNJ-nyjiUIorE0ATsib_l5tV8BVN-UJ03RTnU__IHJF_4DgDBtY4LIqXNG-FomrO-7ywes20CBCRM2Hcm7EJSh3UUw1dO-c_uTflUrtgY1i7uBRezj_DpympmEFkfbQY\/s1600\/logo-principal2.jpg\" width=\"100%\" height=\"100\" \/><\/a><!--bestpublic-voz03--><!--desk-in-out-voz03--><br \/>\n<!--publicidad-voz04--><a href=\"https:\/\/www.facebook.com\/profile.php?id=61557370768692&amp;locale=es_ES\"><img decoding=\"async\" class=\"alignnone size-medium\" src=\"https:\/\/blogger.googleusercontent.com\/img\/b\/R29vZ2xl\/AVvXsEgy5RdcfffrnrItnYTcV9bCJjgJwldsQLWssfVfrLbyfXeBNTFKgBf0rMIvhrUaGUhiXzVr9_eQgCbi-j63ZDpfTvLIty9w7s140y-m1yHe7eKmEK7v2NAHUJDVYGdfeiQFeRCqUjdwWmN1MX_AUxxz4IVdJ4WIM0APxit8bjWkXzrnEFGqBvW_1F13H1g\/s1600\/logo-principal5.jpg\" width=\"100%\" height=\"100\" \/><\/a><!--bestpublic-voz04--><!--desk-in-out-voz04--><br \/>\n<!--publicidad-voz05--><a href=\"https:\/\/www.facebook.com\/asociaciontamborileroshellin?locale=es_ES\"><img decoding=\"async\" class=\"alignnone size-medium\" src=\"https:\/\/blogger.googleusercontent.com\/img\/b\/R29vZ2xl\/AVvXsEhHEEpZsKK1VpwiYMrS7aE2ujtqIDZoLd4B5wtbiseSU9s2HdTdQfhF84So2XwEB1fv0BLw95GADm6hUl1bkKtzh-eIgVigXONuu_5RxeIMPhjk8q6uNX4EaEHbooKkbu7pCADWPpVJjhKIH5NQSJpWqedC-YBez4QAQeJYokkLot9bhrIaUAeztsGis6M\/s1600\/logo-principal3.jpg\" width=\"100%\" height=\"100\" \/><\/a><!--bestpublic-voz05--><!--desk-in-out-voz05--><br \/>\n<!--publicidad-voz06--><!--bestpublic-voz06--><!--desk-in-out-voz06--><br \/>\n<!--publicidad-voz07--><!--bestpublic-voz07--><!--desk-in-out-voz07--><br \/>\n<!--publicidad-voz08--><!--bestpublic-voz08--><!--desk-in-out-voz08--><br \/>\n<!--publicidad-voz09--><!--bestpublic-voz09--><!--desk-in-out-voz09--><br \/>\n<!--publicidad-voz10--><!--bestpublic-voz10--><!--desk-in-out-voz10--><br \/>\n<!--publicidad-voz11--><!--bestpublic-voz11--><!--desk-in-out-voz11--><br \/>\n<!--publicidad-voz12--><!--bestpublic-voz12--><!--desk-in-out-voz12--><br \/>\n<!--publicidad-voz13--><!--bestpublic-voz13--><!--desk-in-out-voz13--><br \/>\n<!--publicidad-voz14--><!--bestpublic-voz14--><!--desk-in-out-voz14--><br \/>\n<!--publicidad-voz15--><!--bestpublic-voz15--><!--desk-in-out-voz15--><br \/>\n<!--publicidad-voz16--><!--bestpublic-voz16--><!--desk-in-out-voz16--><\/p>\n","protected":false},"excerpt":{"rendered":"<p>Comunicado de prensa: IV Duatl\u00f3n Hell\u00edn\u00a1Ya est\u00e1 aqu\u00ed el IV Duatl\u00f3n Ciudad de Hell\u00edn 2024!<\/p>\n","protected":false},"author":2,"featured_media":149012,"comment_status":"closed","ping_status":"closed","sticky":false,"template":"","format":"standard","meta":{"footnotes":""},"categories":[753,718,715,716,717],"tags":[],"class_list":["post-149011","post","type-post","status-publish","format-standard","has-post-thumbnail","hentry","category-blog-lv034","category-blogger","category-la-voz-de-hellin","category-la-voz-de-hellin-la-voz-de-hellin","category-noticias"],"_links":{"self":[{"href":"https:\/\/lavozdehellin.com\/noticias\/wp-json\/wp\/v2\/posts\/149011","targetHints":{"allow":["GET"]}}],"collection":[{"href":"https:\/\/lavozdehellin.com\/noticias\/wp-json\/wp\/v2\/posts"}],"about":[{"href":"https:\/\/lavozdehellin.com\/noticias\/wp-json\/wp\/v2\/types\/post"}],"author":[{"embeddable":true,"href":"https:\/\/lavozdehellin.com\/noticias\/wp-json\/wp\/v2\/users\/2"}],"replies":[{"embeddable":true,"href":"https:\/\/lavozdehellin.com\/noticias\/wp-json\/wp\/v2\/comments?post=149011"}],"version-history":[{"count":0,"href":"https:\/\/lavozdehellin.com\/noticias\/wp-json\/wp\/v2\/posts\/149011\/revisions"}],"wp:featuredmedia":[{"embeddable":true,"href":"https:\/\/lavozdehellin.com\/noticias\/wp-json\/wp\/v2\/media\/149012"}],"wp:attachment":[{"href":"https:\/\/lavozdehellin.com\/noticias\/wp-json\/wp\/v2\/media?parent=149011"}],"wp:term":[{"taxonomy":"category","embeddable":true,"href":"https:\/\/lavozdehellin.com\/noticias\/wp-json\/wp\/v2\/categories?post=149011"},{"taxonomy":"post_tag","embeddable":true,"href":"https:\/\/lavozdehellin.com\/noticias\/wp-json\/wp\/v2\/tags?post=149011"}],"curies":[{"name":"wp","href":"https:\/\/api.w.org\/{rel}","templated":true}]}}