{"id":149017,"date":"2024-02-18T12:40:56","date_gmt":"2024-02-18T11:40:56","guid":{"rendered":"https:\/\/lavozdehellin.com\/noticias\/?p=149017"},"modified":"2024-03-11T09:49:58","modified_gmt":"2024-03-11T08:49:58","slug":"v08-350-la-policia-nacional-detiene-a-una-menor-de-albacete-que-creo-un-perfil-falso-en-una-red-social-para-acosar-y-humillar-a-otra","status":"publish","type":"post","link":"https:\/\/lavozdehellin.com\/noticias\/v08-350-la-policia-nacional-detiene-a-una-menor-de-albacete-que-creo-un-perfil-falso-en-una-red-social-para-acosar-y-humillar-a-otra\/","title":{"rendered":"LVH NOTICIAS | LA POLIC\u00cdA NACIONAL DETIENE A UNA MENOR DE ALBACETE QUE CRE\u00d3 UN PERFIL FALSO EN UNA RED SOCIAL PARA ACOSAR Y HUMILLAR A OTRA"},"content":{"rendered":"<p style=\"text-align: justify;\">Difund\u00eda publicaciones con comentarios muy cr\u00edticos y peyorativos hacia la v\u00edctima, provoc\u00e1ndole un estado de angustia y ansiedad<\/p>\n<p><!--more--><br \/>\n<!--publicidad-voz01--><a href=\"https:\/\/www.facebook.com\/SoloRadioHellin\/?locale=es_ES\"><img decoding=\"async\" class=\"alignnone size-medium\" src=\"https:\/\/blogger.googleusercontent.com\/img\/b\/R29vZ2xl\/AVvXsEiNncirNnyGedv00mhjZjh5Wl4_YPdJGanoAl8tL8zH-HwqE8uHqjEfSt340RHdx-9tuCSIkZ8rFamZiGyYlgDGxCsmXjCH_1xk5eYM3ntFZRvJP_jndOKR7w1UAo9Tu0vrZyOLfqRpHIxYI5SymJJ-pfGCQw6QVpggBH-UgfjiFQ2JOxqxG0Jx94kW83c\/s1600\/logo-principal.jpg\" width=\"100%\" height=\"100\" \/><\/a><!--bestpublic-voz01--><!--desk-in-out-voz01--><br \/>\n<!--publicidad-voz02--><a href=\"https:\/\/www.hellincf.com\/\"><img decoding=\"async\" class=\"alignnone size-medium\" src=\"https:\/\/blogger.googleusercontent.com\/img\/b\/R29vZ2xl\/AVvXsEhuZ4-XfBVj3UtdP8-RZugy3WVrg-Zv28c53m4oV47qYCxL1rX_dqWX_YddsGSnpH5SRDqZ7bZeKPIfDVCDncpjVlhy3aQs2vojcJBn7Gdv9hC2_Nzct_pRFrnFE1a7KTCdY1bT_kAgnY3-iadRZrGeJf1fR2P5fu11bokx0pWjaypoy-ctwCjklldpEbA\/s1600\/logo-principal7.jpg\" width=\"100%\" height=\"100\" \/><\/a><!--bestpublic-voz02--><!--desk-in-out-voz02--><\/p>\n<p style=\"text-align: justify;\">La Polic\u00eda Nacional ha detenido en Albacete a una menor de 17 a\u00f1os de edad que cre\u00f3 un perfil falso en una red social desde el que difund\u00eda publicaciones para acosar y humillar a otra joven con la que no simpatizaba.<\/p>\n<p style=\"text-align: justify;\">La Polic\u00eda Nacional comenz\u00f3 esta investigaci\u00f3n tras tener conocimiento de los hechos por parte de la propia v\u00edctima, quien decidi\u00f3 denunciar lo que estaba sucediendo debido a la situaci\u00f3n de acoso que estaba sufriendo y al estado de angustia y ansiedad que le provocaba.<\/p>\n<p style=\"text-align: justify;\">En su denuncia aport\u00f3 todos los datos y detalles del perfil desde el que se estaban difundiendo las publicaciones maliciosas. En dichos comentarios le achacaban a la v\u00edctima comentarios peyorativos sobre terceras personas de su entorno, hecho que provocaba tensi\u00f3n en sus relaciones con estas personas.<\/p>\n<p style=\"text-align: justify;\">El an\u00e1lisis de los datos aportados por la denunciante permiti\u00f3 a los investigadores comprobar que dispon\u00eda de datos que identificaban perfectamente a la v\u00edctima y la asociaban con el uso del perfil falso, que en realidad estaba administrado por la menor arrestada. Desde dicho perfil se vert\u00edan todo tipo de comentarios, muy cr\u00edticos y peyorativos hacia la v\u00edctima, a cuyo hilo de conversaci\u00f3n se incorporaban otros usuarios que aportaban sus propios comentarios sin ning\u00fan tipo de rigor, alimentando as\u00ed el perfil acosador.<\/p>\n<p style=\"text-align: justify;\">Gracias a la colaboraci\u00f3n de los responsables de la red social, los investigadores pudieron averiguar las direcciones IP desde las que se conectaba dicho perfil malicioso, y relacionarlo con el domicilio de la presunta autora de los hechos, que fue arrestada. En el momento de su detenci\u00f3n, ella misma verbaliz\u00f3 a los investigadores que el motivo de su fechor\u00eda fue que no simpatizaba con ella debido a que mantuvo una discusi\u00f3n con otra menor, que era una de sus mejores amigas.<\/p>\n<p style=\"text-align: justify;\">En la red, el anonimato no es sin\u00f3nimo de impunidad<\/p>\n<p style=\"text-align: justify;\">La Polic\u00eda Nacional recomienda hacer un uso adecuado y respetuoso de las nuevas tecnolog\u00edas y no dejarse llevar por el falso anonimato que las redes sociales parecen ofrecer: el anonimato inmediato en Internet no es sin\u00f3nimo de impunidad.<\/p>\n<p><!--publicidad-voz03--><a href=\"https:\/\/www.facebook.com\/profile.php?id=100063593791305&amp;locale=es_ES\"><img decoding=\"async\" class=\"alignnone size-medium\" src=\"https:\/\/blogger.googleusercontent.com\/img\/b\/R29vZ2xl\/AVvXsEi8_n_ll8UOcGxCqzFvb_9Io4ICczlGC990BPtPj2w9Px-u7B3oqWUW5vtjZUqPNJ-nyjiUIorE0ATsib_l5tV8BVN-UJ03RTnU__IHJF_4DgDBtY4LIqXNG-FomrO-7ywes20CBCRM2Hcm7EJSh3UUw1dO-c_uTflUrtgY1i7uBRezj_DpympmEFkfbQY\/s1600\/logo-principal2.jpg\" width=\"100%\" height=\"100\" \/><\/a><!--bestpublic-voz03--><!--desk-in-out-voz03--><br \/>\n<!--publicidad-voz04--><a href=\"https:\/\/www.facebook.com\/profile.php?id=61557370768692&amp;locale=es_ES\"><img decoding=\"async\" class=\"alignnone size-medium\" src=\"https:\/\/blogger.googleusercontent.com\/img\/b\/R29vZ2xl\/AVvXsEgy5RdcfffrnrItnYTcV9bCJjgJwldsQLWssfVfrLbyfXeBNTFKgBf0rMIvhrUaGUhiXzVr9_eQgCbi-j63ZDpfTvLIty9w7s140y-m1yHe7eKmEK7v2NAHUJDVYGdfeiQFeRCqUjdwWmN1MX_AUxxz4IVdJ4WIM0APxit8bjWkXzrnEFGqBvW_1F13H1g\/s1600\/logo-principal5.jpg\" width=\"100%\" height=\"100\" \/><\/a><!--bestpublic-voz04--><!--desk-in-out-voz04--><br \/>\n<!--publicidad-voz05--><a href=\"https:\/\/www.facebook.com\/asociaciontamborileroshellin?locale=es_ES\"><img decoding=\"async\" class=\"alignnone size-medium\" src=\"https:\/\/blogger.googleusercontent.com\/img\/b\/R29vZ2xl\/AVvXsEhHEEpZsKK1VpwiYMrS7aE2ujtqIDZoLd4B5wtbiseSU9s2HdTdQfhF84So2XwEB1fv0BLw95GADm6hUl1bkKtzh-eIgVigXONuu_5RxeIMPhjk8q6uNX4EaEHbooKkbu7pCADWPpVJjhKIH5NQSJpWqedC-YBez4QAQeJYokkLot9bhrIaUAeztsGis6M\/s1600\/logo-principal3.jpg\" width=\"100%\" height=\"100\" \/><\/a><!--bestpublic-voz05--><!--desk-in-out-voz05--><br \/>\n<!--publicidad-voz06--><!--bestpublic-voz06--><!--desk-in-out-voz06--><br \/>\n<!--publicidad-voz07--><!--bestpublic-voz07--><!--desk-in-out-voz07--><br \/>\n<!--publicidad-voz08--><!--bestpublic-voz08--><!--desk-in-out-voz08--><br \/>\n<!--publicidad-voz09--><!--bestpublic-voz09--><!--desk-in-out-voz09--><br \/>\n<!--publicidad-voz10--><!--bestpublic-voz10--><!--desk-in-out-voz10--><br \/>\n<!--publicidad-voz11--><!--bestpublic-voz11--><!--desk-in-out-voz11--><br \/>\n<!--publicidad-voz12--><!--bestpublic-voz12--><!--desk-in-out-voz12--><br \/>\n<!--publicidad-voz13--><!--bestpublic-voz13--><!--desk-in-out-voz13--><br \/>\n<!--publicidad-voz14--><!--bestpublic-voz14--><!--desk-in-out-voz14--><br \/>\n<!--publicidad-voz15--><!--bestpublic-voz15--><!--desk-in-out-voz15--><br \/>\n<!--publicidad-voz16--><!--bestpublic-voz16--><!--desk-in-out-voz16--><\/p>\n","protected":false},"excerpt":{"rendered":"<p>Difund\u00eda publicaciones con comentarios muy cr\u00edticos y peyorativos hacia la v\u00edctima, provoc\u00e1ndole un estado de angustia y ansiedad<\/p>\n","protected":false},"author":2,"featured_media":149018,"comment_status":"closed","ping_status":"closed","sticky":false,"template":"","format":"standard","meta":{"footnotes":""},"categories":[753,718,715,716,717],"tags":[],"class_list":["post-149017","post","type-post","status-publish","format-standard","has-post-thumbnail","hentry","category-blog-lv034","category-blogger","category-la-voz-de-hellin","category-la-voz-de-hellin-la-voz-de-hellin","category-noticias"],"_links":{"self":[{"href":"https:\/\/lavozdehellin.com\/noticias\/wp-json\/wp\/v2\/posts\/149017","targetHints":{"allow":["GET"]}}],"collection":[{"href":"https:\/\/lavozdehellin.com\/noticias\/wp-json\/wp\/v2\/posts"}],"about":[{"href":"https:\/\/lavozdehellin.com\/noticias\/wp-json\/wp\/v2\/types\/post"}],"author":[{"embeddable":true,"href":"https:\/\/lavozdehellin.com\/noticias\/wp-json\/wp\/v2\/users\/2"}],"replies":[{"embeddable":true,"href":"https:\/\/lavozdehellin.com\/noticias\/wp-json\/wp\/v2\/comments?post=149017"}],"version-history":[{"count":0,"href":"https:\/\/lavozdehellin.com\/noticias\/wp-json\/wp\/v2\/posts\/149017\/revisions"}],"wp:featuredmedia":[{"embeddable":true,"href":"https:\/\/lavozdehellin.com\/noticias\/wp-json\/wp\/v2\/media\/149018"}],"wp:attachment":[{"href":"https:\/\/lavozdehellin.com\/noticias\/wp-json\/wp\/v2\/media?parent=149017"}],"wp:term":[{"taxonomy":"category","embeddable":true,"href":"https:\/\/lavozdehellin.com\/noticias\/wp-json\/wp\/v2\/categories?post=149017"},{"taxonomy":"post_tag","embeddable":true,"href":"https:\/\/lavozdehellin.com\/noticias\/wp-json\/wp\/v2\/tags?post=149017"}],"curies":[{"name":"wp","href":"https:\/\/api.w.org\/{rel}","templated":true}]}}