{"id":149035,"date":"2024-02-20T09:55:06","date_gmt":"2024-02-20T08:55:06","guid":{"rendered":"https:\/\/lavozdehellin.com\/noticias\/?p=149035"},"modified":"2024-03-11T09:49:57","modified_gmt":"2024-03-11T08:49:57","slug":"v08-356-la-guardia-civil-de-albacete-detiene-a-una-persona-por-un-delito-contra-la-salud-publica-en-un-dispositivo-operativo","status":"publish","type":"post","link":"https:\/\/lavozdehellin.com\/noticias\/v08-356-la-guardia-civil-de-albacete-detiene-a-una-persona-por-un-delito-contra-la-salud-publica-en-un-dispositivo-operativo\/","title":{"rendered":"LVH NOTICIAS | LA GUARDIA CIVIL DE ALBACETE DETIENE A UNA PERSONA POR UN DELITO CONTRA LA SALUD P\u00daBLICA EN UN DISPOSITIVO OPERATIVO"},"content":{"rendered":"<p style=\"text-align: justify;\">Con la coca\u00edna intervenida por la Guardia Civil se podr\u00edan haber elaborado 110 dosis<\/p>\n<p><!--more--><br \/>\n<!--publicidad-voz01--><a href=\"https:\/\/www.facebook.com\/SoloRadioHellin\/?locale=es_ES\"><img decoding=\"async\" class=\"alignnone size-medium\" src=\"https:\/\/blogger.googleusercontent.com\/img\/b\/R29vZ2xl\/AVvXsEiNncirNnyGedv00mhjZjh5Wl4_YPdJGanoAl8tL8zH-HwqE8uHqjEfSt340RHdx-9tuCSIkZ8rFamZiGyYlgDGxCsmXjCH_1xk5eYM3ntFZRvJP_jndOKR7w1UAo9Tu0vrZyOLfqRpHIxYI5SymJJ-pfGCQw6QVpggBH-UgfjiFQ2JOxqxG0Jx94kW83c\/s1600\/logo-principal.jpg\" width=\"100%\" height=\"100\" \/><\/a><!--bestpublic-voz01--><!--desk-in-out-voz01--><br \/>\n<!--publicidad-voz02--><a href=\"https:\/\/www.hellincf.com\/\"><img decoding=\"async\" class=\"alignnone size-medium\" src=\"https:\/\/blogger.googleusercontent.com\/img\/b\/R29vZ2xl\/AVvXsEhuZ4-XfBVj3UtdP8-RZugy3WVrg-Zv28c53m4oV47qYCxL1rX_dqWX_YddsGSnpH5SRDqZ7bZeKPIfDVCDncpjVlhy3aQs2vojcJBn7Gdv9hC2_Nzct_pRFrnFE1a7KTCdY1bT_kAgnY3-iadRZrGeJf1fR2P5fu11bokx0pWjaypoy-ctwCjklldpEbA\/s1600\/logo-principal7.jpg\" width=\"100%\" height=\"100\" \/><\/a><!--bestpublic-voz02--><!--desk-in-out-voz02--><\/p>\n<p style=\"text-align: justify;\">Efectivos de la Guardia Civil de Albacete han detenido a un vecino de la localidad albacete\u00f1a de Tarazona de la Mancha, de 40 a\u00f1os de edad, como presunto autor de un delito contra la salud p\u00fablica, en la modalidad de tr\u00e1fico de drogas, intervini\u00e9ndole 11 gramos de coca\u00edna, envasada, dosificada y lista para su venta.<\/p>\n<p style=\"text-align: justify;\">La persona detenida por la Guardia Civil ya contaba con antecedentes policiales por delitos similares.<\/p>\n<p style=\"text-align: justify;\">Actuaciones<\/p>\n<p style=\"text-align: justify;\">La actuaci\u00f3n policial se produjo a ra\u00edz de uno de los dispositivos operativos que la Guardia Civil viene estableciendo en las inmediaciones de los n\u00facleos de poblaci\u00f3n, orientados a controlar la circulaci\u00f3n de personas y veh\u00edculos sospechosos de traficar con drogas y cometer delitos contra el patrimonio.<\/p>\n<p style=\"text-align: justify;\">En uno de estos dispositivos se procedi\u00f3 a la parada de un veh\u00edculo que result\u00f3 sospechoso. Tras la identificaci\u00f3n de su \u00fanico ocupante, los agentes del Cuerpo que formaban parte del dispositivo realizaron un registro, tanto del veh\u00edculo, como de sus pertenencias, localizando en el interior de una cartera 15 envoltorios de pl\u00e1stico, que conten\u00edan 11 gramos de una sustancia de color blanquecino, que tras ser sometida a un narcotest result\u00f3 ser coca\u00edna.<\/p>\n<p style=\"text-align: justify;\">A ra\u00edz de esta actuaci\u00f3n, la Guardia Civil detuvo a esta persona por un delito contra la salud p\u00fablica, en la modalidad de tr\u00e1fico de drogas, y trasladada hasta el acuartelamiento de Tarazona de la Mancha para la instrucci\u00f3n de las pertinentes diligencias.<\/p>\n<p style=\"text-align: justify;\">110 dosis de coca\u00edna intervenidas<\/p>\n<p style=\"text-align: justify;\">Con la coca\u00edna intervenida por la Guardia Civil, dosificada y lista para su venta, se podr\u00edan haber elaborado unas 110 dosis, que de haber llegado a los ciudadanos hubiesen constituido un grave peligro para la salud p\u00fablica.<\/p>\n<p style=\"text-align: justify;\">Unidades participantes<\/p>\n<p style=\"text-align: justify;\">En esta actuaci\u00f3n han intervenido agentes del Cuerpo pertenecientes a los acuartelamientos de madrigueras, Fuentealbilla y Tarazona de la Mancha.<\/p>\n<p style=\"text-align: justify;\">Plan contra el tr\u00e1fico minorista de drogas en lugares de ocio y diversi\u00f3n<\/p>\n<p style=\"text-align: justify;\">Esta actuaci\u00f3n se enmarca dentro de los servicios que la Guardia Civil de Albacete tiene activados, en toda su provincia, en relaci\u00f3n al \u00abPlan Operativo de Respuesta Policial al Tr\u00e1fico Minorista y Consumo de Drogas en Zonas, Lugares y Locales de Ocio\u00bb, intensific\u00e1ndose estos d\u00edas de celebraci\u00f3n de la fiesta de carnaval.<\/p>\n<p style=\"text-align: justify;\">Diligencias instruidas \/ detenido<\/p>\n<p style=\"text-align: justify;\">Las diligencias instruidas por la Guardia Civil, junto con la persona detenida, fueron puestas a disposici\u00f3n del Juzgado de Instrucci\u00f3n de la localidad albacetense de La Roda, que ha entendido de las actuaciones.<\/p>\n<p><!--publicidad-voz03--><a href=\"https:\/\/www.facebook.com\/profile.php?id=100063593791305&amp;locale=es_ES\"><img decoding=\"async\" class=\"alignnone size-medium\" src=\"https:\/\/blogger.googleusercontent.com\/img\/b\/R29vZ2xl\/AVvXsEi8_n_ll8UOcGxCqzFvb_9Io4ICczlGC990BPtPj2w9Px-u7B3oqWUW5vtjZUqPNJ-nyjiUIorE0ATsib_l5tV8BVN-UJ03RTnU__IHJF_4DgDBtY4LIqXNG-FomrO-7ywes20CBCRM2Hcm7EJSh3UUw1dO-c_uTflUrtgY1i7uBRezj_DpympmEFkfbQY\/s1600\/logo-principal2.jpg\" width=\"100%\" height=\"100\" \/><\/a><!--bestpublic-voz03--><!--desk-in-out-voz03--><br \/>\n<!--publicidad-voz04--><a href=\"https:\/\/www.facebook.com\/profile.php?id=61557370768692&amp;locale=es_ES\"><img decoding=\"async\" class=\"alignnone size-medium\" src=\"https:\/\/blogger.googleusercontent.com\/img\/b\/R29vZ2xl\/AVvXsEgy5RdcfffrnrItnYTcV9bCJjgJwldsQLWssfVfrLbyfXeBNTFKgBf0rMIvhrUaGUhiXzVr9_eQgCbi-j63ZDpfTvLIty9w7s140y-m1yHe7eKmEK7v2NAHUJDVYGdfeiQFeRCqUjdwWmN1MX_AUxxz4IVdJ4WIM0APxit8bjWkXzrnEFGqBvW_1F13H1g\/s1600\/logo-principal5.jpg\" width=\"100%\" height=\"100\" \/><\/a><!--bestpublic-voz04--><!--desk-in-out-voz04--><br \/>\n<!--publicidad-voz05--><a href=\"https:\/\/www.facebook.com\/asociaciontamborileroshellin?locale=es_ES\"><img decoding=\"async\" class=\"alignnone size-medium\" src=\"https:\/\/blogger.googleusercontent.com\/img\/b\/R29vZ2xl\/AVvXsEhHEEpZsKK1VpwiYMrS7aE2ujtqIDZoLd4B5wtbiseSU9s2HdTdQfhF84So2XwEB1fv0BLw95GADm6hUl1bkKtzh-eIgVigXONuu_5RxeIMPhjk8q6uNX4EaEHbooKkbu7pCADWPpVJjhKIH5NQSJpWqedC-YBez4QAQeJYokkLot9bhrIaUAeztsGis6M\/s1600\/logo-principal3.jpg\" width=\"100%\" height=\"100\" \/><\/a><!--bestpublic-voz05--><!--desk-in-out-voz05--><br \/>\n<!--publicidad-voz06--><!--bestpublic-voz06--><!--desk-in-out-voz06--><br \/>\n<!--publicidad-voz07--><!--bestpublic-voz07--><!--desk-in-out-voz07--><br \/>\n<!--publicidad-voz08--><!--bestpublic-voz08--><!--desk-in-out-voz08--><br \/>\n<!--publicidad-voz09--><!--bestpublic-voz09--><!--desk-in-out-voz09--><br \/>\n<!--publicidad-voz10--><!--bestpublic-voz10--><!--desk-in-out-voz10--><br \/>\n<!--publicidad-voz11--><!--bestpublic-voz11--><!--desk-in-out-voz11--><br \/>\n<!--publicidad-voz12--><!--bestpublic-voz12--><!--desk-in-out-voz12--><br \/>\n<!--publicidad-voz13--><!--bestpublic-voz13--><!--desk-in-out-voz13--><br \/>\n<!--publicidad-voz14--><!--bestpublic-voz14--><!--desk-in-out-voz14--><br \/>\n<!--publicidad-voz15--><!--bestpublic-voz15--><!--desk-in-out-voz15--><br \/>\n<!--publicidad-voz16--><!--bestpublic-voz16--><!--desk-in-out-voz16--><\/p>\n","protected":false},"excerpt":{"rendered":"<p>Con la coca\u00edna intervenida por la Guardia Civil se podr\u00edan haber elaborado 110 dosis<\/p>\n","protected":false},"author":2,"featured_media":149036,"comment_status":"closed","ping_status":"closed","sticky":false,"template":"","format":"standard","meta":{"footnotes":""},"categories":[753,718,715,716,717],"tags":[],"class_list":["post-149035","post","type-post","status-publish","format-standard","has-post-thumbnail","hentry","category-blog-lv034","category-blogger","category-la-voz-de-hellin","category-la-voz-de-hellin-la-voz-de-hellin","category-noticias"],"_links":{"self":[{"href":"https:\/\/lavozdehellin.com\/noticias\/wp-json\/wp\/v2\/posts\/149035","targetHints":{"allow":["GET"]}}],"collection":[{"href":"https:\/\/lavozdehellin.com\/noticias\/wp-json\/wp\/v2\/posts"}],"about":[{"href":"https:\/\/lavozdehellin.com\/noticias\/wp-json\/wp\/v2\/types\/post"}],"author":[{"embeddable":true,"href":"https:\/\/lavozdehellin.com\/noticias\/wp-json\/wp\/v2\/users\/2"}],"replies":[{"embeddable":true,"href":"https:\/\/lavozdehellin.com\/noticias\/wp-json\/wp\/v2\/comments?post=149035"}],"version-history":[{"count":0,"href":"https:\/\/lavozdehellin.com\/noticias\/wp-json\/wp\/v2\/posts\/149035\/revisions"}],"wp:featuredmedia":[{"embeddable":true,"href":"https:\/\/lavozdehellin.com\/noticias\/wp-json\/wp\/v2\/media\/149036"}],"wp:attachment":[{"href":"https:\/\/lavozdehellin.com\/noticias\/wp-json\/wp\/v2\/media?parent=149035"}],"wp:term":[{"taxonomy":"category","embeddable":true,"href":"https:\/\/lavozdehellin.com\/noticias\/wp-json\/wp\/v2\/categories?post=149035"},{"taxonomy":"post_tag","embeddable":true,"href":"https:\/\/lavozdehellin.com\/noticias\/wp-json\/wp\/v2\/tags?post=149035"}],"curies":[{"name":"wp","href":"https:\/\/api.w.org\/{rel}","templated":true}]}}