{"id":149038,"date":"2024-02-20T10:48:09","date_gmt":"2024-02-20T09:48:09","guid":{"rendered":"https:\/\/lavozdehellin.com\/noticias\/?p=149038"},"modified":"2024-03-11T09:49:57","modified_gmt":"2024-03-11T08:49:57","slug":"v08-357-jose-antonio-hernandez-y-eva-valera-suman-el-tercer-triunfo-en-el-bonillo","status":"publish","type":"post","link":"https:\/\/lavozdehellin.com\/noticias\/v08-357-jose-antonio-hernandez-y-eva-valera-suman-el-tercer-triunfo-en-el-bonillo\/","title":{"rendered":"LVH NOTICIAS | JOS\u00c9 ANTONIO HERN\u00c1NDEZ Y EVA VALERA SUMAN EL TERCER TRIUNFO EN EL BONILLO"},"content":{"rendered":"<p style=\"text-align: justify;\">M\u00e1s de 460 corredores llegaron a meta en la sexta prueba del Circuito Provincial. Pablo Villena y Esther Requena vencen en la carrera de Iniciaci\u00f3n<\/p>\n<p><!--more--><br \/>\n<!--publicidad-voz01--><a href=\"https:\/\/www.facebook.com\/SoloRadioHellin\/?locale=es_ES\"><img decoding=\"async\" class=\"alignnone size-medium\" src=\"https:\/\/blogger.googleusercontent.com\/img\/b\/R29vZ2xl\/AVvXsEiNncirNnyGedv00mhjZjh5Wl4_YPdJGanoAl8tL8zH-HwqE8uHqjEfSt340RHdx-9tuCSIkZ8rFamZiGyYlgDGxCsmXjCH_1xk5eYM3ntFZRvJP_jndOKR7w1UAo9Tu0vrZyOLfqRpHIxYI5SymJJ-pfGCQw6QVpggBH-UgfjiFQ2JOxqxG0Jx94kW83c\/s1600\/logo-principal.jpg\" width=\"100%\" height=\"100\" \/><\/a><!--bestpublic-voz01--><!--desk-in-out-voz01--><br \/>\n<!--publicidad-voz02--><a href=\"https:\/\/www.hellincf.com\/\"><img decoding=\"async\" class=\"alignnone size-medium\" src=\"https:\/\/blogger.googleusercontent.com\/img\/b\/R29vZ2xl\/AVvXsEhuZ4-XfBVj3UtdP8-RZugy3WVrg-Zv28c53m4oV47qYCxL1rX_dqWX_YddsGSnpH5SRDqZ7bZeKPIfDVCDncpjVlhy3aQs2vojcJBn7Gdv9hC2_Nzct_pRFrnFE1a7KTCdY1bT_kAgnY3-iadRZrGeJf1fR2P5fu11bokx0pWjaypoy-ctwCjklldpEbA\/s1600\/logo-principal7.jpg\" width=\"100%\" height=\"100\" \/><\/a><!--bestpublic-voz02--><!--desk-in-out-voz02--><\/p>\n<p style=\"text-align: justify;\">Los actuales campeones del Circuito Provincial de Carreras Populares en 2023, Jos\u00e9 Antonio Hern\u00e1ndez Navajas (Club de Atletismo Tres Leguas de Villamalea) y Eva Valera Garc\u00eda (C.A. 27 de Agosto de Madrigueras), lograron en El Bonillo su tercera victoria de la temporada, lo que significa que a estas alturas ambos han ganado la mitad de las carreras disputadas.<\/p>\n<p style=\"text-align: justify;\">La XII Carrera Popular de El Bonillo, puntuable tambi\u00e9n para el III Circuito Sierra de Alcaraz y Campo de Montiel (SACAM) de Carreras Populares y Trail, se disput\u00f3 bajo una temperatura muy agradable para la pr\u00e1ctica del atletismo, circunstancia que hizo mucho m\u00e1s llevaderos los 12.200 metros del recorrido a los 463 atletas que terminaron la prueba.<\/p>\n<p style=\"text-align: justify;\">La concejala de Deportes del Ayuntamiento de El Bonillo, Mari Feli Moreno, fue la encargada de dar la salida. Antes del pistoletazo inicial, Sebasti\u00e1n G\u00f3mez, atleta del C.A. Dosquince, le entreg\u00f3 como obsequio el libro \u2018Cr\u00f3nicas Atl\u00e9ticas\u2019 que \u00e9l mismo ha escrito.<\/p>\n<p style=\"text-align: justify;\">Jos\u00e9 Antonio Hern\u00e1ndez Navajas no dio opci\u00f3n a sus rivales. El atleta del C.A. Tres Leguas de Villamalea impuso un fuerte ritmo desde el principio que nadie fue capaz de seguir. El corredor de Fuentealbilla corri\u00f3 a un ritmo de 3:18 el kil\u00f3metro para clavar un tiempo de 40 minutos en la l\u00ednea de meta. Tras ganar en Villalgordo del J\u00facar y Balazote, en las dos primeras pruebas de la temporada, Hern\u00e1ndez Navajas suma su tercer triunfo del a\u00f1o con este de El Bonillo.<\/p>\n<p style=\"text-align: justify;\">Por detr\u00e1s, la lucha por las siguientes posiciones del p\u00f3dium estuvo interesante, con varios corredores separados por muy pocos segundos. \u00d3scar V\u00edllora Mart\u00ednez se hizo con la segunda posici\u00f3n, a 1\u201945\u2019\u2019 del campe\u00f3n, solamente con siete segundos de ventaja sobre Pedro Catena, que fue tercero, tras un bonito duelo con Isidro M\u00e1rquez en los \u00faltimos metros de la carrera.<\/p>\n<p style=\"text-align: justify;\">Eva Valera Garc\u00eda suma tres victorias en este XXIII Circuito Provincial de Carreras Populares organizado por la Diputaci\u00f3n de Albacete. Gan\u00f3 la segunda carrera del a\u00f1o en Balazote, la cuarta en Elche de la Sierra y ahora la sexta en El Bonillo, localidad donde tambi\u00e9n gan\u00f3 el a\u00f1o pasado. En esta ocasi\u00f3n lo hizo por delante de Gema Rodr\u00edguez S\u00e1nchez, que fue segunda, puesto que ya consigui\u00f3 previamente en Elche de la Sierra, tambi\u00e9n por detr\u00e1s de Eva. El tercer puesto de esta prueba fue para Luc\u00eda Jim\u00e9nez Romero.<\/p>\n<p style=\"text-align: justify;\">Carrera de Iniciaci\u00f3n<\/p>\n<p style=\"text-align: justify;\">El Bonillo celebr\u00f3 por primera vez una prueba de Iniciaci\u00f3n, con un recorrido de 6.730 metros. Pablo Villena Ferrer (C.A. Albacete-Diputaci\u00f3n) fue el m\u00e1s r\u00e1pido sobre esta distancia, por delante de Cristian V\u00edlchez Ceballos (C.A. V\u00e9lez Rinc\u00f3n Dental) y Rub\u00e9n Gallego S\u00e1nchez (Independiente). En la categor\u00eda femenina venci\u00f3 Esther Requena Ferri (C.A. V\u00e9lez Rinc\u00f3n Dental), con Llanos Moreno Armero (Independiente) en la segunda plaza y Mar\u00eda Serrano Mart\u00ednez (Club Deportivo Amiab) como tercera clasificada.<\/p>\n<p style=\"text-align: justify;\">En la clasificaci\u00f3n local, Emilio Jos\u00e9 Calero Rodr\u00edguez gan\u00f3 en la categor\u00eda masculina, mientras que Esther Carre\u00f1o Rubio hizo lo propio en f\u00e9minas. Antonio Serrano de la Rosa (C.A. Hell\u00edn) cruz\u00f3 la meta en la posici\u00f3n 71, obteniendo as\u00ed el Premio de la Hermandad de Donantes de Sangre de Albacete.<\/p>\n<p style=\"text-align: justify;\">Villarrobledo, pr\u00f3xima parada<\/p>\n<p style=\"text-align: justify;\">El XXIII Circuito Provincial de Carreras Populares llegar\u00e1 el pr\u00f3ximo fin de semana a Villarrobledo. La IV Carrera 10K de Villarrobledo arrancar\u00e1 el domingo 25 de febrero a las 11:00 horas. Paralelamente se celebrar\u00e1 la IV Carrera 5K de Iniciaci\u00f3n. Las inscripciones para estas pruebas est\u00e1n abiertas hasta el jueves 22, a las 14:00 horas.<\/p>\n<p style=\"text-align: justify;\">CLASIFICACIONES XII CARRERA POPULAR DE EL BONILLO<\/p>\n<p style=\"text-align: justify;\">&#8211; HOMBRES &#8211;<\/p>\n<p style=\"text-align: justify;\">Nombre Club Tiempo Ritmo<\/p>\n<p style=\"text-align: justify;\">1\u00ba.- J. Antonio Hern\u00e1ndez Navajas Tres Leguas Villamalea 40:00 3:18<\/p>\n<p style=\"text-align: justify;\">2\u00ba.- \u00d3scar V\u00edllora Mart\u00ednez 27 Agosto Madrigueras 41:45 3:26<\/p>\n<p style=\"text-align: justify;\">3\u00ba.- Pedro Catena Ruiz Independiente 41:52 3:27<\/p>\n<p style=\"text-align: justify;\">4\u00ba.- Isidro M\u00e1rquez Canales Ossa Runners Team 41:56 3:27<\/p>\n<p style=\"text-align: justify;\">5\u00ba.- David Morcillo Garc\u00eda C.A. Chinchilla 42:58 3:32<\/p>\n<p style=\"text-align: justify;\">6\u00ba.- Bernardo Maestre S\u00e1nchez C.D. Atletas de Alpera 43:51 3:37<\/p>\n<p style=\"text-align: justify;\">7\u00ba.- Aitor P\u00e9rez Saiz C.A. Albacete Diputaci\u00f3n 44:17 3:39<\/p>\n<p style=\"text-align: justify;\">8\u00ba.- Daniel Rodr\u00edguez L\u00f3pez C.A. Albacete Diputaci\u00f3n 44:39 3:41<\/p>\n<p style=\"text-align: justify;\">9\u00ba.- Pablo Cuesta Valera Bicha Runners Balazote 44:42 3:41<\/p>\n<p style=\"text-align: justify;\">10\u00ba.- Jos\u00e9 Rold\u00e1n S\u00e1nchez Atletas de Pozo Ca\u00f1ada 44:51 3:42<\/p>\n<p style=\"text-align: justify;\">&#8211; MUJERES &#8211;<\/p>\n<p style=\"text-align: justify;\">Nombre Club Tiempo Ritmo<\/p>\n<p style=\"text-align: justify;\">1\u00aa.- Eva Valera Garc\u00eda 27 Agosto Madrigueras 50:27 4:09<\/p>\n<p style=\"text-align: justify;\">2\u00aa.- Gema Rodr\u00edguez S\u00e1nchez C.A. Albacete Diputaci\u00f3n 51:44 4:16<\/p>\n<p style=\"text-align: justify;\">3\u00aa.- Luc\u00eda Jim\u00e9nez Romero Independiente 55:11 4:33<\/p>\n<p style=\"text-align: justify;\">4\u00aa.- Sara Palomares P\u00e9rez C.A. Kronos 55:29 4:34<\/p>\n<p style=\"text-align: justify;\">5\u00aa.- Rebeca Juncos Alfaro C.A. Navas de Jorquera 56:01 4:37<\/p>\n<p style=\"text-align: justify;\">6\u00aa.- M\u00aa Otilia Mart\u00ednez G\u00f3mez C.A. Chinchilla 56:03 4:37<\/p>\n<p style=\"text-align: justify;\">7\u00aa.- Irene Requena Navarro CAYT Valdeganga 56:16 4:38<\/p>\n<p style=\"text-align: justify;\">8\u00aa.- Irene Marchante Armero C.A. El Pinar &#8211; Ejevial 56:38 4:40<\/p>\n<p style=\"text-align: justify;\">9\u00aa.- Conchi S\u00e1nchez Izquierdo GECI Running 56:54 4:41<\/p>\n<p style=\"text-align: justify;\">10\u00aa.- Nuria L\u00f3pez Poveda Los Keniatas 57:16 4:43<\/p>\n<p><!--publicidad-voz03--><a href=\"https:\/\/www.facebook.com\/profile.php?id=100063593791305&amp;locale=es_ES\"><img decoding=\"async\" class=\"alignnone size-medium\" src=\"https:\/\/blogger.googleusercontent.com\/img\/b\/R29vZ2xl\/AVvXsEi8_n_ll8UOcGxCqzFvb_9Io4ICczlGC990BPtPj2w9Px-u7B3oqWUW5vtjZUqPNJ-nyjiUIorE0ATsib_l5tV8BVN-UJ03RTnU__IHJF_4DgDBtY4LIqXNG-FomrO-7ywes20CBCRM2Hcm7EJSh3UUw1dO-c_uTflUrtgY1i7uBRezj_DpympmEFkfbQY\/s1600\/logo-principal2.jpg\" width=\"100%\" height=\"100\" \/><\/a><!--bestpublic-voz03--><!--desk-in-out-voz03--><br \/>\n<!--publicidad-voz04--><a href=\"https:\/\/www.facebook.com\/profile.php?id=61557370768692&amp;locale=es_ES\"><img decoding=\"async\" class=\"alignnone size-medium\" src=\"https:\/\/blogger.googleusercontent.com\/img\/b\/R29vZ2xl\/AVvXsEgy5RdcfffrnrItnYTcV9bCJjgJwldsQLWssfVfrLbyfXeBNTFKgBf0rMIvhrUaGUhiXzVr9_eQgCbi-j63ZDpfTvLIty9w7s140y-m1yHe7eKmEK7v2NAHUJDVYGdfeiQFeRCqUjdwWmN1MX_AUxxz4IVdJ4WIM0APxit8bjWkXzrnEFGqBvW_1F13H1g\/s1600\/logo-principal5.jpg\" width=\"100%\" height=\"100\" \/><\/a><!--bestpublic-voz04--><!--desk-in-out-voz04--><br \/>\n<!--publicidad-voz05--><a href=\"https:\/\/www.facebook.com\/asociaciontamborileroshellin?locale=es_ES\"><img decoding=\"async\" class=\"alignnone size-medium\" src=\"https:\/\/blogger.googleusercontent.com\/img\/b\/R29vZ2xl\/AVvXsEhHEEpZsKK1VpwiYMrS7aE2ujtqIDZoLd4B5wtbiseSU9s2HdTdQfhF84So2XwEB1fv0BLw95GADm6hUl1bkKtzh-eIgVigXONuu_5RxeIMPhjk8q6uNX4EaEHbooKkbu7pCADWPpVJjhKIH5NQSJpWqedC-YBez4QAQeJYokkLot9bhrIaUAeztsGis6M\/s1600\/logo-principal3.jpg\" width=\"100%\" height=\"100\" \/><\/a><!--bestpublic-voz05--><!--desk-in-out-voz05--><br \/>\n<!--publicidad-voz06--><!--bestpublic-voz06--><!--desk-in-out-voz06--><br \/>\n<!--publicidad-voz07--><!--bestpublic-voz07--><!--desk-in-out-voz07--><br \/>\n<!--publicidad-voz08--><!--bestpublic-voz08--><!--desk-in-out-voz08--><br \/>\n<!--publicidad-voz09--><!--bestpublic-voz09--><!--desk-in-out-voz09--><br \/>\n<!--publicidad-voz10--><!--bestpublic-voz10--><!--desk-in-out-voz10--><br \/>\n<!--publicidad-voz11--><!--bestpublic-voz11--><!--desk-in-out-voz11--><br \/>\n<!--publicidad-voz12--><!--bestpublic-voz12--><!--desk-in-out-voz12--><br \/>\n<!--publicidad-voz13--><!--bestpublic-voz13--><!--desk-in-out-voz13--><br \/>\n<!--publicidad-voz14--><!--bestpublic-voz14--><!--desk-in-out-voz14--><br \/>\n<!--publicidad-voz15--><!--bestpublic-voz15--><!--desk-in-out-voz15--><br \/>\n<!--publicidad-voz16--><!--bestpublic-voz16--><!--desk-in-out-voz16--><\/p>\n","protected":false},"excerpt":{"rendered":"<p>M\u00e1s de 460 corredores llegaron a meta en la sexta prueba del Circuito Provincial. Pablo Villena y Esther Requena vencen en la carrera de Iniciaci\u00f3n<\/p>\n","protected":false},"author":2,"featured_media":149039,"comment_status":"closed","ping_status":"closed","sticky":false,"template":"","format":"standard","meta":{"footnotes":""},"categories":[753,718,715,716,717],"tags":[],"class_list":["post-149038","post","type-post","status-publish","format-standard","has-post-thumbnail","hentry","category-blog-lv034","category-blogger","category-la-voz-de-hellin","category-la-voz-de-hellin-la-voz-de-hellin","category-noticias"],"_links":{"self":[{"href":"https:\/\/lavozdehellin.com\/noticias\/wp-json\/wp\/v2\/posts\/149038","targetHints":{"allow":["GET"]}}],"collection":[{"href":"https:\/\/lavozdehellin.com\/noticias\/wp-json\/wp\/v2\/posts"}],"about":[{"href":"https:\/\/lavozdehellin.com\/noticias\/wp-json\/wp\/v2\/types\/post"}],"author":[{"embeddable":true,"href":"https:\/\/lavozdehellin.com\/noticias\/wp-json\/wp\/v2\/users\/2"}],"replies":[{"embeddable":true,"href":"https:\/\/lavozdehellin.com\/noticias\/wp-json\/wp\/v2\/comments?post=149038"}],"version-history":[{"count":0,"href":"https:\/\/lavozdehellin.com\/noticias\/wp-json\/wp\/v2\/posts\/149038\/revisions"}],"wp:featuredmedia":[{"embeddable":true,"href":"https:\/\/lavozdehellin.com\/noticias\/wp-json\/wp\/v2\/media\/149039"}],"wp:attachment":[{"href":"https:\/\/lavozdehellin.com\/noticias\/wp-json\/wp\/v2\/media?parent=149038"}],"wp:term":[{"taxonomy":"category","embeddable":true,"href":"https:\/\/lavozdehellin.com\/noticias\/wp-json\/wp\/v2\/categories?post=149038"},{"taxonomy":"post_tag","embeddable":true,"href":"https:\/\/lavozdehellin.com\/noticias\/wp-json\/wp\/v2\/tags?post=149038"}],"curies":[{"name":"wp","href":"https:\/\/api.w.org\/{rel}","templated":true}]}}