{"id":149041,"date":"2024-02-20T10:50:36","date_gmt":"2024-02-20T09:50:36","guid":{"rendered":"https:\/\/lavozdehellin.com\/noticias\/?p=149041"},"modified":"2024-03-11T09:49:56","modified_gmt":"2024-03-11T08:49:56","slug":"v08-358-javier-gomez-carpena-y-lucia-navarro-primeros-campeones-en-jorquera","status":"publish","type":"post","link":"https:\/\/lavozdehellin.com\/noticias\/v08-358-javier-gomez-carpena-y-lucia-navarro-primeros-campeones-en-jorquera\/","title":{"rendered":"LVH NOTICIAS | JAVIER G\u00d3MEZ CARPENA Y LUC\u00cdA NAVARRO, PRIMEROS CAMPEONES EN JORQUERA"},"content":{"rendered":"<p style=\"text-align: justify;\">Pedro Jes\u00fas Rodr\u00edguez es el nuevo l\u00edder de la clasificaci\u00f3n masculina y portar\u00e1 el maillot rojo en la pr\u00f3xima carrera en Tobarra<\/p>\n<p><!--more--><br \/>\n<!--publicidad-voz01--><a href=\"https:\/\/www.facebook.com\/SoloRadioHellin\/?locale=es_ES\"><img decoding=\"async\" class=\"alignnone size-medium\" src=\"https:\/\/blogger.googleusercontent.com\/img\/b\/R29vZ2xl\/AVvXsEiNncirNnyGedv00mhjZjh5Wl4_YPdJGanoAl8tL8zH-HwqE8uHqjEfSt340RHdx-9tuCSIkZ8rFamZiGyYlgDGxCsmXjCH_1xk5eYM3ntFZRvJP_jndOKR7w1UAo9Tu0vrZyOLfqRpHIxYI5SymJJ-pfGCQw6QVpggBH-UgfjiFQ2JOxqxG0Jx94kW83c\/s1600\/logo-principal.jpg\" width=\"100%\" height=\"100\" \/><\/a><!--bestpublic-voz01--><!--desk-in-out-voz01--><br \/>\n<!--publicidad-voz02--><a href=\"https:\/\/www.hellincf.com\/\"><img decoding=\"async\" class=\"alignnone size-medium\" src=\"https:\/\/blogger.googleusercontent.com\/img\/b\/R29vZ2xl\/AVvXsEhuZ4-XfBVj3UtdP8-RZugy3WVrg-Zv28c53m4oV47qYCxL1rX_dqWX_YddsGSnpH5SRDqZ7bZeKPIfDVCDncpjVlhy3aQs2vojcJBn7Gdv9hC2_Nzct_pRFrnFE1a7KTCdY1bT_kAgnY3-iadRZrGeJf1fR2P5fu11bokx0pWjaypoy-ctwCjklldpEbA\/s1600\/logo-principal7.jpg\" width=\"100%\" height=\"100\" \/><\/a><!--bestpublic-voz02--><!--desk-in-out-voz02--><\/p>\n<p style=\"text-align: justify;\">Javier G\u00f3mez Carpena (Taller de Bicicletas Carpena) y Luc\u00eda Navarro Cuesta (Bicicletas El Hellinero Acecho) estrenan el palmar\u00e9s de la I Ruta BTT Villa de Jorquera, tercera cita del XVII Circuito Provincial de BTT organizado por la Diputaci\u00f3n de Albacete. El debut de Jorquera en el Circuito Provincial fue un \u00e9xito, una aut\u00e9ntica fiesta en la que los m\u00e1s de 450 corredores inscritos disfrutaron de un bonito recorrido, una buena bolsa del corredor, una perfecta organizaci\u00f3n y un aperitivo final para reponer las fuerzas tras la jornada.<\/p>\n<p style=\"text-align: justify;\">Tercera carrera y tercer campe\u00f3n distinto en la categor\u00eda masculina. Juan Gonz\u00e1lez gan\u00f3 en Ontur, David Zafra en Pozo Ca\u00f1ada y Javier G\u00f3mez Carpena subi\u00f3 a lo m\u00e1s alto del p\u00f3dium en Jorquera. En el inicio de la carrera un grupo de cuatro corredores encabez\u00f3 la prueba, a los que se sumaron un par de participantes m\u00e1s que llegaron desde atr\u00e1s. Ese grupo rod\u00f3 compacto durante unos kil\u00f3metros.<\/p>\n<p style=\"text-align: justify;\">A mitad de prueba, en la entrada de una senda, Javier G\u00f3mez Carpena aprovech\u00f3 para lanzar su ataque, abri\u00f3 un peque\u00f1o hueco y se march\u00f3 en solitario hacia la l\u00ednea de meta. Por detr\u00e1s, el d\u00fao de corredores del Gobik Factory Team intent\u00f3 neutralizarlo, pero sin conseguirlo pese a que la ventaja era solamente de unos pocos metros. As\u00ed, Carpena lleg\u00f3 en la primera posici\u00f3n a la l\u00ednea de meta. Jos\u00e9 Manuel Lorenzo, que se qued\u00f3 solo en la persecuci\u00f3n y no dio su brazo a torcer, entr\u00f3 en la segunda plaza a seis segundos del campe\u00f3n, mientras que Javier Mart\u00ednez complet\u00f3 el p\u00f3dium.<\/p>\n<p style=\"text-align: justify;\">La sexta plaza de Pedro Jes\u00fas Rodr\u00edguez Segura, que fue 6\u00ba en Ontur y 4\u00ba en Pozo Ca\u00f1ada, permite al corredor del Manzanares Team Factory colocarse como nuevo l\u00edder de la clasificaci\u00f3n general masculina, por lo que vestir\u00e1 el maillot rojo en la pr\u00f3xima prueba.<\/p>\n<p style=\"text-align: justify;\">En la categor\u00eda femenina lleg\u00f3 la tercera victoria de la l\u00edder del Circuito, Luc\u00eda Navarro Cuesta, unida tambi\u00e9n a la tercera vez que Almudena Jim\u00e9nez ocupa la segunda posici\u00f3n de la carrera. Complet\u00f3 el p\u00f3dium la caudetana Nieves Gim\u00e9nez en la tercera plaza. La corredora del Bicicletas El Hellinero Acecho fue la \u00fanica participante femenina capaz de completar el recorrido en un tiempo inferior a dos horas, demostrando una vez m\u00e1s que en la actualidad est\u00e1 un pelda\u00f1o por encima de sus rivales.<\/p>\n<p style=\"text-align: justify;\">En el recorrido corto, los ganadores fueron Joaqu\u00edn Ruiz Garrido (C.C. Caracol Pro Tour) y Ana Mar\u00eda Levia Alfaro (Arte Bicis C.C.). Jos\u00e9 Manuel P\u00e9rez Garc\u00eda (Bicicletas El Hellinero Acecho) fue el campe\u00f3n junior. En parejas mixtas, los vencedores fueron Luc\u00eda Navarro Cuesta (Bicicletas El Hellinero Acecho) y Miguel Herr\u00e1iz Garc\u00eda (Manzanares Team Factory). El premio a la posici\u00f3n 71 en meta, cedido por la Hermandad de Donantes de Sangre de Albacete, fue para Jos\u00e9 G\u00f3mez Maz\u00f3n (C.C. Pasi\u00f3n BTT Orihuela). La Pe\u00f1a BTT Los Tortugas fue el club m\u00e1s numeroso en meta.<\/p>\n<p style=\"text-align: justify;\">Pr\u00f3xima cita en Tobarra<\/p>\n<p style=\"text-align: justify;\">El pr\u00f3ximo domingo 25 de febrero ser\u00e1 el turno para la prueba BTT \u2018Ramblas y Cerros\u2019 de Tobarra, cuarta cita del XVII Circuito Provincial de BTT. Se trata de una prueba que ofrece 43\u201934 kil\u00f3metros de distancia para el recorrido largo y 28 kil\u00f3metros para el trazado corto. Las inscripciones para esta carrera est\u00e1n abiertas hasta el pr\u00f3ximo mi\u00e9rcoles d\u00eda 21 de febrero, a las 14:00 horas.<\/p>\n<p style=\"text-align: justify;\">CLASIFICACIONES JORQUERA 2024<\/p>\n<p style=\"text-align: justify;\">Clasificaci\u00f3n masculina<\/p>\n<p style=\"text-align: justify;\">NOMBRE EQUIPO TIEMPO<\/p>\n<p style=\"text-align: justify;\">1-. Javier G\u00f3mez Carpena (Taller de Bicicletas Carpena) 1h39\u201908\u2019\u2019<\/p>\n<p style=\"text-align: justify;\">2-. J. Manuel Lorenzo Contreras (Gobik Factory Team) 1h39\u201914\u2019\u2019<\/p>\n<p style=\"text-align: justify;\">3-. Javier Mart\u00ednez Torres (Gobik Factory Team) 1h40\u201910\u2019\u2019<\/p>\n<p style=\"text-align: justify;\">4-. Juan Pedro Palacios Mu\u00f1oz (Bike&amp;Beer) 1h41\u201903\u2019\u2019<\/p>\n<p style=\"text-align: justify;\">5-. Iv\u00e1n Carrasco Fern\u00e1ndez (Ferlo Factory Racing) 1h41\u201906\u2019\u2019<\/p>\n<p style=\"text-align: justify;\">Clasificaci\u00f3n femenina<\/p>\n<p style=\"text-align: justify;\">NOMBRE EQUIPO TIEMPO<\/p>\n<p style=\"text-align: justify;\">1-. Luc\u00eda Navarro Cuesta (Bicicletas El Hellinero Acecho) 1h58\u201906\u2019\u2019<\/p>\n<p style=\"text-align: justify;\">2-. Almudena Jim\u00e9nez Mart\u00ednez (Bicialmuerzo) 2h11\u201947\u2019\u2019<\/p>\n<p style=\"text-align: justify;\">3-. Nieves Gim\u00e9nez Mart\u00ednez (Arte Bicis C.C.) 2h14\u201908\u2019\u2019<\/p>\n<p style=\"text-align: justify;\">4-. Alfonsi Villar Garrig\u00f3s (Ferroice Contrallano BTT) 2h15\u201913\u2019\u2019<\/p>\n<p style=\"text-align: justify;\">5-. Meritxell Falomir Torregrosa (La Pur\u00edsima Team Yecla) 2h16\u201952\u2019\u2019<\/p>\n<p><!--publicidad-voz03--><a href=\"https:\/\/www.facebook.com\/profile.php?id=100063593791305&amp;locale=es_ES\"><img decoding=\"async\" class=\"alignnone size-medium\" src=\"https:\/\/blogger.googleusercontent.com\/img\/b\/R29vZ2xl\/AVvXsEi8_n_ll8UOcGxCqzFvb_9Io4ICczlGC990BPtPj2w9Px-u7B3oqWUW5vtjZUqPNJ-nyjiUIorE0ATsib_l5tV8BVN-UJ03RTnU__IHJF_4DgDBtY4LIqXNG-FomrO-7ywes20CBCRM2Hcm7EJSh3UUw1dO-c_uTflUrtgY1i7uBRezj_DpympmEFkfbQY\/s1600\/logo-principal2.jpg\" width=\"100%\" height=\"100\" \/><\/a><!--bestpublic-voz03--><!--desk-in-out-voz03--><br \/>\n<!--publicidad-voz04--><a href=\"https:\/\/www.facebook.com\/profile.php?id=61557370768692&amp;locale=es_ES\"><img decoding=\"async\" class=\"alignnone size-medium\" src=\"https:\/\/blogger.googleusercontent.com\/img\/b\/R29vZ2xl\/AVvXsEgy5RdcfffrnrItnYTcV9bCJjgJwldsQLWssfVfrLbyfXeBNTFKgBf0rMIvhrUaGUhiXzVr9_eQgCbi-j63ZDpfTvLIty9w7s140y-m1yHe7eKmEK7v2NAHUJDVYGdfeiQFeRCqUjdwWmN1MX_AUxxz4IVdJ4WIM0APxit8bjWkXzrnEFGqBvW_1F13H1g\/s1600\/logo-principal5.jpg\" width=\"100%\" height=\"100\" \/><\/a><!--bestpublic-voz04--><!--desk-in-out-voz04--><br \/>\n<!--publicidad-voz05--><a href=\"https:\/\/www.facebook.com\/asociaciontamborileroshellin?locale=es_ES\"><img decoding=\"async\" class=\"alignnone size-medium\" src=\"https:\/\/blogger.googleusercontent.com\/img\/b\/R29vZ2xl\/AVvXsEhHEEpZsKK1VpwiYMrS7aE2ujtqIDZoLd4B5wtbiseSU9s2HdTdQfhF84So2XwEB1fv0BLw95GADm6hUl1bkKtzh-eIgVigXONuu_5RxeIMPhjk8q6uNX4EaEHbooKkbu7pCADWPpVJjhKIH5NQSJpWqedC-YBez4QAQeJYokkLot9bhrIaUAeztsGis6M\/s1600\/logo-principal3.jpg\" width=\"100%\" height=\"100\" \/><\/a><!--bestpublic-voz05--><!--desk-in-out-voz05--><br \/>\n<!--publicidad-voz06--><!--bestpublic-voz06--><!--desk-in-out-voz06--><br \/>\n<!--publicidad-voz07--><!--bestpublic-voz07--><!--desk-in-out-voz07--><br \/>\n<!--publicidad-voz08--><!--bestpublic-voz08--><!--desk-in-out-voz08--><br \/>\n<!--publicidad-voz09--><!--bestpublic-voz09--><!--desk-in-out-voz09--><br \/>\n<!--publicidad-voz10--><!--bestpublic-voz10--><!--desk-in-out-voz10--><br \/>\n<!--publicidad-voz11--><!--bestpublic-voz11--><!--desk-in-out-voz11--><br \/>\n<!--publicidad-voz12--><!--bestpublic-voz12--><!--desk-in-out-voz12--><br \/>\n<!--publicidad-voz13--><!--bestpublic-voz13--><!--desk-in-out-voz13--><br \/>\n<!--publicidad-voz14--><!--bestpublic-voz14--><!--desk-in-out-voz14--><br \/>\n<!--publicidad-voz15--><!--bestpublic-voz15--><!--desk-in-out-voz15--><br \/>\n<!--publicidad-voz16--><!--bestpublic-voz16--><!--desk-in-out-voz16--><\/p>\n","protected":false},"excerpt":{"rendered":"<p>Pedro Jes\u00fas Rodr\u00edguez es el nuevo l\u00edder de la clasificaci\u00f3n masculina y portar\u00e1 el maillot rojo en la pr\u00f3xima carrera en Tobarra<\/p>\n","protected":false},"author":2,"featured_media":149975,"comment_status":"closed","ping_status":"closed","sticky":false,"template":"","format":"standard","meta":{"footnotes":""},"categories":[753,718,715,716,717],"tags":[],"class_list":["post-149041","post","type-post","status-publish","format-standard","has-post-thumbnail","hentry","category-blog-lv034","category-blogger","category-la-voz-de-hellin","category-la-voz-de-hellin-la-voz-de-hellin","category-noticias"],"_links":{"self":[{"href":"https:\/\/lavozdehellin.com\/noticias\/wp-json\/wp\/v2\/posts\/149041","targetHints":{"allow":["GET"]}}],"collection":[{"href":"https:\/\/lavozdehellin.com\/noticias\/wp-json\/wp\/v2\/posts"}],"about":[{"href":"https:\/\/lavozdehellin.com\/noticias\/wp-json\/wp\/v2\/types\/post"}],"author":[{"embeddable":true,"href":"https:\/\/lavozdehellin.com\/noticias\/wp-json\/wp\/v2\/users\/2"}],"replies":[{"embeddable":true,"href":"https:\/\/lavozdehellin.com\/noticias\/wp-json\/wp\/v2\/comments?post=149041"}],"version-history":[{"count":0,"href":"https:\/\/lavozdehellin.com\/noticias\/wp-json\/wp\/v2\/posts\/149041\/revisions"}],"wp:featuredmedia":[{"embeddable":true,"href":"https:\/\/lavozdehellin.com\/noticias\/wp-json\/wp\/v2\/media\/149975"}],"wp:attachment":[{"href":"https:\/\/lavozdehellin.com\/noticias\/wp-json\/wp\/v2\/media?parent=149041"}],"wp:term":[{"taxonomy":"category","embeddable":true,"href":"https:\/\/lavozdehellin.com\/noticias\/wp-json\/wp\/v2\/categories?post=149041"},{"taxonomy":"post_tag","embeddable":true,"href":"https:\/\/lavozdehellin.com\/noticias\/wp-json\/wp\/v2\/tags?post=149041"}],"curies":[{"name":"wp","href":"https:\/\/api.w.org\/{rel}","templated":true}]}}