{"id":149046,"date":"2024-02-20T11:52:27","date_gmt":"2024-02-20T10:52:27","guid":{"rendered":"https:\/\/lavozdehellin.com\/noticias\/?p=149046"},"modified":"2024-03-11T09:49:56","modified_gmt":"2024-03-11T08:49:56","slug":"v08-360-d-ricardo-magro-moreno-galardonado-con-el-xvii-premio-hermandad-de-nuestra-senora-de-la-soledad","status":"publish","type":"post","link":"https:\/\/lavozdehellin.com\/noticias\/v08-360-d-ricardo-magro-moreno-galardonado-con-el-xvii-premio-hermandad-de-nuestra-senora-de-la-soledad\/","title":{"rendered":"LVH NOTICIAS | D. RICARDO MAGRO MORENO GALARDONADO CON EL XVII PREMIO \u201cHERMANDAD DE NUESTRA SE\u00d1ORA DE LA SOLEDAD\u201d"},"content":{"rendered":"<p style=\"text-align: justify;\">La Hermandad de Nuestra Se\u00f1ora de la Soledad, tras la reuni\u00f3n celebrada el pasado d\u00eda 14 de Enero de 2024, ha decidido conceder el premio que lleva su nombre a D. Ricardo Magro Moreno.<\/p>\n<p><!--more--><br \/>\n<!--publicidad-voz01--><a href=\"https:\/\/www.facebook.com\/SoloRadioHellin\/?locale=es_ES\"><img decoding=\"async\" class=\"alignnone size-medium\" src=\"https:\/\/blogger.googleusercontent.com\/img\/b\/R29vZ2xl\/AVvXsEiNncirNnyGedv00mhjZjh5Wl4_YPdJGanoAl8tL8zH-HwqE8uHqjEfSt340RHdx-9tuCSIkZ8rFamZiGyYlgDGxCsmXjCH_1xk5eYM3ntFZRvJP_jndOKR7w1UAo9Tu0vrZyOLfqRpHIxYI5SymJJ-pfGCQw6QVpggBH-UgfjiFQ2JOxqxG0Jx94kW83c\/s1600\/logo-principal.jpg\" width=\"100%\" height=\"100\" \/><\/a><!--bestpublic-voz01--><!--desk-in-out-voz01--><br \/>\n<!--publicidad-voz02--><a href=\"https:\/\/www.hellincf.com\/\"><img decoding=\"async\" class=\"alignnone size-medium\" src=\"https:\/\/blogger.googleusercontent.com\/img\/b\/R29vZ2xl\/AVvXsEhuZ4-XfBVj3UtdP8-RZugy3WVrg-Zv28c53m4oV47qYCxL1rX_dqWX_YddsGSnpH5SRDqZ7bZeKPIfDVCDncpjVlhy3aQs2vojcJBn7Gdv9hC2_Nzct_pRFrnFE1a7KTCdY1bT_kAgnY3-iadRZrGeJf1fR2P5fu11bokx0pWjaypoy-ctwCjklldpEbA\/s1600\/logo-principal7.jpg\" width=\"100%\" height=\"100\" \/><\/a><!--bestpublic-voz02--><!--desk-in-out-voz02--><\/p>\n<p style=\"text-align: justify;\">Entre los numerosos motivos por los que se otorga este premio destaca la dedicaci\u00f3n, la predisposici\u00f3n de ayuda a todas las Hermandades, Cofrad\u00edas y colectivos que conforman la Semana Santa de Hell\u00edn. Destaca adem\u00e1s su cercan\u00eda, vocaci\u00f3n, capacidad de escucha y adaptaci\u00f3n y el desarrollo de los valores cristianos para con todos los que hemos tenido la suerte de poder estar cerca de \u00e9l.<\/p>\n<p style=\"text-align: justify;\">Dicho acto tendr\u00e1 lugar el pr\u00f3ximo 9 de Marzo a las 20.00 horas en la Casa Hermandad.<\/p>\n<p style=\"text-align: justify;\">Este galard\u00f3n, en su decimos\u00e9ptima edici\u00f3n, pretende reconocer el trabajo realizado por D. Ricardo durante los a\u00f1os que ha sido p\u00e1rroco de la Iglesia de la Asunci\u00f3n, tanto durante los d\u00edas de nuestra Semana Mayor como el resto del a\u00f1o.<\/p>\n<p style=\"text-align: justify;\">Nos gustar\u00eda mediante la presente nota de prensa, invitarles a todos ustedes a la entrega de dicho galard\u00f3n, que tanto significa para nuestra Hermandad y que ya se ha convertido en su larga trayectoria, en una cita ineludible de entre los actos de Cuaresma de nuestra ciudad.<\/p>\n<p style=\"text-align: justify;\">Historia del premio.<\/p>\n<p style=\"text-align: justify;\">El premio \u201cHermandad de Nuestra Se\u00f1ora de la Soledad\u201d fue constituido en el a\u00f1o 2002 para, con car\u00e1cter anual, galardonar a colectivos, asociaciones o personas que de forma individual se han destacado en promover, potenciar y difundir la Semana Santa de Hell\u00edn en cualquiera de sus facetas.<\/p>\n<p style=\"text-align: justify;\">Esta iniciativa nace con el \u00fanico prop\u00f3sito de alentar a todos a seguir trabajando en pro de nuestra singular y muy querida Semana Santa, orgullo de todos los que somos y nos sentimos hellineros.<\/p>\n<p style=\"text-align: justify;\">Son ya numerosos los colectivos y personas que han recibido este reconocimiento desde su fundaci\u00f3n, como puede comprobarse a continuaci\u00f3n:<\/p>\n<p style=\"text-align: justify;\">Asociaci\u00f3n de pe\u00f1as de tamborileros, a\u00f1o 2002<\/p>\n<p style=\"text-align: justify;\">Banda de cornetas y tambores \u201cJuventud Musical\u201d, a\u00f1o 2003<\/p>\n<p style=\"text-align: justify;\">Diario \u201cLa Tribuna\u201d, a\u00f1o 2005<\/p>\n<p style=\"text-align: justify;\">Parroquia de Nuestra Se\u00f1ora de la Asunci\u00f3n, a\u00f1o 2006<\/p>\n<p style=\"text-align: justify;\">Televisi\u00f3n local, a\u00f1o 2007<\/p>\n<p style=\"text-align: justify;\">Junta de seguridad, a\u00f1o 2008<\/p>\n<p style=\"text-align: justify;\">Don Jos\u00e9 Zamorano Mart\u00ednez, a\u00f1o 2009<\/p>\n<p style=\"text-align: justify;\">Do\u00f1a Encarnaci\u00f3n Lorenzo Garc\u00eda, a\u00f1o 2010<\/p>\n<p style=\"text-align: justify;\">Don Francisco Garc\u00eda Rodr\u00edguez, a\u00f1o 2010<\/p>\n<p style=\"text-align: justify;\">Don Antonio P\u00e9rez Mart\u00ednez, a\u00f1o 2010<\/p>\n<p style=\"text-align: justify;\">Don Francisco M\u00e1s S\u00e1nchez, a\u00f1o 2011<\/p>\n<p style=\"text-align: justify;\">Solo Radio Hell\u00edn, a\u00f1o 2011<\/p>\n<p style=\"text-align: justify;\">Colegio P\u00fablico Nuestra Se\u00f1ora del Rosario, a\u00f1o 2011<\/p>\n<p style=\"text-align: justify;\">Comisi\u00f3n organizadora de los actos de clausura del a\u00f1o de la Fe, a\u00f1o 2015<\/p>\n<p style=\"text-align: justify;\">Don Emiliano Mart\u00ednez Ruiz, a\u00f1o 2016<\/p>\n<p style=\"text-align: justify;\">Don Juan Manuel S\u00e1nchez L\u00f3pez; a\u00f1o 2017<\/p>\n<p style=\"text-align: justify;\">Don Vicente Lucas, a\u00f1o 2018<\/p>\n<p style=\"text-align: justify;\">Don Pablo Nieto Vidal, a\u00f1o 2019<\/p>\n<p style=\"text-align: justify;\">Uni\u00f3n Musical Santa Cecilia de Hell\u00edn, a\u00f1o 2020-2022<\/p>\n<p style=\"text-align: justify;\">Fot\u00f3grafos de la Semana Santa de Hell\u00edn, a\u00f1o 2023<\/p>\n<p style=\"text-align: justify;\">D. Ricardo Magro Moreno, a\u00f1o 2024<\/p>\n<p><!--publicidad-voz03--><a href=\"https:\/\/www.facebook.com\/profile.php?id=100063593791305&amp;locale=es_ES\"><img decoding=\"async\" class=\"alignnone size-medium\" src=\"https:\/\/blogger.googleusercontent.com\/img\/b\/R29vZ2xl\/AVvXsEi8_n_ll8UOcGxCqzFvb_9Io4ICczlGC990BPtPj2w9Px-u7B3oqWUW5vtjZUqPNJ-nyjiUIorE0ATsib_l5tV8BVN-UJ03RTnU__IHJF_4DgDBtY4LIqXNG-FomrO-7ywes20CBCRM2Hcm7EJSh3UUw1dO-c_uTflUrtgY1i7uBRezj_DpympmEFkfbQY\/s1600\/logo-principal2.jpg\" width=\"100%\" height=\"100\" \/><\/a><!--bestpublic-voz03--><!--desk-in-out-voz03--><br \/>\n<!--publicidad-voz04--><a href=\"https:\/\/www.facebook.com\/profile.php?id=61557370768692&amp;locale=es_ES\"><img decoding=\"async\" class=\"alignnone size-medium\" src=\"https:\/\/blogger.googleusercontent.com\/img\/b\/R29vZ2xl\/AVvXsEgy5RdcfffrnrItnYTcV9bCJjgJwldsQLWssfVfrLbyfXeBNTFKgBf0rMIvhrUaGUhiXzVr9_eQgCbi-j63ZDpfTvLIty9w7s140y-m1yHe7eKmEK7v2NAHUJDVYGdfeiQFeRCqUjdwWmN1MX_AUxxz4IVdJ4WIM0APxit8bjWkXzrnEFGqBvW_1F13H1g\/s1600\/logo-principal5.jpg\" width=\"100%\" height=\"100\" \/><\/a><!--bestpublic-voz04--><!--desk-in-out-voz04--><br \/>\n<!--publicidad-voz05--><a href=\"https:\/\/www.facebook.com\/asociaciontamborileroshellin?locale=es_ES\"><img decoding=\"async\" class=\"alignnone size-medium\" src=\"https:\/\/blogger.googleusercontent.com\/img\/b\/R29vZ2xl\/AVvXsEhHEEpZsKK1VpwiYMrS7aE2ujtqIDZoLd4B5wtbiseSU9s2HdTdQfhF84So2XwEB1fv0BLw95GADm6hUl1bkKtzh-eIgVigXONuu_5RxeIMPhjk8q6uNX4EaEHbooKkbu7pCADWPpVJjhKIH5NQSJpWqedC-YBez4QAQeJYokkLot9bhrIaUAeztsGis6M\/s1600\/logo-principal3.jpg\" width=\"100%\" height=\"100\" \/><\/a><!--bestpublic-voz05--><!--desk-in-out-voz05--><br \/>\n<!--publicidad-voz06--><!--bestpublic-voz06--><!--desk-in-out-voz06--><br \/>\n<!--publicidad-voz07--><!--bestpublic-voz07--><!--desk-in-out-voz07--><br \/>\n<!--publicidad-voz08--><!--bestpublic-voz08--><!--desk-in-out-voz08--><br \/>\n<!--publicidad-voz09--><!--bestpublic-voz09--><!--desk-in-out-voz09--><br \/>\n<!--publicidad-voz10--><!--bestpublic-voz10--><!--desk-in-out-voz10--><br \/>\n<!--publicidad-voz11--><!--bestpublic-voz11--><!--desk-in-out-voz11--><br \/>\n<!--publicidad-voz12--><!--bestpublic-voz12--><!--desk-in-out-voz12--><br \/>\n<!--publicidad-voz13--><!--bestpublic-voz13--><!--desk-in-out-voz13--><br \/>\n<!--publicidad-voz14--><!--bestpublic-voz14--><!--desk-in-out-voz14--><br \/>\n<!--publicidad-voz15--><!--bestpublic-voz15--><!--desk-in-out-voz15--><br \/>\n<!--publicidad-voz16--><!--bestpublic-voz16--><!--desk-in-out-voz16--><\/p>\n","protected":false},"excerpt":{"rendered":"<p>La Hermandad de Nuestra Se\u00f1ora de la Soledad, tras la reuni\u00f3n celebrada el pasado d\u00eda 14 de Enero de 2024, ha decidido conceder el premio que lleva su nombre a&#8230;<\/p>\n","protected":false},"author":2,"featured_media":149047,"comment_status":"closed","ping_status":"closed","sticky":false,"template":"","format":"standard","meta":{"footnotes":""},"categories":[753,718,715,716,717],"tags":[],"class_list":["post-149046","post","type-post","status-publish","format-standard","has-post-thumbnail","hentry","category-blog-lv034","category-blogger","category-la-voz-de-hellin","category-la-voz-de-hellin-la-voz-de-hellin","category-noticias"],"_links":{"self":[{"href":"https:\/\/lavozdehellin.com\/noticias\/wp-json\/wp\/v2\/posts\/149046","targetHints":{"allow":["GET"]}}],"collection":[{"href":"https:\/\/lavozdehellin.com\/noticias\/wp-json\/wp\/v2\/posts"}],"about":[{"href":"https:\/\/lavozdehellin.com\/noticias\/wp-json\/wp\/v2\/types\/post"}],"author":[{"embeddable":true,"href":"https:\/\/lavozdehellin.com\/noticias\/wp-json\/wp\/v2\/users\/2"}],"replies":[{"embeddable":true,"href":"https:\/\/lavozdehellin.com\/noticias\/wp-json\/wp\/v2\/comments?post=149046"}],"version-history":[{"count":0,"href":"https:\/\/lavozdehellin.com\/noticias\/wp-json\/wp\/v2\/posts\/149046\/revisions"}],"wp:featuredmedia":[{"embeddable":true,"href":"https:\/\/lavozdehellin.com\/noticias\/wp-json\/wp\/v2\/media\/149047"}],"wp:attachment":[{"href":"https:\/\/lavozdehellin.com\/noticias\/wp-json\/wp\/v2\/media?parent=149046"}],"wp:term":[{"taxonomy":"category","embeddable":true,"href":"https:\/\/lavozdehellin.com\/noticias\/wp-json\/wp\/v2\/categories?post=149046"},{"taxonomy":"post_tag","embeddable":true,"href":"https:\/\/lavozdehellin.com\/noticias\/wp-json\/wp\/v2\/tags?post=149046"}],"curies":[{"name":"wp","href":"https:\/\/api.w.org\/{rel}","templated":true}]}}