{"id":149052,"date":"2024-02-20T22:28:02","date_gmt":"2024-02-20T21:28:02","guid":{"rendered":"https:\/\/lavozdehellin.com\/noticias\/?p=149052"},"modified":"2024-03-11T09:49:56","modified_gmt":"2024-03-11T08:49:56","slug":"v08-362-propuesta-de-alcaldia-presidencia-para-la-recuperacion-del-servicio-de-trenes-entre-albacete-y-murcia-por-hellin","status":"publish","type":"post","link":"https:\/\/lavozdehellin.com\/noticias\/v08-362-propuesta-de-alcaldia-presidencia-para-la-recuperacion-del-servicio-de-trenes-entre-albacete-y-murcia-por-hellin\/","title":{"rendered":"LVH NOTICIAS | PROPUESTA DE ALCALD\u00cdA-PRESIDENCIA PARA LA RECUPERACI\u00d3N DEL SERVICIO DE TRENES ENTRE ALBACETE Y MURCIA POR HELL\u00cdN"},"content":{"rendered":"<p style=\"text-align: justify;\">El desarrollo del municipio de Hell\u00edn y las comarcas del sur de Albacete de las que hace cabecera se ha visto afectado debido a las incidencias, interrupciones y eliminaci\u00f3n de servicios ferroviarios, con el caso destacado de la suspensi\u00f3n de la l\u00ednea b\u00e1sica ampliada antes de 2040, y la red global en 2050.<\/p>\n<p><!--more--><br \/>\n<!--publicidad-voz01--><a href=\"https:\/\/www.facebook.com\/SoloRadioHellin\/?locale=es_ES\"><img decoding=\"async\" class=\"alignnone size-medium\" src=\"https:\/\/blogger.googleusercontent.com\/img\/b\/R29vZ2xl\/AVvXsEiNncirNnyGedv00mhjZjh5Wl4_YPdJGanoAl8tL8zH-HwqE8uHqjEfSt340RHdx-9tuCSIkZ8rFamZiGyYlgDGxCsmXjCH_1xk5eYM3ntFZRvJP_jndOKR7w1UAo9Tu0vrZyOLfqRpHIxYI5SymJJ-pfGCQw6QVpggBH-UgfjiFQ2JOxqxG0Jx94kW83c\/s1600\/logo-principal.jpg\" width=\"100%\" height=\"100\" \/><\/a><!--bestpublic-voz01--><!--desk-in-out-voz01--><br \/>\n<!--publicidad-voz02--><a href=\"https:\/\/www.hellincf.com\/\"><img decoding=\"async\" class=\"alignnone size-medium\" src=\"https:\/\/blogger.googleusercontent.com\/img\/b\/R29vZ2xl\/AVvXsEhuZ4-XfBVj3UtdP8-RZugy3WVrg-Zv28c53m4oV47qYCxL1rX_dqWX_YddsGSnpH5SRDqZ7bZeKPIfDVCDncpjVlhy3aQs2vojcJBn7Gdv9hC2_Nzct_pRFrnFE1a7KTCdY1bT_kAgnY3-iadRZrGeJf1fR2P5fu11bokx0pWjaypoy-ctwCjklldpEbA\/s1600\/logo-principal7.jpg\" width=\"100%\" height=\"100\" \/><\/a><!--bestpublic-voz02--><!--desk-in-out-voz02--><\/p>\n<p style=\"text-align: justify;\">El acuerdo destaca el valor estrat\u00e9gico de la l\u00ednea Chinchilla-Cartagena en la conexi\u00f3n de los corredores atl\u00e1ntico y mediterr\u00e1neo, elementos clave en la red transeuropea.<\/p>\n<p style=\"text-align: justify;\">Este acuerdo supone de facto la recuperaci\u00f3n de la l\u00ednea, actualmente cerrada, entre Albacete y Murcia, una reivindicaci\u00f3n en las dos regiones y de los municipios como Hell\u00edn que se encuentra en un punto intermedio.<\/p>\n<p style=\"text-align: justify;\">Renfe anunci\u00f3 que el servicio de Media Distancia entre Albacete y Cartagena con trenes automotor se recuperar\u00eda en el primer trimestre del 2024. Estando ya a las puertas de febrero de 2024, ha llegado dicho momento y no solo es que no exista por parte de ADIF previsi\u00f3n alguna de finalizaci\u00f3n a corto o medio plazo de las obras que motivaron la clausura de las v\u00edas, sino que adem\u00e1s por parte de RENFE se ha ampliado por otros dos a\u00f1os, es decir, hasta 2026, el servicio de autobuses que fue contratado en 2022 para sustituir a los trenes que cubr\u00edan dicho trayecto.<\/p>\n<p style=\"text-align: justify;\">Ante el incumplimiento de los plazos marcados por el Gobierno de Espa\u00f1a y tras el acuerdo provisional entre la Presidencia del Consejo y los negociadores del Parlamento Europeo sobre el Reglamento revisado para la RTE-T, instamos al gobierno a priorizar la mejora y apertura de la l\u00ednea Chinchilla-Cartagena, incluida en dicha red recientemente y que se trate como l\u00ednea prioritaria dentro del marco del Corredor del Mediterr\u00e1neo.<\/p>\n<p style=\"text-align: justify;\">El Gobierno debe cumplir con los compromisos europeos y garantizar el completo desarrollo y apertura de la l\u00ednea ferroviaria Chinchilla-Cartagena. Para asegurar que sea una iniciativa que beneficie a las regiones afectadas y contribuya al desarrollo sostenible del transporte ferroviario en Espa\u00f1a.<\/p>\n<p style=\"text-align: justify;\">Teniendo presente lo anterior, se presenta la siguiente MOCI\u00d3N:<\/p>\n<p style=\"text-align: justify;\">Propuesta de acuerdo:<\/p>\n<p style=\"text-align: justify;\">1. Instar al Gobierno de Espa\u00f1a a la reapertura de la l\u00ednea ferroviaria Cartagena, Murcia y Albacete, pasando por Cieza y Hell\u00edn: Tomar las medidas necesarias para la inmediata reapertura de la l\u00ednea ferroviaria para garantizar la conectividad entre Albacete, Murcia y Cartagena por Hell\u00edn y Cieza; en cumplimiento de los compromisos previos adquiridos. Cartagena-Murcia-Cieza-Hell\u00edn-Albacete.<\/p>\n<p style=\"text-align: justify;\">El aislamiento que este supuso para las regiones y el incumplimiento de los plazos ha llevado a la urgente demanda de reapertura de la l\u00ednea.<\/p>\n<p style=\"text-align: justify;\">En agosto de 2021 se confirm\u00f3 el corte total de la l\u00ednea Murcia-Lorca-\u00c1guilas y parcial entre Chinchilla (Albacete) y Murcia durante tres a\u00f1os, para llevar a cabo las obras del Corredor Mediterr\u00e1neo con Almer\u00eda.<\/p>\n<p style=\"text-align: justify;\">Este corte afectaba a numerosas comarcas, en el caso de la comarca de Campos Hell\u00edn con la comarca Sierra del Segura m\u00e1s de 70.000 habitantes se quedaban sin servicio ferroviario.<\/p>\n<p style=\"text-align: justify;\">El 1 de septiembre de 2022, por una decisi\u00f3n unilateral de Renfe, se eliminaron los servicios y los trenes de la l\u00ednea Cartagena-Murcia-Cieza-Hell\u00edn-Albacete, sustituy\u00e9ndolos por un servicio de autob\u00fas por carretera replicando los horarios y trayectos del servicio ferroviario.<\/p>\n<p style=\"text-align: justify;\">En diciembre de 2023 la Presidencia del Consejo de la Uni\u00f3n Europea lleg\u00f3 a un acuerdo provisional con el Parlamento Europeo para dar luz verde a la revisi\u00f3n del Reglamento de la Red Transeuropea de Transporte (RTE-T).<\/p>\n<p style=\"text-align: justify;\">Su objetivo es impulsar una red de transporte de alta calidad que garantice una conectividad sostenible en toda Europa y para ello, se pone especial atenci\u00f3n en la finalizaci\u00f3n de las secciones transfronterizas de los Corredores Europeos de Transportes, como el Atl\u00e1ntico y el Mediterr\u00e1neo.<\/p>\n<p style=\"text-align: justify;\">Ese conjunto de infraestructuras incluye la l\u00ednea convencional Chinchilla-Cartagena, conexi\u00f3n hist\u00f3rica y demandada entre Madrid y la Regi\u00f3n de Murcia a trav\u00e9s de Albacete, con especial relevancia para Hell\u00edn y su comarca.<\/p>\n<p style=\"text-align: justify;\">El nuevo reglamento fija unos plazos para la finalizaci\u00f3n de las etapas de desarrollo de la RTE-T. La red b\u00e1sica debe completarse antes de 2030, la red<\/p>\n<p style=\"text-align: justify;\">2. Instar al Gobierno de Espa\u00f1a a que priorice la l\u00ednea ferroviaria en el marco del corredor del mediterr\u00e1neo: Solicitar al Gobierno que la l\u00ednea ferroviaria Chinchilla-Cartagena sea una prioridad dentro del marco del Corredor del Mediterr\u00e1neo.<\/p>\n<p style=\"text-align: justify;\">3. Instar al Gobierno de Espa\u00f1a a establecer un servicio ferroviario de conexi\u00f3n y vertebraci\u00f3n de todas las localidades que se sit\u00faan en este eje de comunicaci\u00f3n, con una disponibilidad de servicios, horarios y tiempos de viaje atractiva, no inferior a diez circulaciones diarias, que permita a los ciudadanos de las poblaciones acceder a los grandes centros de actividad de Cartagena, Murcia y Albacete, as\u00ed como posibilitar la conexi\u00f3n fluida entre ellos.<\/p>\n<p style=\"text-align: justify;\">4. Instar al Gobierno de Espa\u00f1a a que con car\u00e1cter inmediato los tr\u00e1mites necesarios (estudios informativos, evaluaciones de impacto ambiental, etc.) para la reconversi\u00f3n de la l\u00ednea Cartagena-Murcia-Albacete por Cieza y Hell\u00edn en una v\u00eda de altas prestaciones, electrificada y de alta velocidad, de acuerdo con los requisitos de la Extended Core de la Red Transeuropea de Transporte (TEN-T Network), para poder cumplir con el calendario marcado por la Uni\u00f3n Europea.<\/p>\n<p style=\"text-align: justify;\">5. Dar traslado del presente acuerdo a la Presidencia del Gobierno de Espa\u00f1a, al Ministerio de Transportes y Movilidad Sostenible, a la Presidencia del Congreso de los Diputados, a la Presidencia del Senado de Espa\u00f1a, a la Presidencia de la Junta de Comunidades de Castilla-La Mancha, al consejero de Fomento de Castilla-La Mancha, a la Presidencia de la Cortes Regionales de Castilla-La Mancha y a la Presidencia de la Diputaci\u00f3n de Albacete.<\/p>\n<p><!--publicidad-voz03--><a href=\"https:\/\/www.facebook.com\/profile.php?id=100063593791305&amp;locale=es_ES\"><img decoding=\"async\" class=\"alignnone size-medium\" src=\"https:\/\/blogger.googleusercontent.com\/img\/b\/R29vZ2xl\/AVvXsEi8_n_ll8UOcGxCqzFvb_9Io4ICczlGC990BPtPj2w9Px-u7B3oqWUW5vtjZUqPNJ-nyjiUIorE0ATsib_l5tV8BVN-UJ03RTnU__IHJF_4DgDBtY4LIqXNG-FomrO-7ywes20CBCRM2Hcm7EJSh3UUw1dO-c_uTflUrtgY1i7uBRezj_DpympmEFkfbQY\/s1600\/logo-principal2.jpg\" width=\"100%\" height=\"100\" \/><\/a><!--bestpublic-voz03--><!--desk-in-out-voz03--><br \/>\n<!--publicidad-voz04--><a href=\"https:\/\/www.facebook.com\/profile.php?id=61557370768692&amp;locale=es_ES\"><img decoding=\"async\" class=\"alignnone size-medium\" src=\"https:\/\/blogger.googleusercontent.com\/img\/b\/R29vZ2xl\/AVvXsEgy5RdcfffrnrItnYTcV9bCJjgJwldsQLWssfVfrLbyfXeBNTFKgBf0rMIvhrUaGUhiXzVr9_eQgCbi-j63ZDpfTvLIty9w7s140y-m1yHe7eKmEK7v2NAHUJDVYGdfeiQFeRCqUjdwWmN1MX_AUxxz4IVdJ4WIM0APxit8bjWkXzrnEFGqBvW_1F13H1g\/s1600\/logo-principal5.jpg\" width=\"100%\" height=\"100\" \/><\/a><!--bestpublic-voz04--><!--desk-in-out-voz04--><br \/>\n<!--publicidad-voz05--><a href=\"https:\/\/www.facebook.com\/asociaciontamborileroshellin?locale=es_ES\"><img decoding=\"async\" class=\"alignnone size-medium\" src=\"https:\/\/blogger.googleusercontent.com\/img\/b\/R29vZ2xl\/AVvXsEhHEEpZsKK1VpwiYMrS7aE2ujtqIDZoLd4B5wtbiseSU9s2HdTdQfhF84So2XwEB1fv0BLw95GADm6hUl1bkKtzh-eIgVigXONuu_5RxeIMPhjk8q6uNX4EaEHbooKkbu7pCADWPpVJjhKIH5NQSJpWqedC-YBez4QAQeJYokkLot9bhrIaUAeztsGis6M\/s1600\/logo-principal3.jpg\" width=\"100%\" height=\"100\" \/><\/a><!--bestpublic-voz05--><!--desk-in-out-voz05--><br \/>\n<!--publicidad-voz06--><!--bestpublic-voz06--><!--desk-in-out-voz06--><br \/>\n<!--publicidad-voz07--><!--bestpublic-voz07--><!--desk-in-out-voz07--><br \/>\n<!--publicidad-voz08--><!--bestpublic-voz08--><!--desk-in-out-voz08--><br \/>\n<!--publicidad-voz09--><!--bestpublic-voz09--><!--desk-in-out-voz09--><br \/>\n<!--publicidad-voz10--><!--bestpublic-voz10--><!--desk-in-out-voz10--><br \/>\n<!--publicidad-voz11--><!--bestpublic-voz11--><!--desk-in-out-voz11--><br \/>\n<!--publicidad-voz12--><!--bestpublic-voz12--><!--desk-in-out-voz12--><br \/>\n<!--publicidad-voz13--><!--bestpublic-voz13--><!--desk-in-out-voz13--><br \/>\n<!--publicidad-voz14--><!--bestpublic-voz14--><!--desk-in-out-voz14--><br \/>\n<!--publicidad-voz15--><!--bestpublic-voz15--><!--desk-in-out-voz15--><br \/>\n<!--publicidad-voz16--><!--bestpublic-voz16--><!--desk-in-out-voz16--><\/p>\n","protected":false},"excerpt":{"rendered":"<p>El desarrollo del municipio de Hell\u00edn y las comarcas del sur de Albacete de las que hace cabecera se ha visto afectado debido a las incidencias, interrupciones y eliminaci\u00f3n de&#8230;<\/p>\n","protected":false},"author":2,"featured_media":149053,"comment_status":"closed","ping_status":"closed","sticky":false,"template":"","format":"standard","meta":{"footnotes":""},"categories":[753,718,715,716,717],"tags":[],"class_list":["post-149052","post","type-post","status-publish","format-standard","has-post-thumbnail","hentry","category-blog-lv034","category-blogger","category-la-voz-de-hellin","category-la-voz-de-hellin-la-voz-de-hellin","category-noticias"],"_links":{"self":[{"href":"https:\/\/lavozdehellin.com\/noticias\/wp-json\/wp\/v2\/posts\/149052","targetHints":{"allow":["GET"]}}],"collection":[{"href":"https:\/\/lavozdehellin.com\/noticias\/wp-json\/wp\/v2\/posts"}],"about":[{"href":"https:\/\/lavozdehellin.com\/noticias\/wp-json\/wp\/v2\/types\/post"}],"author":[{"embeddable":true,"href":"https:\/\/lavozdehellin.com\/noticias\/wp-json\/wp\/v2\/users\/2"}],"replies":[{"embeddable":true,"href":"https:\/\/lavozdehellin.com\/noticias\/wp-json\/wp\/v2\/comments?post=149052"}],"version-history":[{"count":0,"href":"https:\/\/lavozdehellin.com\/noticias\/wp-json\/wp\/v2\/posts\/149052\/revisions"}],"wp:featuredmedia":[{"embeddable":true,"href":"https:\/\/lavozdehellin.com\/noticias\/wp-json\/wp\/v2\/media\/149053"}],"wp:attachment":[{"href":"https:\/\/lavozdehellin.com\/noticias\/wp-json\/wp\/v2\/media?parent=149052"}],"wp:term":[{"taxonomy":"category","embeddable":true,"href":"https:\/\/lavozdehellin.com\/noticias\/wp-json\/wp\/v2\/categories?post=149052"},{"taxonomy":"post_tag","embeddable":true,"href":"https:\/\/lavozdehellin.com\/noticias\/wp-json\/wp\/v2\/tags?post=149052"}],"curies":[{"name":"wp","href":"https:\/\/api.w.org\/{rel}","templated":true}]}}