{"id":149055,"date":"2024-02-21T14:27:40","date_gmt":"2024-02-21T13:27:40","guid":{"rendered":"https:\/\/lavozdehellin.com\/noticias\/?p=149055"},"modified":"2024-03-11T09:49:55","modified_gmt":"2024-03-11T08:49:55","slug":"v08-363-la-asociacion-quierete-que-lucha-contra-el-alcoholismo-y-otras-adicciones-tendra-una-sede-fija-en-hellin","status":"publish","type":"post","link":"https:\/\/lavozdehellin.com\/noticias\/v08-363-la-asociacion-quierete-que-lucha-contra-el-alcoholismo-y-otras-adicciones-tendra-una-sede-fija-en-hellin\/","title":{"rendered":"LVH NOTICIAS | LA ASOCIACI\u00d3N QUI\u00c9RETE, QUE LUCHA CONTRA EL ALCOHOLISMO Y OTRAS ADICCIONES, TENDR\u00c1 UNA SEDE FIJA EN HELL\u00cdN"},"content":{"rendered":"<p style=\"text-align: justify;\">El presidente de la asociaci\u00f3n y su vicepresidente han presentado su iniciativa a la ciudadan\u00eda, que contar\u00e1 con dos dependencias en el Centro del Carmen<\/p>\n<p><!--more--><br \/>\n<!--publicidad-voz01--><a href=\"https:\/\/www.facebook.com\/SoloRadioHellin\/?locale=es_ES\"><img decoding=\"async\" class=\"alignnone size-medium\" src=\"https:\/\/blogger.googleusercontent.com\/img\/b\/R29vZ2xl\/AVvXsEiNncirNnyGedv00mhjZjh5Wl4_YPdJGanoAl8tL8zH-HwqE8uHqjEfSt340RHdx-9tuCSIkZ8rFamZiGyYlgDGxCsmXjCH_1xk5eYM3ntFZRvJP_jndOKR7w1UAo9Tu0vrZyOLfqRpHIxYI5SymJJ-pfGCQw6QVpggBH-UgfjiFQ2JOxqxG0Jx94kW83c\/s1600\/logo-principal.jpg\" width=\"100%\" height=\"100\" \/><\/a><!--bestpublic-voz01--><!--desk-in-out-voz01--><br \/>\n<!--publicidad-voz02--><a href=\"https:\/\/www.hellincf.com\/\"><img decoding=\"async\" class=\"alignnone size-medium\" src=\"https:\/\/blogger.googleusercontent.com\/img\/b\/R29vZ2xl\/AVvXsEhuZ4-XfBVj3UtdP8-RZugy3WVrg-Zv28c53m4oV47qYCxL1rX_dqWX_YddsGSnpH5SRDqZ7bZeKPIfDVCDncpjVlhy3aQs2vojcJBn7Gdv9hC2_Nzct_pRFrnFE1a7KTCdY1bT_kAgnY3-iadRZrGeJf1fR2P5fu11bokx0pWjaypoy-ctwCjklldpEbA\/s1600\/logo-principal7.jpg\" width=\"100%\" height=\"100\" \/><\/a><!--bestpublic-voz02--><!--desk-in-out-voz02--><\/p>\n<p style=\"text-align: justify;\">Antonio Garc\u00eda Vivo, presidente de Qui\u00e9rete, y el vicepresidente -y futuro responsable en Hell\u00edn- David Requena Andreu, acompa\u00f1ados de Miryam Maestre, concejal de Servicios Sociales, han presentado esta ma\u00f1ana su pr\u00f3ximo proyecto, que no es otro que abrir una sede de su colectivo en Hell\u00edn.<\/p>\n<p style=\"text-align: justify;\">A falta de los \u00faltimos tr\u00e1mites administrativos que permitan su apertura oficial, se sabe que se ubicar\u00e1 en el Centro Social del Carmen y que contar\u00e1n con dos salas \u201cuna para los enfermos y otra para los familiares\u201d, ha destacado Garc\u00eda Vivo, \u201clos familiares tienen un papel muy importante en fa asociaci\u00f3n, son los grandes perjudicados, que tambi\u00e9n necesitan terapias para entender la enfermedad y acompa\u00f1ar al enfermo en este largo proceso\u201d. Antonio ha querido agradecer la gran acogida y la buena disposici\u00f3n que ha tenido la iniciativa desde el primer momento por parte del alcalde, la concejal y el personal del servicio.<\/p>\n<p style=\"text-align: justify;\">QUI\u00c9RETE es una asociaci\u00f3n sin \u00e1nimo de lucro que tiene corno objetivos principales: informar, asesorar psicol\u00f3gicamente y rehabilitar de diferentes adicciones: alcohol, ludopat\u00eda, consumo de drogas&#8230; en definitiva, ofrecer ayuda. Para ello cuenta con coordinadores de enfermos y familiares con m\u00e1s de 15 a\u00f1os de experiencia; y trabaja bajo los principios de lealtad, humildad, constancia y ayuda mutua.<\/p>\n<p style=\"text-align: justify;\">En los pr\u00f3ximos d\u00edas dar\u00e1 comienza una campa\u00f1a divulgativa en farmacias, centros de salud y otros espacios, para ir dando a conocer su nuevo espacio en Hell\u00edn, lo que facilitar\u00e1 la atenci\u00f3n a aquellos enfermos de nuestro municipio y de municipios colindantes, que ya no tendr\u00e1n que desplazarse a Albacete para su proceso.<\/p>\n<p><!--publicidad-voz03--><a href=\"https:\/\/www.facebook.com\/profile.php?id=100063593791305&amp;locale=es_ES\"><img decoding=\"async\" class=\"alignnone size-medium\" src=\"https:\/\/blogger.googleusercontent.com\/img\/b\/R29vZ2xl\/AVvXsEi8_n_ll8UOcGxCqzFvb_9Io4ICczlGC990BPtPj2w9Px-u7B3oqWUW5vtjZUqPNJ-nyjiUIorE0ATsib_l5tV8BVN-UJ03RTnU__IHJF_4DgDBtY4LIqXNG-FomrO-7ywes20CBCRM2Hcm7EJSh3UUw1dO-c_uTflUrtgY1i7uBRezj_DpympmEFkfbQY\/s1600\/logo-principal2.jpg\" width=\"100%\" height=\"100\" \/><\/a><!--bestpublic-voz03--><!--desk-in-out-voz03--><br \/>\n<!--publicidad-voz04--><a href=\"https:\/\/www.facebook.com\/profile.php?id=61557370768692&amp;locale=es_ES\"><img decoding=\"async\" class=\"alignnone size-medium\" src=\"https:\/\/blogger.googleusercontent.com\/img\/b\/R29vZ2xl\/AVvXsEgy5RdcfffrnrItnYTcV9bCJjgJwldsQLWssfVfrLbyfXeBNTFKgBf0rMIvhrUaGUhiXzVr9_eQgCbi-j63ZDpfTvLIty9w7s140y-m1yHe7eKmEK7v2NAHUJDVYGdfeiQFeRCqUjdwWmN1MX_AUxxz4IVdJ4WIM0APxit8bjWkXzrnEFGqBvW_1F13H1g\/s1600\/logo-principal5.jpg\" width=\"100%\" height=\"100\" \/><\/a><!--bestpublic-voz04--><!--desk-in-out-voz04--><br \/>\n<!--publicidad-voz05--><a href=\"https:\/\/www.facebook.com\/asociaciontamborileroshellin?locale=es_ES\"><img decoding=\"async\" class=\"alignnone size-medium\" src=\"https:\/\/blogger.googleusercontent.com\/img\/b\/R29vZ2xl\/AVvXsEhHEEpZsKK1VpwiYMrS7aE2ujtqIDZoLd4B5wtbiseSU9s2HdTdQfhF84So2XwEB1fv0BLw95GADm6hUl1bkKtzh-eIgVigXONuu_5RxeIMPhjk8q6uNX4EaEHbooKkbu7pCADWPpVJjhKIH5NQSJpWqedC-YBez4QAQeJYokkLot9bhrIaUAeztsGis6M\/s1600\/logo-principal3.jpg\" width=\"100%\" height=\"100\" \/><\/a><!--bestpublic-voz05--><!--desk-in-out-voz05--><br \/>\n<!--publicidad-voz06--><!--bestpublic-voz06--><!--desk-in-out-voz06--><br \/>\n<!--publicidad-voz07--><!--bestpublic-voz07--><!--desk-in-out-voz07--><br \/>\n<!--publicidad-voz08--><!--bestpublic-voz08--><!--desk-in-out-voz08--><br \/>\n<!--publicidad-voz09--><!--bestpublic-voz09--><!--desk-in-out-voz09--><br \/>\n<!--publicidad-voz10--><!--bestpublic-voz10--><!--desk-in-out-voz10--><br \/>\n<!--publicidad-voz11--><!--bestpublic-voz11--><!--desk-in-out-voz11--><br \/>\n<!--publicidad-voz12--><!--bestpublic-voz12--><!--desk-in-out-voz12--><br \/>\n<!--publicidad-voz13--><!--bestpublic-voz13--><!--desk-in-out-voz13--><br \/>\n<!--publicidad-voz14--><!--bestpublic-voz14--><!--desk-in-out-voz14--><br \/>\n<!--publicidad-voz15--><!--bestpublic-voz15--><!--desk-in-out-voz15--><br \/>\n<!--publicidad-voz16--><!--bestpublic-voz16--><!--desk-in-out-voz16--><\/p>\n","protected":false},"excerpt":{"rendered":"<p>El presidente de la asociaci\u00f3n y su vicepresidente han presentado su iniciativa a la ciudadan\u00eda, que contar\u00e1 con dos dependencias en el Centro del Carmen<\/p>\n","protected":false},"author":2,"featured_media":149056,"comment_status":"closed","ping_status":"closed","sticky":false,"template":"","format":"standard","meta":{"footnotes":""},"categories":[753,718,715,716,717],"tags":[],"class_list":["post-149055","post","type-post","status-publish","format-standard","has-post-thumbnail","hentry","category-blog-lv034","category-blogger","category-la-voz-de-hellin","category-la-voz-de-hellin-la-voz-de-hellin","category-noticias"],"_links":{"self":[{"href":"https:\/\/lavozdehellin.com\/noticias\/wp-json\/wp\/v2\/posts\/149055","targetHints":{"allow":["GET"]}}],"collection":[{"href":"https:\/\/lavozdehellin.com\/noticias\/wp-json\/wp\/v2\/posts"}],"about":[{"href":"https:\/\/lavozdehellin.com\/noticias\/wp-json\/wp\/v2\/types\/post"}],"author":[{"embeddable":true,"href":"https:\/\/lavozdehellin.com\/noticias\/wp-json\/wp\/v2\/users\/2"}],"replies":[{"embeddable":true,"href":"https:\/\/lavozdehellin.com\/noticias\/wp-json\/wp\/v2\/comments?post=149055"}],"version-history":[{"count":0,"href":"https:\/\/lavozdehellin.com\/noticias\/wp-json\/wp\/v2\/posts\/149055\/revisions"}],"wp:featuredmedia":[{"embeddable":true,"href":"https:\/\/lavozdehellin.com\/noticias\/wp-json\/wp\/v2\/media\/149056"}],"wp:attachment":[{"href":"https:\/\/lavozdehellin.com\/noticias\/wp-json\/wp\/v2\/media?parent=149055"}],"wp:term":[{"taxonomy":"category","embeddable":true,"href":"https:\/\/lavozdehellin.com\/noticias\/wp-json\/wp\/v2\/categories?post=149055"},{"taxonomy":"post_tag","embeddable":true,"href":"https:\/\/lavozdehellin.com\/noticias\/wp-json\/wp\/v2\/tags?post=149055"}],"curies":[{"name":"wp","href":"https:\/\/api.w.org\/{rel}","templated":true}]}}