{"id":149061,"date":"2024-02-22T09:58:45","date_gmt":"2024-02-22T08:58:45","guid":{"rendered":"https:\/\/lavozdehellin.com\/noticias\/?p=149061"},"modified":"2024-03-11T09:49:35","modified_gmt":"2024-03-11T08:49:35","slug":"v08-365-el-proximo-dia-1-de-marzo-primer-viernes-del-mes-de-marzo-tendra-lugar-la-tradicional-veneracion-al-cristo-de-medinaceli","status":"publish","type":"post","link":"https:\/\/lavozdehellin.com\/noticias\/v08-365-el-proximo-dia-1-de-marzo-primer-viernes-del-mes-de-marzo-tendra-lugar-la-tradicional-veneracion-al-cristo-de-medinaceli\/","title":{"rendered":"LVH NOTICIAS | EL PR\u00d3XIMO D\u00cdA 1 DE MARZO, PRIMER VIERNES DEL MES DE MARZO, TENDR\u00c1 LUGAR LA TRADICIONAL VENERACI\u00d3N AL CRISTO DE MEDINACELI"},"content":{"rendered":"<p style=\"text-align: justify;\">ARCHICOFRADIA DE NTRO. PADRE JES\u00daS DE MEDINACELI<\/p>\n<p><!--more--><br \/>\n<!--publicidad-voz01--><a href=\"https:\/\/www.facebook.com\/SoloRadioHellin\/?locale=es_ES\"><img decoding=\"async\" class=\"alignnone size-medium\" src=\"https:\/\/blogger.googleusercontent.com\/img\/b\/R29vZ2xl\/AVvXsEiNncirNnyGedv00mhjZjh5Wl4_YPdJGanoAl8tL8zH-HwqE8uHqjEfSt340RHdx-9tuCSIkZ8rFamZiGyYlgDGxCsmXjCH_1xk5eYM3ntFZRvJP_jndOKR7w1UAo9Tu0vrZyOLfqRpHIxYI5SymJJ-pfGCQw6QVpggBH-UgfjiFQ2JOxqxG0Jx94kW83c\/s1600\/logo-principal.jpg\" width=\"100%\" height=\"100\" \/><\/a><!--bestpublic-voz01--><!--desk-in-out-voz01--><br \/>\n<!--publicidad-voz02--><a href=\"https:\/\/www.hellincf.com\/\"><img decoding=\"async\" class=\"alignnone size-medium\" src=\"https:\/\/blogger.googleusercontent.com\/img\/b\/R29vZ2xl\/AVvXsEhuZ4-XfBVj3UtdP8-RZugy3WVrg-Zv28c53m4oV47qYCxL1rX_dqWX_YddsGSnpH5SRDqZ7bZeKPIfDVCDncpjVlhy3aQs2vojcJBn7Gdv9hC2_Nzct_pRFrnFE1a7KTCdY1bT_kAgnY3-iadRZrGeJf1fR2P5fu11bokx0pWjaypoy-ctwCjklldpEbA\/s1600\/logo-principal7.jpg\" width=\"100%\" height=\"100\" \/><\/a><!--bestpublic-voz02--><!--desk-in-out-voz02--><\/p>\n<p style=\"text-align: justify;\">NOTA DE PRENSA<\/p>\n<p style=\"text-align: justify;\">CELEBRACIONES PRIMER VIERNES DE MARZO<\/p>\n<p style=\"text-align: justify;\">El pr\u00f3ximo d\u00eda 1 de marzo, primer viernes del mes de marzo, tendr\u00e1 lugar la tradicional veneraci\u00f3n al Cristo de Medinaceli, en la Parroquia de San Roque.<\/p>\n<p style=\"text-align: justify;\">Como preparaci\u00f3n se va a celebrar un triduo a Jes\u00fas de Medinaceli, los d\u00edas 28 y 29 de febrero en la Eucarist\u00eda de las 7 de la tarde, y el d\u00eda 1 de marzo en la Eucarist\u00eda de las 10:00 de la ma\u00f1ana.<\/p>\n<p style=\"text-align: justify;\">El viernes, d\u00eda 1, la Iglesia permanecer\u00e1 abierta desde las 8 de la ma\u00f1ana a las 12 de la noche, para que todos los fieles y devotos que lo deseen puedan realizar la tradicional visita. Una fecha que para los hellineros est\u00e1 marcada en rojo en nuestro calendario devocional. Una intensa jornada que vivir\u00e1 la ciudad a los pies del Cristo de Medinaceli.<\/p>\n<p style=\"text-align: justify;\">El s\u00e1bado d\u00eda 2, a las 7 de la tarde, la Cofrad\u00eda celebra una Misa de Hermandad, a la que todos los cofrades y devotos est\u00e1n invitados a participar.<\/p>\n<p style=\"text-align: justify;\">Al final de la Eucarist\u00eda se llevar\u00e1 a cabo el acto de acogida de los nuevos cofrades y de los nuevos hermanos nazarenos. A los que se incorporan como Cofrades, el Hermano Mayor les har\u00e1 entrega del emblema de nuestra cofrad\u00eda, la Cruz Trinitaria.<\/p>\n<p style=\"text-align: justify;\">Y a los que se incorporan como Hermanos Nazarenos, tambi\u00e9n el Hermano Mayor, les har\u00e1 entrega de una Medalla con el rostro del Cristo de Medinaceli.<\/p>\n<p style=\"text-align: justify;\">El domingo d\u00eda 3, a las 17:00 horas, como ya es tradicional, tendr\u00e1 lugar la procesi\u00f3n al Calvario con la imagen del Cristo de Medinaceli. Al regreso, una vez finalizada la procesi\u00f3n, habr\u00e1 celebraci\u00f3n de la Eucarist\u00eda.<\/p>\n<p style=\"text-align: justify;\">El Cristo de Medinaceli espera ya a todos los hellineros, cofrades, devotos y visitantes, que como cada a\u00f1o se mantendr\u00e1n fieles a su encuentro de cada primer viernes de marzo.<\/p>\n<p><!--publicidad-voz03--><a href=\"https:\/\/www.facebook.com\/profile.php?id=100063593791305&amp;locale=es_ES\"><img decoding=\"async\" class=\"alignnone size-medium\" src=\"https:\/\/blogger.googleusercontent.com\/img\/b\/R29vZ2xl\/AVvXsEi8_n_ll8UOcGxCqzFvb_9Io4ICczlGC990BPtPj2w9Px-u7B3oqWUW5vtjZUqPNJ-nyjiUIorE0ATsib_l5tV8BVN-UJ03RTnU__IHJF_4DgDBtY4LIqXNG-FomrO-7ywes20CBCRM2Hcm7EJSh3UUw1dO-c_uTflUrtgY1i7uBRezj_DpympmEFkfbQY\/s1600\/logo-principal2.jpg\" width=\"100%\" height=\"100\" \/><\/a><!--bestpublic-voz03--><!--desk-in-out-voz03--><br \/>\n<!--publicidad-voz04--><a href=\"https:\/\/www.facebook.com\/profile.php?id=61557370768692&amp;locale=es_ES\"><img decoding=\"async\" class=\"alignnone size-medium\" src=\"https:\/\/blogger.googleusercontent.com\/img\/b\/R29vZ2xl\/AVvXsEgy5RdcfffrnrItnYTcV9bCJjgJwldsQLWssfVfrLbyfXeBNTFKgBf0rMIvhrUaGUhiXzVr9_eQgCbi-j63ZDpfTvLIty9w7s140y-m1yHe7eKmEK7v2NAHUJDVYGdfeiQFeRCqUjdwWmN1MX_AUxxz4IVdJ4WIM0APxit8bjWkXzrnEFGqBvW_1F13H1g\/s1600\/logo-principal5.jpg\" width=\"100%\" height=\"100\" \/><\/a><!--bestpublic-voz04--><!--desk-in-out-voz04--><br \/>\n<!--publicidad-voz05--><a href=\"https:\/\/www.facebook.com\/asociaciontamborileroshellin?locale=es_ES\"><img decoding=\"async\" class=\"alignnone size-medium\" src=\"https:\/\/blogger.googleusercontent.com\/img\/b\/R29vZ2xl\/AVvXsEhHEEpZsKK1VpwiYMrS7aE2ujtqIDZoLd4B5wtbiseSU9s2HdTdQfhF84So2XwEB1fv0BLw95GADm6hUl1bkKtzh-eIgVigXONuu_5RxeIMPhjk8q6uNX4EaEHbooKkbu7pCADWPpVJjhKIH5NQSJpWqedC-YBez4QAQeJYokkLot9bhrIaUAeztsGis6M\/s1600\/logo-principal3.jpg\" width=\"100%\" height=\"100\" \/><\/a><!--bestpublic-voz05--><!--desk-in-out-voz05--><br \/>\n<!--publicidad-voz06--><!--bestpublic-voz06--><!--desk-in-out-voz06--><br \/>\n<!--publicidad-voz07--><!--bestpublic-voz07--><!--desk-in-out-voz07--><br \/>\n<!--publicidad-voz08--><!--bestpublic-voz08--><!--desk-in-out-voz08--><br \/>\n<!--publicidad-voz09--><!--bestpublic-voz09--><!--desk-in-out-voz09--><br \/>\n<!--publicidad-voz10--><!--bestpublic-voz10--><!--desk-in-out-voz10--><br \/>\n<!--publicidad-voz11--><!--bestpublic-voz11--><!--desk-in-out-voz11--><br \/>\n<!--publicidad-voz12--><!--bestpublic-voz12--><!--desk-in-out-voz12--><br \/>\n<!--publicidad-voz13--><!--bestpublic-voz13--><!--desk-in-out-voz13--><br \/>\n<!--publicidad-voz14--><!--bestpublic-voz14--><!--desk-in-out-voz14--><br \/>\n<!--publicidad-voz15--><!--bestpublic-voz15--><!--desk-in-out-voz15--><br \/>\n<!--publicidad-voz16--><!--bestpublic-voz16--><!--desk-in-out-voz16--><\/p>\n","protected":false},"excerpt":{"rendered":"<p>ARCHICOFRADIA DE NTRO. PADRE JES\u00daS DE MEDINACELI<\/p>\n","protected":false},"author":2,"featured_media":149062,"comment_status":"closed","ping_status":"closed","sticky":false,"template":"","format":"standard","meta":{"footnotes":""},"categories":[753,718,715,716,717],"tags":[],"class_list":["post-149061","post","type-post","status-publish","format-standard","has-post-thumbnail","hentry","category-blog-lv034","category-blogger","category-la-voz-de-hellin","category-la-voz-de-hellin-la-voz-de-hellin","category-noticias"],"_links":{"self":[{"href":"https:\/\/lavozdehellin.com\/noticias\/wp-json\/wp\/v2\/posts\/149061","targetHints":{"allow":["GET"]}}],"collection":[{"href":"https:\/\/lavozdehellin.com\/noticias\/wp-json\/wp\/v2\/posts"}],"about":[{"href":"https:\/\/lavozdehellin.com\/noticias\/wp-json\/wp\/v2\/types\/post"}],"author":[{"embeddable":true,"href":"https:\/\/lavozdehellin.com\/noticias\/wp-json\/wp\/v2\/users\/2"}],"replies":[{"embeddable":true,"href":"https:\/\/lavozdehellin.com\/noticias\/wp-json\/wp\/v2\/comments?post=149061"}],"version-history":[{"count":0,"href":"https:\/\/lavozdehellin.com\/noticias\/wp-json\/wp\/v2\/posts\/149061\/revisions"}],"wp:featuredmedia":[{"embeddable":true,"href":"https:\/\/lavozdehellin.com\/noticias\/wp-json\/wp\/v2\/media\/149062"}],"wp:attachment":[{"href":"https:\/\/lavozdehellin.com\/noticias\/wp-json\/wp\/v2\/media?parent=149061"}],"wp:term":[{"taxonomy":"category","embeddable":true,"href":"https:\/\/lavozdehellin.com\/noticias\/wp-json\/wp\/v2\/categories?post=149061"},{"taxonomy":"post_tag","embeddable":true,"href":"https:\/\/lavozdehellin.com\/noticias\/wp-json\/wp\/v2\/tags?post=149061"}],"curies":[{"name":"wp","href":"https:\/\/api.w.org\/{rel}","templated":true}]}}