{"id":149064,"date":"2024-02-22T15:53:04","date_gmt":"2024-02-22T14:53:04","guid":{"rendered":"https:\/\/lavozdehellin.com\/noticias\/?p=149064"},"modified":"2024-03-11T09:49:35","modified_gmt":"2024-03-11T08:49:35","slug":"v08-366-el-convento-de-los-franciscanos-de-hellin-sera-el-motivo-de-los-decimos-de-loteria-nacional","status":"publish","type":"post","link":"https:\/\/lavozdehellin.com\/noticias\/v08-366-el-convento-de-los-franciscanos-de-hellin-sera-el-motivo-de-los-decimos-de-loteria-nacional\/","title":{"rendered":"LVH NOTICIAS | EL CONVENTO DE LOS FRANCISCANOS DE HELL\u00cdN SER\u00c1 EL MOTIVO DE LOS D\u00c9CIMOS DE LOTER\u00cdA NACIONAL"},"content":{"rendered":"<p style=\"text-align: justify;\">El interior del convento ser\u00e1 la imagen de los 6 millones de billetes que se pondr\u00e1n en circulaci\u00f3n para el sorteo del pr\u00f3ximo 7 de marzo<\/p>\n<p><!--more--><br \/>\n<!--publicidad-voz01--><a href=\"https:\/\/www.facebook.com\/SoloRadioHellin\/?locale=es_ES\"><img decoding=\"async\" class=\"alignnone size-medium\" src=\"https:\/\/blogger.googleusercontent.com\/img\/b\/R29vZ2xl\/AVvXsEiNncirNnyGedv00mhjZjh5Wl4_YPdJGanoAl8tL8zH-HwqE8uHqjEfSt340RHdx-9tuCSIkZ8rFamZiGyYlgDGxCsmXjCH_1xk5eYM3ntFZRvJP_jndOKR7w1UAo9Tu0vrZyOLfqRpHIxYI5SymJJ-pfGCQw6QVpggBH-UgfjiFQ2JOxqxG0Jx94kW83c\/s1600\/logo-principal.jpg\" width=\"100%\" height=\"100\" \/><\/a><!--bestpublic-voz01--><!--desk-in-out-voz01--><br \/>\n<!--publicidad-voz02--><a href=\"https:\/\/www.hellincf.com\/\"><img decoding=\"async\" class=\"alignnone size-medium\" src=\"https:\/\/blogger.googleusercontent.com\/img\/b\/R29vZ2xl\/AVvXsEhuZ4-XfBVj3UtdP8-RZugy3WVrg-Zv28c53m4oV47qYCxL1rX_dqWX_YddsGSnpH5SRDqZ7bZeKPIfDVCDncpjVlhy3aQs2vojcJBn7Gdv9hC2_Nzct_pRFrnFE1a7KTCdY1bT_kAgnY3-iadRZrGeJf1fR2P5fu11bokx0pWjaypoy-ctwCjklldpEbA\/s1600\/logo-principal7.jpg\" width=\"100%\" height=\"100\" \/><\/a><!--bestpublic-voz02--><!--desk-in-out-voz02--><\/p>\n<p style=\"text-align: justify;\">Loter\u00edas y Apuestas del Estado dedicar\u00e1 el d\u00e9cimo de Loter\u00eda Nacional del jueves 7 de marzo al Convento de los Franciscanos de Hell\u00edn, merced al quinientos aniversario del inicio de la presencia franciscana en nuestra ciudad.<\/p>\n<p style=\"text-align: justify;\">Dentro de su compromiso con la cultura, Loter\u00edas se suma a la conmemoraci\u00f3n de este V Centenario con un d\u00e9cimo que muestra la capilla del convento, junto con el logo dise\u00f1ado para esta efem\u00e9ride. Se trata de un ejemplo de la apuesta de Loter\u00edas por la difusi\u00f3n del rico patrimonio hist\u00f3rico-art\u00edstico espa\u00f1ol en todas sus formas y manifestaciones.<\/p>\n<p style=\"text-align: justify;\">En concreto, el objetivo del d\u00e9cimo del 7 de marzo es poner de relieve la singularidad de una de nuestras joyas arquitect\u00f3nicas, que ha formado parte del devenir hist\u00f3rico de esta ciudad durante los \u00faltimos 500 a\u00f1os. Completamente restaurado, este edificio constituye hoy una muestra del esfuerzo compartido por recuperar el patrimonio de nuestro pa\u00eds, algo que coincide plenamente con los valores de Loter\u00edas.<\/p>\n<p style=\"text-align: justify;\">La presentaci\u00f3n del d\u00e9cimo, que se ha llevado a cabo en el sal\u00f3n de Plenos del Consistorio Municipal, ha corrido a cargo del alcalde de Hell\u00edn, Manuel Serena, quien ha estado acompa\u00f1ado por Juanfran Garc\u00eda Salmer\u00f3n, presidente de la cofrad\u00eda de la Inmaculada.<\/p>\n<p style=\"text-align: justify;\">Para el Sorteo de Loter\u00eda Nacional se han puesto a la venta un total de 6 millones de d\u00e9cimos en los puntos de venta de Loter\u00edas y Apuestas del Estado, lo que permitir\u00e1 que el V Centenario del Convento de los Franciscanos de Hell\u00edn sea conocido en toda Espa\u00f1a. Este Sorteo repartir\u00e1 12,6 millones de euros en premios, entre los que destacan un primer premio con 30.000 \u20ac por d\u00e9cimo y el segundo premio con 6.000 \u20ac por d\u00e9cimo.<\/p>\n<p><!--publicidad-voz03--><a href=\"https:\/\/www.facebook.com\/profile.php?id=100063593791305&amp;locale=es_ES\"><img decoding=\"async\" class=\"alignnone size-medium\" src=\"https:\/\/blogger.googleusercontent.com\/img\/b\/R29vZ2xl\/AVvXsEi8_n_ll8UOcGxCqzFvb_9Io4ICczlGC990BPtPj2w9Px-u7B3oqWUW5vtjZUqPNJ-nyjiUIorE0ATsib_l5tV8BVN-UJ03RTnU__IHJF_4DgDBtY4LIqXNG-FomrO-7ywes20CBCRM2Hcm7EJSh3UUw1dO-c_uTflUrtgY1i7uBRezj_DpympmEFkfbQY\/s1600\/logo-principal2.jpg\" width=\"100%\" height=\"100\" \/><\/a><!--bestpublic-voz03--><!--desk-in-out-voz03--><br \/>\n<!--publicidad-voz04--><a href=\"https:\/\/www.facebook.com\/profile.php?id=61557370768692&amp;locale=es_ES\"><img decoding=\"async\" class=\"alignnone size-medium\" src=\"https:\/\/blogger.googleusercontent.com\/img\/b\/R29vZ2xl\/AVvXsEgy5RdcfffrnrItnYTcV9bCJjgJwldsQLWssfVfrLbyfXeBNTFKgBf0rMIvhrUaGUhiXzVr9_eQgCbi-j63ZDpfTvLIty9w7s140y-m1yHe7eKmEK7v2NAHUJDVYGdfeiQFeRCqUjdwWmN1MX_AUxxz4IVdJ4WIM0APxit8bjWkXzrnEFGqBvW_1F13H1g\/s1600\/logo-principal5.jpg\" width=\"100%\" height=\"100\" \/><\/a><!--bestpublic-voz04--><!--desk-in-out-voz04--><br \/>\n<!--publicidad-voz05--><a href=\"https:\/\/www.facebook.com\/asociaciontamborileroshellin?locale=es_ES\"><img decoding=\"async\" class=\"alignnone size-medium\" src=\"https:\/\/blogger.googleusercontent.com\/img\/b\/R29vZ2xl\/AVvXsEhHEEpZsKK1VpwiYMrS7aE2ujtqIDZoLd4B5wtbiseSU9s2HdTdQfhF84So2XwEB1fv0BLw95GADm6hUl1bkKtzh-eIgVigXONuu_5RxeIMPhjk8q6uNX4EaEHbooKkbu7pCADWPpVJjhKIH5NQSJpWqedC-YBez4QAQeJYokkLot9bhrIaUAeztsGis6M\/s1600\/logo-principal3.jpg\" width=\"100%\" height=\"100\" \/><\/a><!--bestpublic-voz05--><!--desk-in-out-voz05--><br \/>\n<!--publicidad-voz06--><!--bestpublic-voz06--><!--desk-in-out-voz06--><br \/>\n<!--publicidad-voz07--><!--bestpublic-voz07--><!--desk-in-out-voz07--><br \/>\n<!--publicidad-voz08--><!--bestpublic-voz08--><!--desk-in-out-voz08--><br \/>\n<!--publicidad-voz09--><!--bestpublic-voz09--><!--desk-in-out-voz09--><br \/>\n<!--publicidad-voz10--><!--bestpublic-voz10--><!--desk-in-out-voz10--><br \/>\n<!--publicidad-voz11--><!--bestpublic-voz11--><!--desk-in-out-voz11--><br \/>\n<!--publicidad-voz12--><!--bestpublic-voz12--><!--desk-in-out-voz12--><br \/>\n<!--publicidad-voz13--><!--bestpublic-voz13--><!--desk-in-out-voz13--><br \/>\n<!--publicidad-voz14--><!--bestpublic-voz14--><!--desk-in-out-voz14--><br \/>\n<!--publicidad-voz15--><!--bestpublic-voz15--><!--desk-in-out-voz15--><br \/>\n<!--publicidad-voz16--><!--bestpublic-voz16--><!--desk-in-out-voz16--><\/p>\n","protected":false},"excerpt":{"rendered":"<p>El interior del convento ser\u00e1 la imagen de los 6 millones de billetes que se pondr\u00e1n en circulaci\u00f3n para el sorteo del pr\u00f3ximo 7 de marzo<\/p>\n","protected":false},"author":2,"featured_media":149065,"comment_status":"closed","ping_status":"closed","sticky":false,"template":"","format":"standard","meta":{"footnotes":""},"categories":[753,718,715,716,717],"tags":[],"class_list":["post-149064","post","type-post","status-publish","format-standard","has-post-thumbnail","hentry","category-blog-lv034","category-blogger","category-la-voz-de-hellin","category-la-voz-de-hellin-la-voz-de-hellin","category-noticias"],"_links":{"self":[{"href":"https:\/\/lavozdehellin.com\/noticias\/wp-json\/wp\/v2\/posts\/149064","targetHints":{"allow":["GET"]}}],"collection":[{"href":"https:\/\/lavozdehellin.com\/noticias\/wp-json\/wp\/v2\/posts"}],"about":[{"href":"https:\/\/lavozdehellin.com\/noticias\/wp-json\/wp\/v2\/types\/post"}],"author":[{"embeddable":true,"href":"https:\/\/lavozdehellin.com\/noticias\/wp-json\/wp\/v2\/users\/2"}],"replies":[{"embeddable":true,"href":"https:\/\/lavozdehellin.com\/noticias\/wp-json\/wp\/v2\/comments?post=149064"}],"version-history":[{"count":0,"href":"https:\/\/lavozdehellin.com\/noticias\/wp-json\/wp\/v2\/posts\/149064\/revisions"}],"wp:featuredmedia":[{"embeddable":true,"href":"https:\/\/lavozdehellin.com\/noticias\/wp-json\/wp\/v2\/media\/149065"}],"wp:attachment":[{"href":"https:\/\/lavozdehellin.com\/noticias\/wp-json\/wp\/v2\/media?parent=149064"}],"wp:term":[{"taxonomy":"category","embeddable":true,"href":"https:\/\/lavozdehellin.com\/noticias\/wp-json\/wp\/v2\/categories?post=149064"},{"taxonomy":"post_tag","embeddable":true,"href":"https:\/\/lavozdehellin.com\/noticias\/wp-json\/wp\/v2\/tags?post=149064"}],"curies":[{"name":"wp","href":"https:\/\/api.w.org\/{rel}","templated":true}]}}