{"id":149080,"date":"2024-02-26T09:29:04","date_gmt":"2024-02-26T08:29:04","guid":{"rendered":"https:\/\/lavozdehellin.com\/noticias\/?p=149080"},"modified":"2024-03-11T09:49:34","modified_gmt":"2024-03-11T08:49:34","slug":"v08-371-la-guardia-civil-de-albacete-investiga-a-una-persona-por-la-caza-ilegal-de-un-ejemplar-de-cabra-montes","status":"publish","type":"post","link":"https:\/\/lavozdehellin.com\/noticias\/v08-371-la-guardia-civil-de-albacete-investiga-a-una-persona-por-la-caza-ilegal-de-un-ejemplar-de-cabra-montes\/","title":{"rendered":"LVH NOTICIAS | LA GUARDIA CIVIL DE ALBACETE INVESTIGA A UNA PERSONA POR LA CAZA ILEGAL DE UN EJEMPLAR DE CABRA MONT\u00c9S"},"content":{"rendered":"<p style=\"text-align: justify;\">Los hechos sucedieron en noviembre de 2023 un coto de caza de Vianos (Albacete)<\/p>\n<p><!--more--><br \/>\n<!--publicidad-voz01--><a href=\"https:\/\/www.facebook.com\/SoloRadioHellin\/?locale=es_ES\"><img decoding=\"async\" class=\"alignnone size-medium\" src=\"https:\/\/blogger.googleusercontent.com\/img\/b\/R29vZ2xl\/AVvXsEiNncirNnyGedv00mhjZjh5Wl4_YPdJGanoAl8tL8zH-HwqE8uHqjEfSt340RHdx-9tuCSIkZ8rFamZiGyYlgDGxCsmXjCH_1xk5eYM3ntFZRvJP_jndOKR7w1UAo9Tu0vrZyOLfqRpHIxYI5SymJJ-pfGCQw6QVpggBH-UgfjiFQ2JOxqxG0Jx94kW83c\/s1600\/logo-principal.jpg\" width=\"100%\" height=\"100\" \/><\/a><!--bestpublic-voz01--><!--desk-in-out-voz01--><br \/>\n<!--publicidad-voz02--><a href=\"https:\/\/www.hellincf.com\/\"><img decoding=\"async\" class=\"alignnone size-medium\" src=\"https:\/\/blogger.googleusercontent.com\/img\/b\/R29vZ2xl\/AVvXsEhuZ4-XfBVj3UtdP8-RZugy3WVrg-Zv28c53m4oV47qYCxL1rX_dqWX_YddsGSnpH5SRDqZ7bZeKPIfDVCDncpjVlhy3aQs2vojcJBn7Gdv9hC2_Nzct_pRFrnFE1a7KTCdY1bT_kAgnY3-iadRZrGeJf1fR2P5fu11bokx0pWjaypoy-ctwCjklldpEbA\/s1600\/logo-principal7.jpg\" width=\"100%\" height=\"100\" \/><\/a><!--bestpublic-voz02--><!--desk-in-out-voz02--><\/p>\n<p style=\"text-align: justify;\">El cotejo del ADN de los restos de sangre del animal hallados en el lugar de su muerte con los recogidos donde apareci\u00f3 oculto result\u00f3 coincidente<\/p>\n<p style=\"text-align: justify;\">Efectivos de la Patrulla de Protecci\u00f3n de la Naturaleza (PAPRONA) de la Guardia Civil de Alcaraz, pertenecientes al Servicio de Protecci\u00f3n de la Naturaleza (SEPRONA) de la Comandancia albacete\u00f1a, han investigado a un vecino de la localidad jienense de Castellar, de 25 a\u00f1os de edad, como presunto autor de un delito contra la flora y fauna, por cazar, de forma ilegal, un macho de cabra mont\u00e9s (Capra Pyrenaica)<\/p>\n<p style=\"text-align: justify;\">Investigaciones<\/p>\n<p style=\"text-align: justify;\">El pasado mes de noviembre de 2023, cuando los agentes del SEPRONA realizaban labores de vigilancia para prevenir posibles delitos contra la flora y fauna por un camino vecinal que discurre por varios cotos de caza, dentro del t\u00e9rmino municipal de Vianos (Albacete), observaron una mancha de sangre reciente en la orilla del camino, as\u00ed como marcas de arrastre, supuestamente de alguna pieza de caza mayor, que se dirig\u00edan hacia una ladera, sin lograr localizar ninguna pieza de caza.<\/p>\n<p style=\"text-align: justify;\">Posteriormente, en la localidad de Vianos, los mismos agentes identificaron a los ocupantes de un veh\u00edculo todo terreno que, aparte de mostrarse muy nerviosos, llevaban manchas de sangre en sus botas y pantalones. Al revisar el veh\u00edculo, los agentes tambi\u00e9n localizaron manchas de sangre en el interior del maletero, manifestando uno de ellos que a medio d\u00eda hab\u00edan abatido en su coto de caza un ejemplar de macho mont\u00e9s.<\/p>\n<p style=\"text-align: justify;\">Trasladados en compa\u00f1\u00eda de estas personas hasta el lugar donde se encontraba el macho mont\u00e9s, se observ\u00f3 al esp\u00e9cimen oculto entre la maleza, en un lugar de dif\u00edcil acceso, encontr\u00e1ndose con orificios de entrada y salida de un proyectil, no apreci\u00e1ndose resto de sangre o marcas de arrastre, evidenciando que el animal hab\u00eda sido trasladado desde el lugar donde realmente hab\u00eda sido abatido.<\/p>\n<p style=\"text-align: justify;\">Ante estas circunstancias, los agentes sospecharon que el animal hab\u00eda sido abatido en un coto donde el cazador carec\u00eda de autorizaci\u00f3n de su titular, lo que constituye en delito contra la flora y fauna, y, posteriormente, hab\u00eda sido trasladado hasta el lugar donde se encontraba oculto, correspondiente a otro acotado de caza donde s\u00ed dispon\u00eda de tal permiso; por lo que tomaron diversas muestras biol\u00f3gicas.<\/p>\n<p style=\"text-align: justify;\">Adem\u00e1s, en esta actuaci\u00f3n se intervinieron un rifle del calibre 300, un visor telesc\u00f3pico, una linterna de largo alcance y un visor monocular t\u00e9rmico, este \u00faltimo fundamental para la caza nocturna.<\/p>\n<p style=\"text-align: justify;\">Muestras gen\u00e9ticas de la sangre coincidentes<\/p>\n<p style=\"text-align: justify;\">Las muestras de sangre halladas en el terreno cineg\u00e9tico donde al parecer fue abatido el animal y las recogidas donde apareci\u00f3 oculto, correspondiente a otro coto de caza distinto, se remitieron, para su cotejo, al Servicio de Criminal\u00edstica del Cuerpo, cuyos informes revelaron la coincidencia del perfil gen\u00e9tico de ambas muestras; por lo que se procedi\u00f3 a investigar a la persona que hab\u00eda abatido al animal por un delito contra la flora y fauna.<\/p>\n<p style=\"text-align: justify;\">Diligencias \/ investigado<\/p>\n<p style=\"text-align: justify;\">Las diligencias instruidas por la PAPRONA de la Benem\u00e9rita de Alcaraz se han puesto a disposici\u00f3n del Juzgado de Instrucci\u00f3n de esa misma localidad que ha entendido de las actuaciones.<\/p>\n<p><!--publicidad-voz03--><a href=\"https:\/\/www.facebook.com\/profile.php?id=100063593791305&amp;locale=es_ES\"><img decoding=\"async\" class=\"alignnone size-medium\" src=\"https:\/\/blogger.googleusercontent.com\/img\/b\/R29vZ2xl\/AVvXsEi8_n_ll8UOcGxCqzFvb_9Io4ICczlGC990BPtPj2w9Px-u7B3oqWUW5vtjZUqPNJ-nyjiUIorE0ATsib_l5tV8BVN-UJ03RTnU__IHJF_4DgDBtY4LIqXNG-FomrO-7ywes20CBCRM2Hcm7EJSh3UUw1dO-c_uTflUrtgY1i7uBRezj_DpympmEFkfbQY\/s1600\/logo-principal2.jpg\" width=\"100%\" height=\"100\" \/><\/a><!--bestpublic-voz03--><!--desk-in-out-voz03--><br \/>\n<!--publicidad-voz04--><a href=\"https:\/\/www.facebook.com\/profile.php?id=61557370768692&amp;locale=es_ES\"><img decoding=\"async\" class=\"alignnone size-medium\" src=\"https:\/\/blogger.googleusercontent.com\/img\/b\/R29vZ2xl\/AVvXsEgy5RdcfffrnrItnYTcV9bCJjgJwldsQLWssfVfrLbyfXeBNTFKgBf0rMIvhrUaGUhiXzVr9_eQgCbi-j63ZDpfTvLIty9w7s140y-m1yHe7eKmEK7v2NAHUJDVYGdfeiQFeRCqUjdwWmN1MX_AUxxz4IVdJ4WIM0APxit8bjWkXzrnEFGqBvW_1F13H1g\/s1600\/logo-principal5.jpg\" width=\"100%\" height=\"100\" \/><\/a><!--bestpublic-voz04--><!--desk-in-out-voz04--><br \/>\n<!--publicidad-voz05--><a href=\"https:\/\/www.facebook.com\/asociaciontamborileroshellin?locale=es_ES\"><img decoding=\"async\" class=\"alignnone size-medium\" src=\"https:\/\/blogger.googleusercontent.com\/img\/b\/R29vZ2xl\/AVvXsEhHEEpZsKK1VpwiYMrS7aE2ujtqIDZoLd4B5wtbiseSU9s2HdTdQfhF84So2XwEB1fv0BLw95GADm6hUl1bkKtzh-eIgVigXONuu_5RxeIMPhjk8q6uNX4EaEHbooKkbu7pCADWPpVJjhKIH5NQSJpWqedC-YBez4QAQeJYokkLot9bhrIaUAeztsGis6M\/s1600\/logo-principal3.jpg\" width=\"100%\" height=\"100\" \/><\/a><!--bestpublic-voz05--><!--desk-in-out-voz05--><br \/>\n<!--publicidad-voz06--><!--bestpublic-voz06--><!--desk-in-out-voz06--><br \/>\n<!--publicidad-voz07--><!--bestpublic-voz07--><!--desk-in-out-voz07--><br \/>\n<!--publicidad-voz08--><!--bestpublic-voz08--><!--desk-in-out-voz08--><br \/>\n<!--publicidad-voz09--><!--bestpublic-voz09--><!--desk-in-out-voz09--><br \/>\n<!--publicidad-voz10--><!--bestpublic-voz10--><!--desk-in-out-voz10--><br \/>\n<!--publicidad-voz11--><!--bestpublic-voz11--><!--desk-in-out-voz11--><br \/>\n<!--publicidad-voz12--><!--bestpublic-voz12--><!--desk-in-out-voz12--><br \/>\n<!--publicidad-voz13--><!--bestpublic-voz13--><!--desk-in-out-voz13--><br \/>\n<!--publicidad-voz14--><!--bestpublic-voz14--><!--desk-in-out-voz14--><br \/>\n<!--publicidad-voz15--><!--bestpublic-voz15--><!--desk-in-out-voz15--><br \/>\n<!--publicidad-voz16--><!--bestpublic-voz16--><!--desk-in-out-voz16--><\/p>\n","protected":false},"excerpt":{"rendered":"<p>Los hechos sucedieron en noviembre de 2023 un coto de caza de Vianos (Albacete)<\/p>\n","protected":false},"author":2,"featured_media":149081,"comment_status":"closed","ping_status":"closed","sticky":false,"template":"","format":"standard","meta":{"footnotes":""},"categories":[753,718,715,716,717],"tags":[],"class_list":["post-149080","post","type-post","status-publish","format-standard","has-post-thumbnail","hentry","category-blog-lv034","category-blogger","category-la-voz-de-hellin","category-la-voz-de-hellin-la-voz-de-hellin","category-noticias"],"_links":{"self":[{"href":"https:\/\/lavozdehellin.com\/noticias\/wp-json\/wp\/v2\/posts\/149080","targetHints":{"allow":["GET"]}}],"collection":[{"href":"https:\/\/lavozdehellin.com\/noticias\/wp-json\/wp\/v2\/posts"}],"about":[{"href":"https:\/\/lavozdehellin.com\/noticias\/wp-json\/wp\/v2\/types\/post"}],"author":[{"embeddable":true,"href":"https:\/\/lavozdehellin.com\/noticias\/wp-json\/wp\/v2\/users\/2"}],"replies":[{"embeddable":true,"href":"https:\/\/lavozdehellin.com\/noticias\/wp-json\/wp\/v2\/comments?post=149080"}],"version-history":[{"count":0,"href":"https:\/\/lavozdehellin.com\/noticias\/wp-json\/wp\/v2\/posts\/149080\/revisions"}],"wp:featuredmedia":[{"embeddable":true,"href":"https:\/\/lavozdehellin.com\/noticias\/wp-json\/wp\/v2\/media\/149081"}],"wp:attachment":[{"href":"https:\/\/lavozdehellin.com\/noticias\/wp-json\/wp\/v2\/media?parent=149080"}],"wp:term":[{"taxonomy":"category","embeddable":true,"href":"https:\/\/lavozdehellin.com\/noticias\/wp-json\/wp\/v2\/categories?post=149080"},{"taxonomy":"post_tag","embeddable":true,"href":"https:\/\/lavozdehellin.com\/noticias\/wp-json\/wp\/v2\/tags?post=149080"}],"curies":[{"name":"wp","href":"https:\/\/api.w.org\/{rel}","templated":true}]}}