{"id":149086,"date":"2024-02-26T09:45:56","date_gmt":"2024-02-26T08:45:56","guid":{"rendered":"https:\/\/lavozdehellin.com\/noticias\/?p=149086"},"modified":"2024-03-11T09:49:34","modified_gmt":"2024-03-11T08:49:34","slug":"v08-373-la-asociacion-talitha-de-ayuda-en-los-procesos-de-duelo-y-suicidio-abre-una-delegacion-en-hellin","status":"publish","type":"post","link":"https:\/\/lavozdehellin.com\/noticias\/v08-373-la-asociacion-talitha-de-ayuda-en-los-procesos-de-duelo-y-suicidio-abre-una-delegacion-en-hellin\/","title":{"rendered":"LVH NOTICIAS | LA ASOCIACI\u00d3N TALITHA, DE AYUDA EN LOS PROCESOS DE DUELO Y SUICIDIO, ABRE UNA DELEGACI\u00d3N EN HELL\u00cdN"},"content":{"rendered":"<p style=\"text-align: justify;\">Estar\u00e1 ubicada en el Centro del Carmen, donde dar\u00e1n su servicio a los ciudadanos<\/p>\n<p><!--more--><br \/>\n<!--publicidad-voz01--><a href=\"https:\/\/www.facebook.com\/SoloRadioHellin\/?locale=es_ES\"><img decoding=\"async\" class=\"alignnone size-medium\" src=\"https:\/\/blogger.googleusercontent.com\/img\/b\/R29vZ2xl\/AVvXsEiNncirNnyGedv00mhjZjh5Wl4_YPdJGanoAl8tL8zH-HwqE8uHqjEfSt340RHdx-9tuCSIkZ8rFamZiGyYlgDGxCsmXjCH_1xk5eYM3ntFZRvJP_jndOKR7w1UAo9Tu0vrZyOLfqRpHIxYI5SymJJ-pfGCQw6QVpggBH-UgfjiFQ2JOxqxG0Jx94kW83c\/s1600\/logo-principal.jpg\" width=\"100%\" height=\"100\" \/><\/a><!--bestpublic-voz01--><!--desk-in-out-voz01--><br \/>\n<!--publicidad-voz02--><a href=\"https:\/\/www.hellincf.com\/\"><img decoding=\"async\" class=\"alignnone size-medium\" src=\"https:\/\/blogger.googleusercontent.com\/img\/b\/R29vZ2xl\/AVvXsEhuZ4-XfBVj3UtdP8-RZugy3WVrg-Zv28c53m4oV47qYCxL1rX_dqWX_YddsGSnpH5SRDqZ7bZeKPIfDVCDncpjVlhy3aQs2vojcJBn7Gdv9hC2_Nzct_pRFrnFE1a7KTCdY1bT_kAgnY3-iadRZrGeJf1fR2P5fu11bokx0pWjaypoy-ctwCjklldpEbA\/s1600\/logo-principal7.jpg\" width=\"100%\" height=\"100\" \/><\/a><!--bestpublic-voz02--><!--desk-in-out-voz02--><\/p>\n<p style=\"text-align: justify;\">La concejal de Servicios Sociales, Miryam Maestre, ha hecho entrega de las llaves de una sala en el centro del Carmen a la Asociaci\u00f3n Talitha, cuya aportaci\u00f3n es ofrecer escucha, ayuda, comprensi\u00f3n ante una p\u00e9rdida de un ser querido. Maestre ha mostrado su satisfacci\u00f3n por la fructificaci\u00f3n de la sede de Talitha en nuestra ciudad, tras el trabajo de la concejal\u00eda y el pertinente proceso administrativo a estos efectos.<\/p>\n<p style=\"text-align: justify;\">TALITHA<\/p>\n<p style=\"text-align: justify;\">Talitha es una asociaci\u00f3n de ayuda en el proceso de duelo. Sobrellevar la muerte de un ser querido es una de las cosas m\u00e1s dif\u00edciles a las que nos tenemos que enfrentar en la vida. El dolor que esto nos produce es profundo y desgarrador. Es un golpe que puede dar lugar a largos periodos de tristeza, de desconexi\u00f3n con la vida, de falta de rumbo, de confusi\u00f3n, de desesperanza.<\/p>\n<p style=\"text-align: justify;\">No existe una \u00fanica forma de transitar por este camino. Cada persona lo experimentar\u00e1 de forma diferente y echar\u00e1 mano de sus propios recursos para realizar este dif\u00edcil viaje.<\/p>\n<p style=\"text-align: justify;\">Sin embargo, s\u00ed hay algunas cosas comunes a todo duelo, y una de ellas es el dolor y la necesidad de compartirlo, de ser comprendido, de que nuestras emociones sean validadas con una mirada, una palabra, un gesto, un abrazo.<\/p>\n<p style=\"text-align: justify;\">TALITHA HELLIN<\/p>\n<p style=\"text-align: justify;\">En su sede se podr\u00e1n compartir los sentimientos sin juicios, sin valoraciones y con un profundo respeto. A nivel educativo ha desarrollado dos programas en varios centros de nuestro municipio; uno para educaci\u00f3n primaria \u201cArya\u201d y otro para secundaria, llamado \u201cPluma\u201d.<\/p>\n<p style=\"text-align: justify;\">Paralelamente Talitha ofrece distintas actividades a nivel provincial, como son los talleres de Duelo, talleres de ayuda mutua, de expresi\u00f3n de las emociones, yoga, arteterapia, club de lectura, visitas culturales\u2026<\/p>\n<p style=\"text-align: justify;\">La delegaci\u00f3n de Hell\u00edn est\u00e1 formada por Paqui Osuna y M\u00aa \u00c1ngeles Garc\u00eda, que adem\u00e1s es la vicepresidenta de la asociaci\u00f3n.<\/p>\n<p><!--publicidad-voz03--><a href=\"https:\/\/www.facebook.com\/profile.php?id=100063593791305&amp;locale=es_ES\"><img decoding=\"async\" class=\"alignnone size-medium\" src=\"https:\/\/blogger.googleusercontent.com\/img\/b\/R29vZ2xl\/AVvXsEi8_n_ll8UOcGxCqzFvb_9Io4ICczlGC990BPtPj2w9Px-u7B3oqWUW5vtjZUqPNJ-nyjiUIorE0ATsib_l5tV8BVN-UJ03RTnU__IHJF_4DgDBtY4LIqXNG-FomrO-7ywes20CBCRM2Hcm7EJSh3UUw1dO-c_uTflUrtgY1i7uBRezj_DpympmEFkfbQY\/s1600\/logo-principal2.jpg\" width=\"100%\" height=\"100\" \/><\/a><!--bestpublic-voz03--><!--desk-in-out-voz03--><br \/>\n<!--publicidad-voz04--><a href=\"https:\/\/www.facebook.com\/profile.php?id=61557370768692&amp;locale=es_ES\"><img decoding=\"async\" class=\"alignnone size-medium\" src=\"https:\/\/blogger.googleusercontent.com\/img\/b\/R29vZ2xl\/AVvXsEgy5RdcfffrnrItnYTcV9bCJjgJwldsQLWssfVfrLbyfXeBNTFKgBf0rMIvhrUaGUhiXzVr9_eQgCbi-j63ZDpfTvLIty9w7s140y-m1yHe7eKmEK7v2NAHUJDVYGdfeiQFeRCqUjdwWmN1MX_AUxxz4IVdJ4WIM0APxit8bjWkXzrnEFGqBvW_1F13H1g\/s1600\/logo-principal5.jpg\" width=\"100%\" height=\"100\" \/><\/a><!--bestpublic-voz04--><!--desk-in-out-voz04--><br \/>\n<!--publicidad-voz05--><a href=\"https:\/\/www.facebook.com\/asociaciontamborileroshellin?locale=es_ES\"><img decoding=\"async\" class=\"alignnone size-medium\" src=\"https:\/\/blogger.googleusercontent.com\/img\/b\/R29vZ2xl\/AVvXsEhHEEpZsKK1VpwiYMrS7aE2ujtqIDZoLd4B5wtbiseSU9s2HdTdQfhF84So2XwEB1fv0BLw95GADm6hUl1bkKtzh-eIgVigXONuu_5RxeIMPhjk8q6uNX4EaEHbooKkbu7pCADWPpVJjhKIH5NQSJpWqedC-YBez4QAQeJYokkLot9bhrIaUAeztsGis6M\/s1600\/logo-principal3.jpg\" width=\"100%\" height=\"100\" \/><\/a><!--bestpublic-voz05--><!--desk-in-out-voz05--><br \/>\n<!--publicidad-voz06--><!--bestpublic-voz06--><!--desk-in-out-voz06--><br \/>\n<!--publicidad-voz07--><!--bestpublic-voz07--><!--desk-in-out-voz07--><br \/>\n<!--publicidad-voz08--><!--bestpublic-voz08--><!--desk-in-out-voz08--><br \/>\n<!--publicidad-voz09--><!--bestpublic-voz09--><!--desk-in-out-voz09--><br \/>\n<!--publicidad-voz10--><!--bestpublic-voz10--><!--desk-in-out-voz10--><br \/>\n<!--publicidad-voz11--><!--bestpublic-voz11--><!--desk-in-out-voz11--><br \/>\n<!--publicidad-voz12--><!--bestpublic-voz12--><!--desk-in-out-voz12--><br \/>\n<!--publicidad-voz13--><!--bestpublic-voz13--><!--desk-in-out-voz13--><br \/>\n<!--publicidad-voz14--><!--bestpublic-voz14--><!--desk-in-out-voz14--><br \/>\n<!--publicidad-voz15--><!--bestpublic-voz15--><!--desk-in-out-voz15--><br \/>\n<!--publicidad-voz16--><!--bestpublic-voz16--><!--desk-in-out-voz16--><\/p>\n","protected":false},"excerpt":{"rendered":"<p>Estar\u00e1 ubicada en el Centro del Carmen, donde dar\u00e1n su servicio a los ciudadanos<\/p>\n","protected":false},"author":2,"featured_media":149215,"comment_status":"closed","ping_status":"closed","sticky":false,"template":"","format":"standard","meta":{"footnotes":""},"categories":[753,718,715,716,717],"tags":[],"class_list":["post-149086","post","type-post","status-publish","format-standard","has-post-thumbnail","hentry","category-blog-lv034","category-blogger","category-la-voz-de-hellin","category-la-voz-de-hellin-la-voz-de-hellin","category-noticias"],"_links":{"self":[{"href":"https:\/\/lavozdehellin.com\/noticias\/wp-json\/wp\/v2\/posts\/149086","targetHints":{"allow":["GET"]}}],"collection":[{"href":"https:\/\/lavozdehellin.com\/noticias\/wp-json\/wp\/v2\/posts"}],"about":[{"href":"https:\/\/lavozdehellin.com\/noticias\/wp-json\/wp\/v2\/types\/post"}],"author":[{"embeddable":true,"href":"https:\/\/lavozdehellin.com\/noticias\/wp-json\/wp\/v2\/users\/2"}],"replies":[{"embeddable":true,"href":"https:\/\/lavozdehellin.com\/noticias\/wp-json\/wp\/v2\/comments?post=149086"}],"version-history":[{"count":0,"href":"https:\/\/lavozdehellin.com\/noticias\/wp-json\/wp\/v2\/posts\/149086\/revisions"}],"wp:featuredmedia":[{"embeddable":true,"href":"https:\/\/lavozdehellin.com\/noticias\/wp-json\/wp\/v2\/media\/149215"}],"wp:attachment":[{"href":"https:\/\/lavozdehellin.com\/noticias\/wp-json\/wp\/v2\/media?parent=149086"}],"wp:term":[{"taxonomy":"category","embeddable":true,"href":"https:\/\/lavozdehellin.com\/noticias\/wp-json\/wp\/v2\/categories?post=149086"},{"taxonomy":"post_tag","embeddable":true,"href":"https:\/\/lavozdehellin.com\/noticias\/wp-json\/wp\/v2\/tags?post=149086"}],"curies":[{"name":"wp","href":"https:\/\/api.w.org\/{rel}","templated":true}]}}