{"id":149088,"date":"2024-02-26T09:53:02","date_gmt":"2024-02-26T08:53:02","guid":{"rendered":"https:\/\/lavozdehellin.com\/noticias\/?p=149088"},"modified":"2024-03-11T09:49:33","modified_gmt":"2024-03-11T08:49:33","slug":"v08-374-plamen-mitkov-y-lucia-navarro-repiten-en-la-prueba-btt-de-tobarra","status":"publish","type":"post","link":"https:\/\/lavozdehellin.com\/noticias\/v08-374-plamen-mitkov-y-lucia-navarro-repiten-en-la-prueba-btt-de-tobarra\/","title":{"rendered":"LVH NOTICIAS | PLAMEN MITKOV Y LUC\u00cdA NAVARRO REPITEN EN LA PRUEBA BTT DE TOBARRA"},"content":{"rendered":"<p style=\"text-align: justify;\">Circuito de Diputaci\u00f3n<\/p>\n<p><!--more--><br \/>\n<!--publicidad-voz01--><a href=\"https:\/\/www.facebook.com\/SoloRadioHellin\/?locale=es_ES\"><img decoding=\"async\" class=\"alignnone size-medium\" src=\"https:\/\/blogger.googleusercontent.com\/img\/b\/R29vZ2xl\/AVvXsEiNncirNnyGedv00mhjZjh5Wl4_YPdJGanoAl8tL8zH-HwqE8uHqjEfSt340RHdx-9tuCSIkZ8rFamZiGyYlgDGxCsmXjCH_1xk5eYM3ntFZRvJP_jndOKR7w1UAo9Tu0vrZyOLfqRpHIxYI5SymJJ-pfGCQw6QVpggBH-UgfjiFQ2JOxqxG0Jx94kW83c\/s1600\/logo-principal.jpg\" width=\"100%\" height=\"100\" \/><\/a><!--bestpublic-voz01--><!--desk-in-out-voz01--><br \/>\n<!--publicidad-voz02--><a href=\"https:\/\/www.hellincf.com\/\"><img decoding=\"async\" class=\"alignnone size-medium\" src=\"https:\/\/blogger.googleusercontent.com\/img\/b\/R29vZ2xl\/AVvXsEhuZ4-XfBVj3UtdP8-RZugy3WVrg-Zv28c53m4oV47qYCxL1rX_dqWX_YddsGSnpH5SRDqZ7bZeKPIfDVCDncpjVlhy3aQs2vojcJBn7Gdv9hC2_Nzct_pRFrnFE1a7KTCdY1bT_kAgnY3-iadRZrGeJf1fR2P5fu11bokx0pWjaypoy-ctwCjklldpEbA\/s1600\/logo-principal7.jpg\" width=\"100%\" height=\"100\" \/><\/a><!--bestpublic-voz02--><!--desk-in-out-voz02--><\/p>\n<p style=\"text-align: justify;\">Plamen Mitkov y Luc\u00eda Navarro repiten en la prueba BTT de Tobarra<\/p>\n<p style=\"text-align: justify;\">Sin cambios en la clasificaci\u00f3n general, con Pedro Jes\u00fas Rodr\u00edguez y Luc\u00eda Navarro al frente del XVII Circuito Provincial de BTT<\/p>\n<p style=\"text-align: justify;\">Plamen Mitkov Dimitrov (Lurbel Team People) y Luc\u00eda Navarro Cuesta (Bicicletas El Hellinero Acecho) repitieron en Tobarra el triunfo que ya consiguieron en esta misma prueba el a\u00f1o pasado. La cuarta cita del XVII Circuito Provincial de BTT organizado por la Diputaci\u00f3n de Albacete cambi\u00f3 su recorrido para celebrar la d\u00e9cimo quinta edici\u00f3n de la Ruta BTT \u2018Ramblas y Cerros\u2019 de Tobarra, un cambio que tuvo una gran aceptaci\u00f3n por parte de los participantes. Un generoso arroz al t\u00e9rmino de la prueba sirvi\u00f3 para recuperar las fuerzas a todos los corredores.<\/p>\n<p style=\"text-align: justify;\">M\u00e1s de 400 participantes tomaron la salida para recorrer los 43\u201934 kil\u00f3metros del recorrido largo, en una carrera que no se decidi\u00f3 hasta los \u00faltimos metros. Tras unos primeros kil\u00f3metros en los que el grupo rod\u00f3 compacto, las primeras sendas rompieron la unidad y por delante se marchaban Plamen Mitkov y Alberto L\u00f3pez, dos corredores que ya sab\u00edan lo que es ganar en esta prueba.<\/p>\n<p style=\"text-align: justify;\">Los dos corredores tuvieron una renta m\u00e1s o menos c\u00f3moda sobre sus perseguidores, por lo que llegaron a las inmediaciones de Tobarra para jugarse el triunfo. La subida al Cerro del Reloj y la posterior al Santuario de la Encarnaci\u00f3n mantuvo el mano a mano entre ambos, por lo que los \u00faltimos metros decidieron la victoria a favor de Plamen Mitkov, repitiendo as\u00ed el primer puesto que ya logr\u00f3 en Tobarra el a\u00f1o pasado.<\/p>\n<p style=\"text-align: justify;\">Con Alberto L\u00f3pez en la segunda posici\u00f3n, medio minuto despu\u00e9s entr\u00f3 en meta Pedro L\u00f3pez para cerrar el p\u00f3dium con la tercera plaza. Juan Pedro Palacios fue cuarto, mientras que Paco L\u00e1zaro complet\u00f3 el Top 5. M\u00e1s rezagado entr\u00f3 Pedro Jes\u00fas Rodr\u00edguez (Manzanares Team Factory), l\u00edder del Circuito Provincial, que ocup\u00f3 el puesto 18 de la clasificaci\u00f3n, resultado que le permite mantener el maillot rojo al frente de la general.<\/p>\n<p style=\"text-align: justify;\">En la categor\u00eda femenina Luc\u00eda Navarro Cuesta sigue demostrando su superioridad semana tras semana. La actual l\u00edder del Circuito Provincial sum\u00f3 su cuarta victoria de la temporada en otras tantas carreras, por lo que a d\u00eda de hoy parece que no tiene rival. Rosario Alacid lleg\u00f3 en la segunda posici\u00f3n a meta, a m\u00e1s de diez minutos de la ganadora, mientras que Almudena Jim\u00e9nez fue tercera, con Alfonsi Villar cuarta y Marta Ju\u00e1rez en quinto lugar.<\/p>\n<p style=\"text-align: justify;\">En el recorrido corto, los ganadores fueron Joaqu\u00edn Ruiz Garrido (C.C. Caracol Pro Tour), que tambi\u00e9n gan\u00f3 la pasada semana en Jorquera, y Elisa Collado Rodenas (Independiente). Javier Gonz\u00e1lez Sanz (Ekuon El Conchel\/Diputaci\u00f3n) fue el campe\u00f3n junior. En parejas mixtas, los vencedores fueron Luc\u00eda Navarro Cuesta (Bicicletas El Hellinero Acecho) y Miguel Herr\u00e1iz Garc\u00eda (Manzanares Team Factory). El premio a la posici\u00f3n 71 en meta, cedido por la Hermandad de Donantes de Sangre de Albacete, fue para \u00c1ngel Mart\u00ednez Pedrosa (Ekuon El Conchel\/Diputaci\u00f3n).<\/p>\n<p style=\"text-align: justify;\">Pr\u00f3xima cita en Li\u00e9tor<\/p>\n<p style=\"text-align: justify;\">El pr\u00f3ximo domingo 3 de marzo ser\u00e1 el turno para la prueba BTT Villa de Li\u00e9tor, quinta cita del XVII Circuito Provincial de BTT y primera catalogada como \u2018Monta\u00f1a\u2019. Se trata de una prueba que ofrece 34 kil\u00f3metros de distancia para el recorrido largo y 12\u201951 kil\u00f3metros para el trazado corto. Las inscripciones para esta carrera est\u00e1n abiertas hasta el pr\u00f3ximo mi\u00e9rcoles d\u00eda 28 de febrero, a las 14:00 horas.<\/p>\n<p style=\"text-align: justify;\">CLASIFICACIONES TOBARRA 2024<\/p>\n<p style=\"text-align: justify;\">Clasificaci\u00f3n masculina<\/p>\n<p style=\"text-align: justify;\">NOMBRE EQUIPO TIEMPO<\/p>\n<p style=\"text-align: justify;\">1-. Plamen Mitkov Dimitrov (Lurbel Team People) 1h40\u201954\u2019\u2019<\/p>\n<p style=\"text-align: justify;\">2-. Alberto L\u00f3pez Bernab\u00e9 (Bicicletas El Hellinero Acecho) 1h40\u201955\u2019\u2019<\/p>\n<p style=\"text-align: justify;\">3-. Pedro L\u00f3pez Mar\u00edn (C.C. Carcel\u00e9n) 1h41\u201930\u2019\u2019<\/p>\n<p style=\"text-align: justify;\">4-. Juan Pedro Palacios Mu\u00f1oz (Bike&amp;Beer) 1h42\u201933\u2019\u2019<\/p>\n<p style=\"text-align: justify;\">5-. Paco L\u00e1zaro S\u00e1nchez (Manzanares Team Factory) 1h43\u201903\u2019\u2019<\/p>\n<p style=\"text-align: justify;\">Clasificaci\u00f3n femenina<\/p>\n<p style=\"text-align: justify;\">NOMBRE EQUIPO TIEMPO<\/p>\n<p style=\"text-align: justify;\">1-. Luc\u00eda Navarro Cuesta (Bicicletas El Hellinero Acecho) 1h56\u201927\u2019\u2019<\/p>\n<p style=\"text-align: justify;\">2-. Rosario Alacid Moreno (La Pur\u00edsima Team Yecla) 2h07\u201949\u2019\u2019<\/p>\n<p style=\"text-align: justify;\">3-. Almudena Jim\u00e9nez Mart\u00ednez (Bicialmuerzo) 2h12\u201923\u2019\u2019<\/p>\n<p style=\"text-align: justify;\">4-. Alfonsi Villar Garrig\u00f3s (Ferroice Contrallano BTT) 2h18\u201944\u2019\u2019<\/p>\n<p style=\"text-align: justify;\">5-. Marta Ju\u00e1rez Garc\u00eda (Adventure Bike Racing) 2h26\u201906\u2019\u2019<\/p>\n<p><!--publicidad-voz03--><a href=\"https:\/\/www.facebook.com\/profile.php?id=100063593791305&amp;locale=es_ES\"><img decoding=\"async\" class=\"alignnone size-medium\" src=\"https:\/\/blogger.googleusercontent.com\/img\/b\/R29vZ2xl\/AVvXsEi8_n_ll8UOcGxCqzFvb_9Io4ICczlGC990BPtPj2w9Px-u7B3oqWUW5vtjZUqPNJ-nyjiUIorE0ATsib_l5tV8BVN-UJ03RTnU__IHJF_4DgDBtY4LIqXNG-FomrO-7ywes20CBCRM2Hcm7EJSh3UUw1dO-c_uTflUrtgY1i7uBRezj_DpympmEFkfbQY\/s1600\/logo-principal2.jpg\" width=\"100%\" height=\"100\" \/><\/a><!--bestpublic-voz03--><!--desk-in-out-voz03--><br \/>\n<!--publicidad-voz04--><a href=\"https:\/\/www.facebook.com\/profile.php?id=61557370768692&amp;locale=es_ES\"><img decoding=\"async\" class=\"alignnone size-medium\" src=\"https:\/\/blogger.googleusercontent.com\/img\/b\/R29vZ2xl\/AVvXsEgy5RdcfffrnrItnYTcV9bCJjgJwldsQLWssfVfrLbyfXeBNTFKgBf0rMIvhrUaGUhiXzVr9_eQgCbi-j63ZDpfTvLIty9w7s140y-m1yHe7eKmEK7v2NAHUJDVYGdfeiQFeRCqUjdwWmN1MX_AUxxz4IVdJ4WIM0APxit8bjWkXzrnEFGqBvW_1F13H1g\/s1600\/logo-principal5.jpg\" width=\"100%\" height=\"100\" \/><\/a><!--bestpublic-voz04--><!--desk-in-out-voz04--><br \/>\n<!--publicidad-voz05--><a href=\"https:\/\/www.facebook.com\/asociaciontamborileroshellin?locale=es_ES\"><img decoding=\"async\" class=\"alignnone size-medium\" src=\"https:\/\/blogger.googleusercontent.com\/img\/b\/R29vZ2xl\/AVvXsEhHEEpZsKK1VpwiYMrS7aE2ujtqIDZoLd4B5wtbiseSU9s2HdTdQfhF84So2XwEB1fv0BLw95GADm6hUl1bkKtzh-eIgVigXONuu_5RxeIMPhjk8q6uNX4EaEHbooKkbu7pCADWPpVJjhKIH5NQSJpWqedC-YBez4QAQeJYokkLot9bhrIaUAeztsGis6M\/s1600\/logo-principal3.jpg\" width=\"100%\" height=\"100\" \/><\/a><!--bestpublic-voz05--><!--desk-in-out-voz05--><br \/>\n<!--publicidad-voz06--><!--bestpublic-voz06--><!--desk-in-out-voz06--><br \/>\n<!--publicidad-voz07--><!--bestpublic-voz07--><!--desk-in-out-voz07--><br \/>\n<!--publicidad-voz08--><!--bestpublic-voz08--><!--desk-in-out-voz08--><br \/>\n<!--publicidad-voz09--><!--bestpublic-voz09--><!--desk-in-out-voz09--><br \/>\n<!--publicidad-voz10--><!--bestpublic-voz10--><!--desk-in-out-voz10--><br \/>\n<!--publicidad-voz11--><!--bestpublic-voz11--><!--desk-in-out-voz11--><br \/>\n<!--publicidad-voz12--><!--bestpublic-voz12--><!--desk-in-out-voz12--><br \/>\n<!--publicidad-voz13--><!--bestpublic-voz13--><!--desk-in-out-voz13--><br \/>\n<!--publicidad-voz14--><!--bestpublic-voz14--><!--desk-in-out-voz14--><br \/>\n<!--publicidad-voz15--><!--bestpublic-voz15--><!--desk-in-out-voz15--><br \/>\n<!--publicidad-voz16--><!--bestpublic-voz16--><!--desk-in-out-voz16--><\/p>\n","protected":false},"excerpt":{"rendered":"<p>Circuito de Diputaci\u00f3n<\/p>\n","protected":false},"author":2,"featured_media":149089,"comment_status":"closed","ping_status":"closed","sticky":false,"template":"","format":"standard","meta":{"footnotes":""},"categories":[753,718,715,716,717],"tags":[],"class_list":["post-149088","post","type-post","status-publish","format-standard","has-post-thumbnail","hentry","category-blog-lv034","category-blogger","category-la-voz-de-hellin","category-la-voz-de-hellin-la-voz-de-hellin","category-noticias"],"_links":{"self":[{"href":"https:\/\/lavozdehellin.com\/noticias\/wp-json\/wp\/v2\/posts\/149088","targetHints":{"allow":["GET"]}}],"collection":[{"href":"https:\/\/lavozdehellin.com\/noticias\/wp-json\/wp\/v2\/posts"}],"about":[{"href":"https:\/\/lavozdehellin.com\/noticias\/wp-json\/wp\/v2\/types\/post"}],"author":[{"embeddable":true,"href":"https:\/\/lavozdehellin.com\/noticias\/wp-json\/wp\/v2\/users\/2"}],"replies":[{"embeddable":true,"href":"https:\/\/lavozdehellin.com\/noticias\/wp-json\/wp\/v2\/comments?post=149088"}],"version-history":[{"count":0,"href":"https:\/\/lavozdehellin.com\/noticias\/wp-json\/wp\/v2\/posts\/149088\/revisions"}],"wp:featuredmedia":[{"embeddable":true,"href":"https:\/\/lavozdehellin.com\/noticias\/wp-json\/wp\/v2\/media\/149089"}],"wp:attachment":[{"href":"https:\/\/lavozdehellin.com\/noticias\/wp-json\/wp\/v2\/media?parent=149088"}],"wp:term":[{"taxonomy":"category","embeddable":true,"href":"https:\/\/lavozdehellin.com\/noticias\/wp-json\/wp\/v2\/categories?post=149088"},{"taxonomy":"post_tag","embeddable":true,"href":"https:\/\/lavozdehellin.com\/noticias\/wp-json\/wp\/v2\/tags?post=149088"}],"curies":[{"name":"wp","href":"https:\/\/api.w.org\/{rel}","templated":true}]}}