{"id":149091,"date":"2024-02-26T09:57:27","date_gmt":"2024-02-26T08:57:27","guid":{"rendered":"https:\/\/lavozdehellin.com\/noticias\/?p=149091"},"modified":"2024-03-11T09:49:33","modified_gmt":"2024-03-11T08:49:33","slug":"v08-375-manuel-gutierrez-profeta-en-su-tierra-por-cuarta-vez-consecutiva","status":"publish","type":"post","link":"https:\/\/lavozdehellin.com\/noticias\/v08-375-manuel-gutierrez-profeta-en-su-tierra-por-cuarta-vez-consecutiva\/","title":{"rendered":"LVH NOTICIAS | MANUEL GUTI\u00c9RREZ, PROFETA EN SU TIERRA POR CUARTA VEZ CONSECUTIVA"},"content":{"rendered":"<p style=\"text-align: justify;\">Circuito de Diputaci\u00f3n \u2018Ferroice\u2019<\/p>\n<p><!--more--><br \/>\n<!--publicidad-voz01--><a href=\"https:\/\/www.facebook.com\/SoloRadioHellin\/?locale=es_ES\"><img decoding=\"async\" class=\"alignnone size-medium\" src=\"https:\/\/blogger.googleusercontent.com\/img\/b\/R29vZ2xl\/AVvXsEiNncirNnyGedv00mhjZjh5Wl4_YPdJGanoAl8tL8zH-HwqE8uHqjEfSt340RHdx-9tuCSIkZ8rFamZiGyYlgDGxCsmXjCH_1xk5eYM3ntFZRvJP_jndOKR7w1UAo9Tu0vrZyOLfqRpHIxYI5SymJJ-pfGCQw6QVpggBH-UgfjiFQ2JOxqxG0Jx94kW83c\/s1600\/logo-principal.jpg\" width=\"100%\" height=\"100\" \/><\/a><!--bestpublic-voz01--><!--desk-in-out-voz01--><br \/>\n<!--publicidad-voz02--><a href=\"https:\/\/www.hellincf.com\/\"><img decoding=\"async\" class=\"alignnone size-medium\" src=\"https:\/\/blogger.googleusercontent.com\/img\/b\/R29vZ2xl\/AVvXsEhuZ4-XfBVj3UtdP8-RZugy3WVrg-Zv28c53m4oV47qYCxL1rX_dqWX_YddsGSnpH5SRDqZ7bZeKPIfDVCDncpjVlhy3aQs2vojcJBn7Gdv9hC2_Nzct_pRFrnFE1a7KTCdY1bT_kAgnY3-iadRZrGeJf1fR2P5fu11bokx0pWjaypoy-ctwCjklldpEbA\/s1600\/logo-principal7.jpg\" width=\"100%\" height=\"100\" \/><\/a><!--bestpublic-voz02--><!--desk-in-out-voz02--><\/p>\n<p style=\"text-align: justify;\">Manuel Guti\u00e9rrez, profeta en su tierra por cuarta vez consecutiva<\/p>\n<p style=\"text-align: justify;\">La rodense Mar\u00eda Jos\u00e9 De Toro, campeona femenina de la IV Carrera Popular 10K de Villarrobledo<\/p>\n<p style=\"text-align: justify;\">Manuel Guti\u00e9rrez Ballesteros (Independiente) volvi\u00f3 a ser profeta en su tierra, adjudic\u00e1ndose la IV Carrera Popular 10K de Villarrobledo. Mar\u00eda Jos\u00e9 De Toro Saiz (Atletismo C.P. La Roda) fue la campeona femenina en la s\u00e9ptima prueba del XXIII Circuito Provincial de Carreras Populares que organiza la Diputaci\u00f3n de Albacete.<\/p>\n<p style=\"text-align: justify;\">Villarrobledo vivi\u00f3 una aut\u00e9ntica fiesta del atletismo popular, con m\u00e1s de 800 corredores en la l\u00ednea de salida, en una ma\u00f1ana fr\u00eda y con viento. La cuarta edici\u00f3n de la Carrera 10K de Villarrobledo no defraud\u00f3, con su trazado completamente urbano homologado por la Real Federaci\u00f3n Espa\u00f1ola de Atletismo.<\/p>\n<p style=\"text-align: justify;\">Manuel Guti\u00e9rrez acudi\u00f3 fiel a su cita con esta prueba. Cuatro ediciones disputadas y cuatro triunfos del atleta local (2020, 2022, 2023 y 2024), que lleg\u00f3 a meta en solitario, con m\u00e1s de cuarenta segundos de ventaja sobre el segundo clasificado, \u00d3scar V\u00edllora Mart\u00ednez. La tercera plaza en esta prueba fue para Mario Mart\u00ednez Vizca\u00edno.<\/p>\n<p style=\"text-align: justify;\">En la categor\u00eda femenina la veterana Mar\u00eda Jos\u00e9 De Toro sali\u00f3 decidida a por el triunfo. La corredora del Atletismo C.P. La Roda no dio ninguna opci\u00f3n a sus rivales, ya que impuso un ritmo imposible de seguir. La rodense entr\u00f3 en meta pr\u00e1cticamente con dos minutos de ventaja sobre su compa\u00f1era de equipo, Mar\u00eda de los \u00c1ngeles Mag\u00e1n, para sumar as\u00ed su primera victoria en Villarrobledo. El tercer puesto del p\u00f3dium femenino fue para Irene Ruiz Gonz\u00e1lez. Otra veterana, Rosario G\u00f3mez N\u00fa\u00f1ez, campeona de las dos \u00faltimas ediciones, en esta ocasi\u00f3n solamente pudo ser sexta.<\/p>\n<p style=\"text-align: justify;\">Uno de los atractivos de la Carrera 10K de Villarrobledo es la participaci\u00f3n del alcalde de la localidad, Valent\u00edn Bueno, ya que hay premio para los diez corredores que entren justo delante y detr\u00e1s de \u00e9l en la l\u00ednea de meta. Esta circunstancia hace que el alcalde \u201csufra\u201d un f\u00e9rreo marcaje por parte de numerosos corredores. En esta ocasi\u00f3n, Valent\u00edn Bueno termin\u00f3 la prueba en el puesto 366, con un tiempo de 50:27. El Premio Donantes de Sangre a la posici\u00f3n 71 en meta fue para Jorge L\u00f3pez Ortiz (Run &amp; Co).<\/p>\n<p style=\"text-align: justify;\">Carrera 5K<\/p>\n<p style=\"text-align: justify;\">Un centenar de atletas opt\u00f3 en Villarrobledo por la prueba de Iniciaci\u00f3n 5K, completando una \u00fanica vuelta al circuito. En la categor\u00eda masculina el ganador fue Carlos Garc\u00eda S\u00e1nchez (C.A. San Blas Elche de la Sierra), que entr\u00f3 por delante de Jes\u00fas Ponce P\u00e9rez (Serrano Atletismo) y Jes\u00fas Jim\u00e9nez S\u00e1nchez Migall\u00f3n (Independiente).<\/p>\n<p style=\"text-align: justify;\">B\u00e1rbara Moragues Penalva (Serrano Atletismo) fue la m\u00e1s r\u00e1pida en la prueba femenina. La segunda posici\u00f3n fue para Luc\u00eda Mu\u00f1oz Alarc\u00f3n (Independiente), mientras que la tercera plaza del p\u00f3dium la ocup\u00f3 Mila Gonz\u00e1lez Jim\u00e9nez (Independiente).<\/p>\n<p style=\"text-align: justify;\">Higueruela, pr\u00f3xima parada<\/p>\n<p style=\"text-align: justify;\">El XXIII Circuito Provincial de Carreras Populares llegar\u00e1 el pr\u00f3ximo fin de semana a Higueruela. La XI Carrera Popular \u2018Subida al Mojinete\u2019 de Higueruela arrancar\u00e1 el domingo 3 de marzo a las 10:00 horas. Las inscripciones para esta prueba est\u00e1n abiertas hasta el jueves 29, a las 14:00 horas.<\/p>\n<p style=\"text-align: justify;\">CLASIFICACIONES IV CARRERA POPULAR 10K DE VILLARROBLEDO<\/p>\n<p style=\"text-align: justify;\">&#8211; HOMBRES &#8211;<\/p>\n<p style=\"text-align: justify;\">Nombre Club Tiempo Ritmo<\/p>\n<p style=\"text-align: justify;\">1\u00ba.- Manuel Guti\u00e9rrez Ballesteros Independiente 32:47 3:17<\/p>\n<p style=\"text-align: justify;\">2\u00ba.- \u00d3scar V\u00edllora Mart\u00ednez 27 Agosto Madrigueras 33:29 3:21<\/p>\n<p style=\"text-align: justify;\">3\u00ba.- Mario Mart\u00ednez Vizca\u00edno C.D. Running Albacete 33:38 3:22<\/p>\n<p style=\"text-align: justify;\">4\u00ba.- Jorge V\u00edllora Mart\u00ednez 27 Agosto Madrigueras 33:56 3:24<\/p>\n<p style=\"text-align: justify;\">5\u00ba.- Isidro M\u00e1rquez Canales Ossa Runners Team 33:59 3:24<\/p>\n<p style=\"text-align: justify;\">6\u00ba.- Grego Aguilera Pino Ossa Runners Team 33:59 3:24<\/p>\n<p style=\"text-align: justify;\">7\u00ba.- Miguel Canales Garc\u00eda Ossa Runners Team 35:01 3:30<\/p>\n<p style=\"text-align: justify;\">8\u00ba.- Santos Hern\u00e1ndez Calero Independiente 35:02 3:30<\/p>\n<p style=\"text-align: justify;\">9\u00ba.- Alfonso Exp\u00f3sito Gim\u00e9nez Atletismo C.P. La Roda 35:02 3:30<\/p>\n<p style=\"text-align: justify;\">10\u00ba.- Aitor P\u00e9rez Saiz C.A. Albacete Diputaci\u00f3n 35:12 3:31<\/p>\n<p style=\"text-align: justify;\">&#8211; MUJERES &#8211;<\/p>\n<p style=\"text-align: justify;\">Nombre Club Tiempo Ritmo<\/p>\n<p style=\"text-align: justify;\">1\u00aa.- Mar\u00eda Jos\u00e9 De Toro Saiz Atletismo C.P. La Roda 36:51 3:41<\/p>\n<p style=\"text-align: justify;\">2\u00aa.- M\u00aa \u00c1ngeles Mag\u00e1n Talavera Atletismo C.P. La Roda 38:50 3:53<\/p>\n<p style=\"text-align: justify;\">3\u00aa.- Irene Ruiz Gonz\u00e1lez C.A. Pinturas &amp; Jos\u00e9 Ruiz 39:09 3:55<\/p>\n<p style=\"text-align: justify;\">4\u00aa.- Mariana Cantero Garc\u00eda-Monc\u00f3 A.D. Marathon 39:30 3:57<\/p>\n<p style=\"text-align: justify;\">5\u00aa.- Eva Valera Garc\u00eda 27 Agosto Madrigueras 40:14 4:01<\/p>\n<p style=\"text-align: justify;\">6\u00aa.- Rosario G\u00f3mez N\u00fa\u00f1ez Atletismo C.P. La Roda 40:16 4:02<\/p>\n<p style=\"text-align: justify;\">7\u00aa.- Mar\u00eda Jes\u00fas Algarra Algarra Independiente 40:23 4:02<\/p>\n<p style=\"text-align: justify;\">8\u00aa.- Luc\u00eda Jim\u00e9nez Romero Independiente 43:11 4:19<\/p>\n<p style=\"text-align: justify;\">9\u00aa.- Isabel Mart\u00ednez Garc\u00eda C.A. Running Villarrobledo 43:12 4:19<\/p>\n<p style=\"text-align: justify;\">10\u00aa.- Irene Marchante Armero C.A. El Pinar &#8211; Ejevial 43:19 4:20<\/p>\n<p><!--publicidad-voz03--><a href=\"https:\/\/www.facebook.com\/profile.php?id=100063593791305&amp;locale=es_ES\"><img decoding=\"async\" class=\"alignnone size-medium\" src=\"https:\/\/blogger.googleusercontent.com\/img\/b\/R29vZ2xl\/AVvXsEi8_n_ll8UOcGxCqzFvb_9Io4ICczlGC990BPtPj2w9Px-u7B3oqWUW5vtjZUqPNJ-nyjiUIorE0ATsib_l5tV8BVN-UJ03RTnU__IHJF_4DgDBtY4LIqXNG-FomrO-7ywes20CBCRM2Hcm7EJSh3UUw1dO-c_uTflUrtgY1i7uBRezj_DpympmEFkfbQY\/s1600\/logo-principal2.jpg\" width=\"100%\" height=\"100\" \/><\/a><!--bestpublic-voz03--><!--desk-in-out-voz03--><br \/>\n<!--publicidad-voz04--><a href=\"https:\/\/www.facebook.com\/profile.php?id=61557370768692&amp;locale=es_ES\"><img decoding=\"async\" class=\"alignnone size-medium\" src=\"https:\/\/blogger.googleusercontent.com\/img\/b\/R29vZ2xl\/AVvXsEgy5RdcfffrnrItnYTcV9bCJjgJwldsQLWssfVfrLbyfXeBNTFKgBf0rMIvhrUaGUhiXzVr9_eQgCbi-j63ZDpfTvLIty9w7s140y-m1yHe7eKmEK7v2NAHUJDVYGdfeiQFeRCqUjdwWmN1MX_AUxxz4IVdJ4WIM0APxit8bjWkXzrnEFGqBvW_1F13H1g\/s1600\/logo-principal5.jpg\" width=\"100%\" height=\"100\" \/><\/a><!--bestpublic-voz04--><!--desk-in-out-voz04--><br \/>\n<!--publicidad-voz05--><a href=\"https:\/\/www.facebook.com\/asociaciontamborileroshellin?locale=es_ES\"><img decoding=\"async\" class=\"alignnone size-medium\" src=\"https:\/\/blogger.googleusercontent.com\/img\/b\/R29vZ2xl\/AVvXsEhHEEpZsKK1VpwiYMrS7aE2ujtqIDZoLd4B5wtbiseSU9s2HdTdQfhF84So2XwEB1fv0BLw95GADm6hUl1bkKtzh-eIgVigXONuu_5RxeIMPhjk8q6uNX4EaEHbooKkbu7pCADWPpVJjhKIH5NQSJpWqedC-YBez4QAQeJYokkLot9bhrIaUAeztsGis6M\/s1600\/logo-principal3.jpg\" width=\"100%\" height=\"100\" \/><\/a><!--bestpublic-voz05--><!--desk-in-out-voz05--><br \/>\n<!--publicidad-voz06--><!--bestpublic-voz06--><!--desk-in-out-voz06--><br \/>\n<!--publicidad-voz07--><!--bestpublic-voz07--><!--desk-in-out-voz07--><br \/>\n<!--publicidad-voz08--><!--bestpublic-voz08--><!--desk-in-out-voz08--><br \/>\n<!--publicidad-voz09--><!--bestpublic-voz09--><!--desk-in-out-voz09--><br \/>\n<!--publicidad-voz10--><!--bestpublic-voz10--><!--desk-in-out-voz10--><br \/>\n<!--publicidad-voz11--><!--bestpublic-voz11--><!--desk-in-out-voz11--><br \/>\n<!--publicidad-voz12--><!--bestpublic-voz12--><!--desk-in-out-voz12--><br \/>\n<!--publicidad-voz13--><!--bestpublic-voz13--><!--desk-in-out-voz13--><br \/>\n<!--publicidad-voz14--><!--bestpublic-voz14--><!--desk-in-out-voz14--><br \/>\n<!--publicidad-voz15--><!--bestpublic-voz15--><!--desk-in-out-voz15--><br \/>\n<!--publicidad-voz16--><!--bestpublic-voz16--><!--desk-in-out-voz16--><\/p>\n","protected":false},"excerpt":{"rendered":"<p>Circuito de Diputaci\u00f3n \u2018Ferroice\u2019<\/p>\n","protected":false},"author":2,"featured_media":149092,"comment_status":"closed","ping_status":"closed","sticky":false,"template":"","format":"standard","meta":{"footnotes":""},"categories":[753,718,715,716,717],"tags":[],"class_list":["post-149091","post","type-post","status-publish","format-standard","has-post-thumbnail","hentry","category-blog-lv034","category-blogger","category-la-voz-de-hellin","category-la-voz-de-hellin-la-voz-de-hellin","category-noticias"],"_links":{"self":[{"href":"https:\/\/lavozdehellin.com\/noticias\/wp-json\/wp\/v2\/posts\/149091","targetHints":{"allow":["GET"]}}],"collection":[{"href":"https:\/\/lavozdehellin.com\/noticias\/wp-json\/wp\/v2\/posts"}],"about":[{"href":"https:\/\/lavozdehellin.com\/noticias\/wp-json\/wp\/v2\/types\/post"}],"author":[{"embeddable":true,"href":"https:\/\/lavozdehellin.com\/noticias\/wp-json\/wp\/v2\/users\/2"}],"replies":[{"embeddable":true,"href":"https:\/\/lavozdehellin.com\/noticias\/wp-json\/wp\/v2\/comments?post=149091"}],"version-history":[{"count":0,"href":"https:\/\/lavozdehellin.com\/noticias\/wp-json\/wp\/v2\/posts\/149091\/revisions"}],"wp:featuredmedia":[{"embeddable":true,"href":"https:\/\/lavozdehellin.com\/noticias\/wp-json\/wp\/v2\/media\/149092"}],"wp:attachment":[{"href":"https:\/\/lavozdehellin.com\/noticias\/wp-json\/wp\/v2\/media?parent=149091"}],"wp:term":[{"taxonomy":"category","embeddable":true,"href":"https:\/\/lavozdehellin.com\/noticias\/wp-json\/wp\/v2\/categories?post=149091"},{"taxonomy":"post_tag","embeddable":true,"href":"https:\/\/lavozdehellin.com\/noticias\/wp-json\/wp\/v2\/tags?post=149091"}],"curies":[{"name":"wp","href":"https:\/\/api.w.org\/{rel}","templated":true}]}}