{"id":149100,"date":"2024-02-27T11:09:33","date_gmt":"2024-02-27T10:09:33","guid":{"rendered":"https:\/\/lavozdehellin.com\/noticias\/?p=149100"},"modified":"2024-03-11T09:49:33","modified_gmt":"2024-03-11T08:49:33","slug":"v08-378-hellin-aprueba-una-mocion-para-la-creacion-de-un-centro-de-hemodialisis-en-el-municipio","status":"publish","type":"post","link":"https:\/\/lavozdehellin.com\/noticias\/v08-378-hellin-aprueba-una-mocion-para-la-creacion-de-un-centro-de-hemodialisis-en-el-municipio\/","title":{"rendered":"LVH NOTICIAS | HELL\u00cdN APRUEBA UNA MOCI\u00d3N PARA LA CREACI\u00d3N DE UN CENTRO DE HEMODI\u00c1LISIS EN EL MUNICIPIO"},"content":{"rendered":"<p style=\"text-align: justify;\">La moci\u00f3n se ha aprobado por unanimidad de los tres grupos pol\u00edticos que forman el pleno del Ayuntamiento de Hell\u00edn.<\/p>\n<p><!--more--><br \/>\n<!--publicidad-voz01--><a href=\"https:\/\/www.facebook.com\/SoloRadioHellin\/?locale=es_ES\"><img decoding=\"async\" class=\"alignnone size-medium\" src=\"https:\/\/blogger.googleusercontent.com\/img\/b\/R29vZ2xl\/AVvXsEiNncirNnyGedv00mhjZjh5Wl4_YPdJGanoAl8tL8zH-HwqE8uHqjEfSt340RHdx-9tuCSIkZ8rFamZiGyYlgDGxCsmXjCH_1xk5eYM3ntFZRvJP_jndOKR7w1UAo9Tu0vrZyOLfqRpHIxYI5SymJJ-pfGCQw6QVpggBH-UgfjiFQ2JOxqxG0Jx94kW83c\/s1600\/logo-principal.jpg\" width=\"100%\" height=\"100\" \/><\/a><!--bestpublic-voz01--><!--desk-in-out-voz01--><br \/>\n<!--publicidad-voz02--><a href=\"https:\/\/www.hellincf.com\/\"><img decoding=\"async\" class=\"alignnone size-medium\" src=\"https:\/\/blogger.googleusercontent.com\/img\/b\/R29vZ2xl\/AVvXsEhuZ4-XfBVj3UtdP8-RZugy3WVrg-Zv28c53m4oV47qYCxL1rX_dqWX_YddsGSnpH5SRDqZ7bZeKPIfDVCDncpjVlhy3aQs2vojcJBn7Gdv9hC2_Nzct_pRFrnFE1a7KTCdY1bT_kAgnY3-iadRZrGeJf1fR2P5fu11bokx0pWjaypoy-ctwCjklldpEbA\/s1600\/logo-principal7.jpg\" width=\"100%\" height=\"100\" \/><\/a><!--bestpublic-voz02--><!--desk-in-out-voz02--><\/p>\n<p style=\"text-align: justify;\">El Ayuntamiento de Hell\u00edn ha aprobado por unanimidad una moci\u00f3n en la que insta a la Consejer\u00eda de Sanidad del Gobierno de la Junta de Comunidades de Castilla \u2013 La Mancha que estudie de forma efectiva bajo criterios t\u00e9cnicos, sociales y econ\u00f3micos de mejora y optimizaci\u00f3n del servicio dado a los pacientes, la creaci\u00f3n de un centro de hemodi\u00e1lisis en Hell\u00edn, que se ocupar\u00eda de m\u00e1s de 20 pacientes de localidades pr\u00f3ximas, que incluyen la zona de las comarcas de Sierra del Segura y Campos de Hell\u00edn y que reducir\u00eda en casi medio mill\u00f3n los kil\u00f3metros anuales los desplazamientos de pacientes hasta Albacete.<\/p>\n<p style=\"text-align: justify;\">La provincia de Albacete tiene una extensi\u00f3n de cerca de 15.000 Km cuadrados, contando con una parte monta\u00f1osa en las Sierras de Alcaraz y Segura. Cuenta con 87 municipios, situ\u00e1ndose 18 a m\u00e1s de 90 Km. de la capital y 24 de ellos, a m\u00e1s de 1 horade distancia en condiciones normales con un veh\u00edculo medio.<\/p>\n<p style=\"text-align: justify;\">En la provincia de Albacete hay solo una localidad con hemodi\u00e1lisis, que atiende a 387.000 habitantes de su provincia, m\u00e1s varios pueblos de Cuenca con unos 40.000 habitantes. Reciben hemodi\u00e1lisis en Albacete capital, algo m\u00e1s de 200 pacientes entre la cl\u00ednica de Avericum y el Hospital, a los que se le suman alrededor de 20 pacientes de la lim\u00edtrofe provincia de Cuenca.<\/p>\n<p style=\"text-align: justify;\">En la actualidad\u00a0est\u00e1n recibiendo di\u00e1lisis un n\u00famero de pacientes pr\u00f3ximo a su nivel m\u00e1ximo de capacidad.<\/p>\n<p style=\"text-align: justify;\">La inmensa mayor\u00eda de las provincias espa\u00f1olas tienen 2 y m\u00e1s localidades con centros de hemodi\u00e1lisis.<\/p>\n<p style=\"text-align: justify;\">En Ciudad Real con 506.000 habitantes, existen 4 centros en 3 localidades (Ciudad Real (2), Alc\u00e1zar de San Juan y Puertollano y Toledo dispone de 3 centros en 2 localidades (Toledo y Talavera de la Reina).<\/p>\n<p style=\"text-align: justify;\">El tiempo de viaje al d\u00eda que soporta un elevado n\u00famero de pacientes en hemodi\u00e1lisis se encuentra entre las 2 y las 4 horas de viaje directo, a lo que hay que a\u00f1adir las paradas y esperas al inicio y durante el trayecto para recoger a otros pacientes. Por esto, el tiempo de viaje diario, 3 veces a la semana, sobrepasa habitualmente las 3 horas, llegando hasta las 5 en condiciones normales. Estas penosas condiciones se dan en enfermos cr\u00f3nicos, que soportan, durante muchos a\u00f1os, estas circunstancias, aparte de someterse a 4 horas de di\u00e1lisis.<\/p>\n<p style=\"text-align: justify;\">Esta situaci\u00f3n es muy discriminatoria para los pacientes de Albacete, en comparaci\u00f3n con sus provincias vecinas; algunos de estos pacientes tienen que dejar su pueblo de residencia, para as\u00ed poder recibir el tratamiento que precisa.<\/p>\n<p><!--publicidad-voz03--><a href=\"https:\/\/www.facebook.com\/profile.php?id=100063593791305&amp;locale=es_ES\"><img decoding=\"async\" class=\"alignnone size-medium\" src=\"https:\/\/blogger.googleusercontent.com\/img\/b\/R29vZ2xl\/AVvXsEi8_n_ll8UOcGxCqzFvb_9Io4ICczlGC990BPtPj2w9Px-u7B3oqWUW5vtjZUqPNJ-nyjiUIorE0ATsib_l5tV8BVN-UJ03RTnU__IHJF_4DgDBtY4LIqXNG-FomrO-7ywes20CBCRM2Hcm7EJSh3UUw1dO-c_uTflUrtgY1i7uBRezj_DpympmEFkfbQY\/s1600\/logo-principal2.jpg\" width=\"100%\" height=\"100\" \/><\/a><!--bestpublic-voz03--><!--desk-in-out-voz03--><br \/>\n<!--publicidad-voz04--><a href=\"https:\/\/www.facebook.com\/profile.php?id=61557370768692&amp;locale=es_ES\"><img decoding=\"async\" class=\"alignnone size-medium\" src=\"https:\/\/blogger.googleusercontent.com\/img\/b\/R29vZ2xl\/AVvXsEgy5RdcfffrnrItnYTcV9bCJjgJwldsQLWssfVfrLbyfXeBNTFKgBf0rMIvhrUaGUhiXzVr9_eQgCbi-j63ZDpfTvLIty9w7s140y-m1yHe7eKmEK7v2NAHUJDVYGdfeiQFeRCqUjdwWmN1MX_AUxxz4IVdJ4WIM0APxit8bjWkXzrnEFGqBvW_1F13H1g\/s1600\/logo-principal5.jpg\" width=\"100%\" height=\"100\" \/><\/a><!--bestpublic-voz04--><!--desk-in-out-voz04--><br \/>\n<!--publicidad-voz05--><a href=\"https:\/\/www.facebook.com\/asociaciontamborileroshellin?locale=es_ES\"><img decoding=\"async\" class=\"alignnone size-medium\" src=\"https:\/\/blogger.googleusercontent.com\/img\/b\/R29vZ2xl\/AVvXsEhHEEpZsKK1VpwiYMrS7aE2ujtqIDZoLd4B5wtbiseSU9s2HdTdQfhF84So2XwEB1fv0BLw95GADm6hUl1bkKtzh-eIgVigXONuu_5RxeIMPhjk8q6uNX4EaEHbooKkbu7pCADWPpVJjhKIH5NQSJpWqedC-YBez4QAQeJYokkLot9bhrIaUAeztsGis6M\/s1600\/logo-principal3.jpg\" width=\"100%\" height=\"100\" \/><\/a><!--bestpublic-voz05--><!--desk-in-out-voz05--><br \/>\n<!--publicidad-voz06--><!--bestpublic-voz06--><!--desk-in-out-voz06--><br \/>\n<!--publicidad-voz07--><!--bestpublic-voz07--><!--desk-in-out-voz07--><br \/>\n<!--publicidad-voz08--><!--bestpublic-voz08--><!--desk-in-out-voz08--><br \/>\n<!--publicidad-voz09--><!--bestpublic-voz09--><!--desk-in-out-voz09--><br \/>\n<!--publicidad-voz10--><!--bestpublic-voz10--><!--desk-in-out-voz10--><br \/>\n<!--publicidad-voz11--><!--bestpublic-voz11--><!--desk-in-out-voz11--><br \/>\n<!--publicidad-voz12--><!--bestpublic-voz12--><!--desk-in-out-voz12--><br \/>\n<!--publicidad-voz13--><!--bestpublic-voz13--><!--desk-in-out-voz13--><br \/>\n<!--publicidad-voz14--><!--bestpublic-voz14--><!--desk-in-out-voz14--><br \/>\n<!--publicidad-voz15--><!--bestpublic-voz15--><!--desk-in-out-voz15--><br \/>\n<!--publicidad-voz16--><!--bestpublic-voz16--><!--desk-in-out-voz16--><\/p>\n","protected":false},"excerpt":{"rendered":"<p>La moci\u00f3n se ha aprobado por unanimidad de los tres grupos pol\u00edticos que forman el pleno del Ayuntamiento de Hell\u00edn.<\/p>\n","protected":false},"author":2,"featured_media":149102,"comment_status":"closed","ping_status":"closed","sticky":false,"template":"","format":"standard","meta":{"footnotes":""},"categories":[753,718,715,716,717],"tags":[],"class_list":["post-149100","post","type-post","status-publish","format-standard","has-post-thumbnail","hentry","category-blog-lv034","category-blogger","category-la-voz-de-hellin","category-la-voz-de-hellin-la-voz-de-hellin","category-noticias"],"_links":{"self":[{"href":"https:\/\/lavozdehellin.com\/noticias\/wp-json\/wp\/v2\/posts\/149100","targetHints":{"allow":["GET"]}}],"collection":[{"href":"https:\/\/lavozdehellin.com\/noticias\/wp-json\/wp\/v2\/posts"}],"about":[{"href":"https:\/\/lavozdehellin.com\/noticias\/wp-json\/wp\/v2\/types\/post"}],"author":[{"embeddable":true,"href":"https:\/\/lavozdehellin.com\/noticias\/wp-json\/wp\/v2\/users\/2"}],"replies":[{"embeddable":true,"href":"https:\/\/lavozdehellin.com\/noticias\/wp-json\/wp\/v2\/comments?post=149100"}],"version-history":[{"count":0,"href":"https:\/\/lavozdehellin.com\/noticias\/wp-json\/wp\/v2\/posts\/149100\/revisions"}],"wp:featuredmedia":[{"embeddable":true,"href":"https:\/\/lavozdehellin.com\/noticias\/wp-json\/wp\/v2\/media\/149102"}],"wp:attachment":[{"href":"https:\/\/lavozdehellin.com\/noticias\/wp-json\/wp\/v2\/media?parent=149100"}],"wp:term":[{"taxonomy":"category","embeddable":true,"href":"https:\/\/lavozdehellin.com\/noticias\/wp-json\/wp\/v2\/categories?post=149100"},{"taxonomy":"post_tag","embeddable":true,"href":"https:\/\/lavozdehellin.com\/noticias\/wp-json\/wp\/v2\/tags?post=149100"}],"curies":[{"name":"wp","href":"https:\/\/api.w.org\/{rel}","templated":true}]}}