{"id":149107,"date":"2024-02-28T08:41:38","date_gmt":"2024-02-28T07:41:38","guid":{"rendered":"https:\/\/lavozdehellin.com\/noticias\/?p=149107"},"modified":"2024-03-11T09:49:32","modified_gmt":"2024-03-11T08:49:32","slug":"v08-380-el-ayuntamiento-de-hellin-comienza-la-instalacion-de-camaras-de-control-del-trafico-en-diferentes-puntos-de-la-ciudad","status":"publish","type":"post","link":"https:\/\/lavozdehellin.com\/noticias\/v08-380-el-ayuntamiento-de-hellin-comienza-la-instalacion-de-camaras-de-control-del-trafico-en-diferentes-puntos-de-la-ciudad\/","title":{"rendered":"LVH NOTICIAS | EL AYUNTAMIENTO DE HELL\u00cdN COMIENZA LA INSTALACI\u00d3N DE C\u00c1MARAS DE CONTROL DEL TR\u00c1FICO EN DIFERENTES PUNTOS DE LA CIUDAD"},"content":{"rendered":"<p style=\"text-align: justify;\">Esta plataforma de seguridad integral permite la gesti\u00f3n, visualizaci\u00f3n y grabaci\u00f3n de v\u00eddeo de forma localizada en diferentes puntos del municipio.<\/p>\n<p><!--more--><br \/>\n<!--publicidad-voz01--><a href=\"https:\/\/www.facebook.com\/SoloRadioHellin\/?locale=es_ES\"><img decoding=\"async\" class=\"alignnone size-medium\" src=\"https:\/\/blogger.googleusercontent.com\/img\/b\/R29vZ2xl\/AVvXsEiNncirNnyGedv00mhjZjh5Wl4_YPdJGanoAl8tL8zH-HwqE8uHqjEfSt340RHdx-9tuCSIkZ8rFamZiGyYlgDGxCsmXjCH_1xk5eYM3ntFZRvJP_jndOKR7w1UAo9Tu0vrZyOLfqRpHIxYI5SymJJ-pfGCQw6QVpggBH-UgfjiFQ2JOxqxG0Jx94kW83c\/s1600\/logo-principal.jpg\" width=\"100%\" height=\"100\" \/><\/a><!--bestpublic-voz01--><!--desk-in-out-voz01--><br \/>\n<!--publicidad-voz02--><a href=\"https:\/\/www.hellincf.com\/\"><img decoding=\"async\" class=\"alignnone size-medium\" src=\"https:\/\/blogger.googleusercontent.com\/img\/b\/R29vZ2xl\/AVvXsEhuZ4-XfBVj3UtdP8-RZugy3WVrg-Zv28c53m4oV47qYCxL1rX_dqWX_YddsGSnpH5SRDqZ7bZeKPIfDVCDncpjVlhy3aQs2vojcJBn7Gdv9hC2_Nzct_pRFrnFE1a7KTCdY1bT_kAgnY3-iadRZrGeJf1fR2P5fu11bokx0pWjaypoy-ctwCjklldpEbA\/s1600\/logo-principal7.jpg\" width=\"100%\" height=\"100\" \/><\/a><!--bestpublic-voz02--><!--desk-in-out-voz02--><\/p>\n<p style=\"text-align: justify;\">El Ayuntamiento de Hell\u00edn (Albacete) ha dado un paso hacia la digitalizaci\u00f3n de la localidad poniendo la tecnolog\u00eda al servicio de la seguridad ciudadana a trav\u00e9s de la instalaci\u00f3n de un sistema de c\u00e1maras de videovigilancia de tr\u00e1fico. Se trata de una plataforma de seguridad integral que permite la gesti\u00f3n, visualizaci\u00f3n y grabaci\u00f3n de v\u00eddeo de forma localizada en diferentes puntos del municipio, que tiene por objetivo la vigilancia y regulaci\u00f3n del tr\u00e1fico en la v\u00eda p\u00fablica.<\/p>\n<p style=\"text-align: justify;\">As\u00ed lo han explicado el alcalde de Hell\u00edn y responsable del \u00e1rea de Seguridad, Manuel Serena y el jefe de la polic\u00eda local, Francisco Jos\u00e9 Paterna, ante los medios de comunicaci\u00f3n.<\/p>\n<p style=\"text-align: justify;\">La empresa adjudicataria del contrato es SOL-FIX (Guadalajara) ser\u00e1 la encargada, esta primera fase del proyecto, de instalar los 4 grupos de c\u00e1maras de alta resoluci\u00f3n y visi\u00f3n nocturna en distintas calles del casco urbano ubicadas en un primer t\u00e9rmino en Plaza de la Guardia Civil, zona de Cuatro Caminos, \u00e1rea de influencia del Jard\u00edn Mart\u00ednez Parras y en los aleda\u00f1os de la Casa de la Cultura, las cuales podr\u00e1n reubicarse igualmente en cualquier parte de la ciudad seg\u00fan las necesidades.<\/p>\n<p style=\"text-align: justify;\">El jefe de la Polic\u00eda Local de Hell\u00edn, Francisco Jos\u00e9 Paterna, ha se\u00f1alado la importancia de la instalaci\u00f3n de este tipo de vigilancia vial \u201cya que, como ocurre en otros municipios d\u00f3nde se han instalado, estas c\u00e1maras est\u00e1n monitorizadas directamente con el ret\u00e9n de la polic\u00eda local y ejercen un servicio de control del tr\u00e1nsito para actuar en caso de posibles robos o huidas de veh\u00edculos\u201d.<\/p>\n<p style=\"text-align: justify;\">El alcalde de Hell\u00edn, Manuel Serena, ha matizado \u201cque esta inversi\u00f3n tiene una finalidad importante para dotar de mayor seguridad y control de la circulaci\u00f3n vial necesaria para el departamento de la polic\u00eda municipal en sus trabajos diarios\u201d, a\u00f1adiendo \u201cque se empieza a cumplir el punto 16 de nuestro programa electoral\u201d.<\/p>\n<p><!--publicidad-voz03--><a href=\"https:\/\/www.facebook.com\/profile.php?id=100063593791305&amp;locale=es_ES\"><img decoding=\"async\" class=\"alignnone size-medium\" src=\"https:\/\/blogger.googleusercontent.com\/img\/b\/R29vZ2xl\/AVvXsEi8_n_ll8UOcGxCqzFvb_9Io4ICczlGC990BPtPj2w9Px-u7B3oqWUW5vtjZUqPNJ-nyjiUIorE0ATsib_l5tV8BVN-UJ03RTnU__IHJF_4DgDBtY4LIqXNG-FomrO-7ywes20CBCRM2Hcm7EJSh3UUw1dO-c_uTflUrtgY1i7uBRezj_DpympmEFkfbQY\/s1600\/logo-principal2.jpg\" width=\"100%\" height=\"100\" \/><\/a><!--bestpublic-voz03--><!--desk-in-out-voz03--><br \/>\n<!--publicidad-voz04--><a href=\"https:\/\/www.facebook.com\/profile.php?id=61557370768692&amp;locale=es_ES\"><img decoding=\"async\" class=\"alignnone size-medium\" src=\"https:\/\/blogger.googleusercontent.com\/img\/b\/R29vZ2xl\/AVvXsEgy5RdcfffrnrItnYTcV9bCJjgJwldsQLWssfVfrLbyfXeBNTFKgBf0rMIvhrUaGUhiXzVr9_eQgCbi-j63ZDpfTvLIty9w7s140y-m1yHe7eKmEK7v2NAHUJDVYGdfeiQFeRCqUjdwWmN1MX_AUxxz4IVdJ4WIM0APxit8bjWkXzrnEFGqBvW_1F13H1g\/s1600\/logo-principal5.jpg\" width=\"100%\" height=\"100\" \/><\/a><!--bestpublic-voz04--><!--desk-in-out-voz04--><br \/>\n<!--publicidad-voz05--><a href=\"https:\/\/www.facebook.com\/asociaciontamborileroshellin?locale=es_ES\"><img decoding=\"async\" class=\"alignnone size-medium\" src=\"https:\/\/blogger.googleusercontent.com\/img\/b\/R29vZ2xl\/AVvXsEhHEEpZsKK1VpwiYMrS7aE2ujtqIDZoLd4B5wtbiseSU9s2HdTdQfhF84So2XwEB1fv0BLw95GADm6hUl1bkKtzh-eIgVigXONuu_5RxeIMPhjk8q6uNX4EaEHbooKkbu7pCADWPpVJjhKIH5NQSJpWqedC-YBez4QAQeJYokkLot9bhrIaUAeztsGis6M\/s1600\/logo-principal3.jpg\" width=\"100%\" height=\"100\" \/><\/a><!--bestpublic-voz05--><!--desk-in-out-voz05--><br \/>\n<!--publicidad-voz06--><!--bestpublic-voz06--><!--desk-in-out-voz06--><br \/>\n<!--publicidad-voz07--><!--bestpublic-voz07--><!--desk-in-out-voz07--><br \/>\n<!--publicidad-voz08--><!--bestpublic-voz08--><!--desk-in-out-voz08--><br \/>\n<!--publicidad-voz09--><!--bestpublic-voz09--><!--desk-in-out-voz09--><br \/>\n<!--publicidad-voz10--><!--bestpublic-voz10--><!--desk-in-out-voz10--><br \/>\n<!--publicidad-voz11--><!--bestpublic-voz11--><!--desk-in-out-voz11--><br \/>\n<!--publicidad-voz12--><!--bestpublic-voz12--><!--desk-in-out-voz12--><br \/>\n<!--publicidad-voz13--><!--bestpublic-voz13--><!--desk-in-out-voz13--><br \/>\n<!--publicidad-voz14--><!--bestpublic-voz14--><!--desk-in-out-voz14--><br \/>\n<!--publicidad-voz15--><!--bestpublic-voz15--><!--desk-in-out-voz15--><br \/>\n<!--publicidad-voz16--><!--bestpublic-voz16--><!--desk-in-out-voz16--><\/p>\n","protected":false},"excerpt":{"rendered":"<p>Esta plataforma de seguridad integral permite la gesti\u00f3n, visualizaci\u00f3n y grabaci\u00f3n de v\u00eddeo de forma localizada en diferentes puntos del municipio.<\/p>\n","protected":false},"author":2,"featured_media":149108,"comment_status":"closed","ping_status":"closed","sticky":false,"template":"","format":"standard","meta":{"footnotes":""},"categories":[753,718,715,716,717],"tags":[],"class_list":["post-149107","post","type-post","status-publish","format-standard","has-post-thumbnail","hentry","category-blog-lv034","category-blogger","category-la-voz-de-hellin","category-la-voz-de-hellin-la-voz-de-hellin","category-noticias"],"_links":{"self":[{"href":"https:\/\/lavozdehellin.com\/noticias\/wp-json\/wp\/v2\/posts\/149107","targetHints":{"allow":["GET"]}}],"collection":[{"href":"https:\/\/lavozdehellin.com\/noticias\/wp-json\/wp\/v2\/posts"}],"about":[{"href":"https:\/\/lavozdehellin.com\/noticias\/wp-json\/wp\/v2\/types\/post"}],"author":[{"embeddable":true,"href":"https:\/\/lavozdehellin.com\/noticias\/wp-json\/wp\/v2\/users\/2"}],"replies":[{"embeddable":true,"href":"https:\/\/lavozdehellin.com\/noticias\/wp-json\/wp\/v2\/comments?post=149107"}],"version-history":[{"count":0,"href":"https:\/\/lavozdehellin.com\/noticias\/wp-json\/wp\/v2\/posts\/149107\/revisions"}],"wp:featuredmedia":[{"embeddable":true,"href":"https:\/\/lavozdehellin.com\/noticias\/wp-json\/wp\/v2\/media\/149108"}],"wp:attachment":[{"href":"https:\/\/lavozdehellin.com\/noticias\/wp-json\/wp\/v2\/media?parent=149107"}],"wp:term":[{"taxonomy":"category","embeddable":true,"href":"https:\/\/lavozdehellin.com\/noticias\/wp-json\/wp\/v2\/categories?post=149107"},{"taxonomy":"post_tag","embeddable":true,"href":"https:\/\/lavozdehellin.com\/noticias\/wp-json\/wp\/v2\/tags?post=149107"}],"curies":[{"name":"wp","href":"https:\/\/api.w.org\/{rel}","templated":true}]}}