{"id":149110,"date":"2024-02-28T11:46:45","date_gmt":"2024-02-28T10:46:45","guid":{"rendered":"https:\/\/lavozdehellin.com\/noticias\/?p=149110"},"modified":"2024-03-11T09:49:32","modified_gmt":"2024-03-11T08:49:32","slug":"v08-383-la-guardia-civil-de-albacete-detiene-a-una-persona-y-desarticula-un-punto-de-venta-de-drogas","status":"publish","type":"post","link":"https:\/\/lavozdehellin.com\/noticias\/v08-383-la-guardia-civil-de-albacete-detiene-a-una-persona-y-desarticula-un-punto-de-venta-de-drogas\/","title":{"rendered":"LVH NOTICIAS | LA GUARDIA CIVIL DE ALBACETE DETIENE A UNA PERSONA Y DESARTICULA UN PUNTO DE VENTA DE DROGAS"},"content":{"rendered":"<p style=\"text-align: justify;\">El punto de venta de estupefacientes desmantelado estaba ubicado en una vivienda de Casas Ib\u00e1\u00f1ez<\/p>\n<p><!--more--><br \/>\n<!--publicidad-voz01--><a href=\"https:\/\/www.facebook.com\/SoloRadioHellin\/?locale=es_ES\"><img decoding=\"async\" class=\"alignnone size-medium\" src=\"https:\/\/blogger.googleusercontent.com\/img\/b\/R29vZ2xl\/AVvXsEiNncirNnyGedv00mhjZjh5Wl4_YPdJGanoAl8tL8zH-HwqE8uHqjEfSt340RHdx-9tuCSIkZ8rFamZiGyYlgDGxCsmXjCH_1xk5eYM3ntFZRvJP_jndOKR7w1UAo9Tu0vrZyOLfqRpHIxYI5SymJJ-pfGCQw6QVpggBH-UgfjiFQ2JOxqxG0Jx94kW83c\/s1600\/logo-principal.jpg\" width=\"100%\" height=\"100\" \/><\/a><!--bestpublic-voz01--><!--desk-in-out-voz01--><br \/>\n<!--publicidad-voz02--><a href=\"https:\/\/www.hellincf.com\/\"><img decoding=\"async\" class=\"alignnone size-medium\" src=\"https:\/\/blogger.googleusercontent.com\/img\/b\/R29vZ2xl\/AVvXsEhuZ4-XfBVj3UtdP8-RZugy3WVrg-Zv28c53m4oV47qYCxL1rX_dqWX_YddsGSnpH5SRDqZ7bZeKPIfDVCDncpjVlhy3aQs2vojcJBn7Gdv9hC2_Nzct_pRFrnFE1a7KTCdY1bT_kAgnY3-iadRZrGeJf1fR2P5fu11bokx0pWjaypoy-ctwCjklldpEbA\/s1600\/logo-principal7.jpg\" width=\"100%\" height=\"100\" \/><\/a><!--bestpublic-voz02--><!--desk-in-out-voz02--><\/p>\n<p style=\"text-align: justify;\">Las sustancias intervenidas por la Guardia Civil hubiesen supuesto 660 dosis en el mercado il\u00edcito<\/p>\n<p style=\"text-align: justify;\">Efectivos de la Guardia Civil de Albacete han detenido a un vecino de la localidad albacetense de Casas Ib\u00e1\u00f1ez, de 42 a\u00f1os de edad, como presunto autor de un delito contra la salud p\u00fablica en la modalidad de tr\u00e1fico de drogas.<\/p>\n<p style=\"text-align: justify;\">Actuaciones<\/p>\n<p style=\"text-align: justify;\">Dentro de los servicios que la Guardia Civil de Albacete lleva a cabo para prevenir y localizar puntos de venta de droga en toda su provincia, efectivos de la Benem\u00e9rita de Casas Ib\u00e1\u00f1ez tuvieron conocimiento de la il\u00edcita actividad relacionada con la venta y distribuci\u00f3n de sustancias estupefacientes, concretamente coca\u00edna, que se podr\u00eda estar llevando a cabo en un domicilio de esa misma localidad.<\/p>\n<p style=\"text-align: justify;\">Registro y efectos intervenidos<\/p>\n<p style=\"text-align: justify;\">Una vez localizada dicha vivienda, la Guardia Civil inici\u00f3 las gestiones oportunas para identificar a la persona que estar\u00eda detr\u00e1s de la actividad delictiva, realizando una vez identificada, un registro en la misma donde se intervinieron los siguientes efectos:<\/p>\n<p style=\"text-align: justify;\">\u2022 59 envases de pl\u00e1stico que conten\u00edan 49 gramos de una sustancia blanca, que despu\u00e9s de ser analizada por medio de un narcotest result\u00f3 ser coca\u00edna.<\/p>\n<p style=\"text-align: justify;\">\u2022 146 gramos de marihuana.<\/p>\n<p style=\"text-align: justify;\">\u2022 560 gramos de sustancia de corte.<\/p>\n<p style=\"text-align: justify;\">\u2022 Una b\u00e1scula, as\u00ed como diferentes elementos utilizados para la dosificaci\u00f3n y envasado de la droga.<\/p>\n<p style=\"text-align: justify;\">Punto de venta de drogas desmantelado y 660 dosis fuera del tr\u00e1fico il\u00edcito<\/p>\n<p style=\"text-align: justify;\">Una vez m\u00e1s la Benem\u00e9rita ha conseguido desmantelar un punto de venta de drogas en la localidad de Casas Ib\u00e1\u00f1ez, que no se limitaba al citado municipio, sino que la droga era tambi\u00e9n distribuida en localidades pr\u00f3ximas, retirando del mercado il\u00edcito unas 660 dosis de coca\u00edna y marihuana, resultando este tipo de actuaciones un aspecto fundamental para garantizar espacios saludables para nuestros j\u00f3venes.<br \/>\nUnidades participantes<\/p>\n<p style=\"text-align: justify;\">En la actuaci\u00f3n policial han participado efectivos de la Guardia Civil pertenecientes a los acuartelamientos de Casas Ib\u00e1\u00f1ez e Higueruela.<\/p>\n<p style=\"text-align: justify;\">Diligencias \/ detenido<\/p>\n<p style=\"text-align: justify;\">Las diligencias instruidas por la Guardia Civil, junto con la persona detenida, fueron puestas a disposici\u00f3n del Juzgado de Instrucci\u00f3n de Casas Ib\u00e1\u00f1ez que ha entendido de las actuaciones.<\/p>\n<p style=\"text-align: justify;\">C\u00f3digo Penal<\/p>\n<p style=\"text-align: justify;\">Seg\u00fan establece el art\u00edculo 368 del vigente C\u00f3digo Penal, para los delitos contra la salud p\u00fablica, en la modalidad de tr\u00e1fico de drogas, el detenido podr\u00eda enfrentarse a unas penas de prisi\u00f3n de 3 a 6 a\u00f1os.<\/p>\n<p><!--publicidad-voz03--><a href=\"https:\/\/www.facebook.com\/profile.php?id=100063593791305&amp;locale=es_ES\"><img decoding=\"async\" class=\"alignnone size-medium\" src=\"https:\/\/blogger.googleusercontent.com\/img\/b\/R29vZ2xl\/AVvXsEi8_n_ll8UOcGxCqzFvb_9Io4ICczlGC990BPtPj2w9Px-u7B3oqWUW5vtjZUqPNJ-nyjiUIorE0ATsib_l5tV8BVN-UJ03RTnU__IHJF_4DgDBtY4LIqXNG-FomrO-7ywes20CBCRM2Hcm7EJSh3UUw1dO-c_uTflUrtgY1i7uBRezj_DpympmEFkfbQY\/s1600\/logo-principal2.jpg\" width=\"100%\" height=\"100\" \/><\/a><!--bestpublic-voz03--><!--desk-in-out-voz03--><br \/>\n<!--publicidad-voz04--><a href=\"https:\/\/www.facebook.com\/profile.php?id=61557370768692&amp;locale=es_ES\"><img decoding=\"async\" class=\"alignnone size-medium\" src=\"https:\/\/blogger.googleusercontent.com\/img\/b\/R29vZ2xl\/AVvXsEgy5RdcfffrnrItnYTcV9bCJjgJwldsQLWssfVfrLbyfXeBNTFKgBf0rMIvhrUaGUhiXzVr9_eQgCbi-j63ZDpfTvLIty9w7s140y-m1yHe7eKmEK7v2NAHUJDVYGdfeiQFeRCqUjdwWmN1MX_AUxxz4IVdJ4WIM0APxit8bjWkXzrnEFGqBvW_1F13H1g\/s1600\/logo-principal5.jpg\" width=\"100%\" height=\"100\" \/><\/a><!--bestpublic-voz04--><!--desk-in-out-voz04--><br \/>\n<!--publicidad-voz05--><a href=\"https:\/\/www.facebook.com\/asociaciontamborileroshellin?locale=es_ES\"><img decoding=\"async\" class=\"alignnone size-medium\" src=\"https:\/\/blogger.googleusercontent.com\/img\/b\/R29vZ2xl\/AVvXsEhHEEpZsKK1VpwiYMrS7aE2ujtqIDZoLd4B5wtbiseSU9s2HdTdQfhF84So2XwEB1fv0BLw95GADm6hUl1bkKtzh-eIgVigXONuu_5RxeIMPhjk8q6uNX4EaEHbooKkbu7pCADWPpVJjhKIH5NQSJpWqedC-YBez4QAQeJYokkLot9bhrIaUAeztsGis6M\/s1600\/logo-principal3.jpg\" width=\"100%\" height=\"100\" \/><\/a><!--bestpublic-voz05--><!--desk-in-out-voz05--><br \/>\n<!--publicidad-voz06--><!--bestpublic-voz06--><!--desk-in-out-voz06--><br \/>\n<!--publicidad-voz07--><!--bestpublic-voz07--><!--desk-in-out-voz07--><br \/>\n<!--publicidad-voz08--><!--bestpublic-voz08--><!--desk-in-out-voz08--><br \/>\n<!--publicidad-voz09--><!--bestpublic-voz09--><!--desk-in-out-voz09--><br \/>\n<!--publicidad-voz10--><!--bestpublic-voz10--><!--desk-in-out-voz10--><br \/>\n<!--publicidad-voz11--><!--bestpublic-voz11--><!--desk-in-out-voz11--><br \/>\n<!--publicidad-voz12--><!--bestpublic-voz12--><!--desk-in-out-voz12--><br \/>\n<!--publicidad-voz13--><!--bestpublic-voz13--><!--desk-in-out-voz13--><br \/>\n<!--publicidad-voz14--><!--bestpublic-voz14--><!--desk-in-out-voz14--><br \/>\n<!--publicidad-voz15--><!--bestpublic-voz15--><!--desk-in-out-voz15--><br \/>\n<!--publicidad-voz16--><!--bestpublic-voz16--><!--desk-in-out-voz16--><\/p>\n","protected":false},"excerpt":{"rendered":"<p>El punto de venta de estupefacientes desmantelado estaba ubicado en una vivienda de Casas Ib\u00e1\u00f1ez<\/p>\n","protected":false},"author":2,"featured_media":149111,"comment_status":"closed","ping_status":"closed","sticky":false,"template":"","format":"standard","meta":{"footnotes":""},"categories":[753,718,715,716,717],"tags":[],"class_list":["post-149110","post","type-post","status-publish","format-standard","has-post-thumbnail","hentry","category-blog-lv034","category-blogger","category-la-voz-de-hellin","category-la-voz-de-hellin-la-voz-de-hellin","category-noticias"],"_links":{"self":[{"href":"https:\/\/lavozdehellin.com\/noticias\/wp-json\/wp\/v2\/posts\/149110","targetHints":{"allow":["GET"]}}],"collection":[{"href":"https:\/\/lavozdehellin.com\/noticias\/wp-json\/wp\/v2\/posts"}],"about":[{"href":"https:\/\/lavozdehellin.com\/noticias\/wp-json\/wp\/v2\/types\/post"}],"author":[{"embeddable":true,"href":"https:\/\/lavozdehellin.com\/noticias\/wp-json\/wp\/v2\/users\/2"}],"replies":[{"embeddable":true,"href":"https:\/\/lavozdehellin.com\/noticias\/wp-json\/wp\/v2\/comments?post=149110"}],"version-history":[{"count":0,"href":"https:\/\/lavozdehellin.com\/noticias\/wp-json\/wp\/v2\/posts\/149110\/revisions"}],"wp:featuredmedia":[{"embeddable":true,"href":"https:\/\/lavozdehellin.com\/noticias\/wp-json\/wp\/v2\/media\/149111"}],"wp:attachment":[{"href":"https:\/\/lavozdehellin.com\/noticias\/wp-json\/wp\/v2\/media?parent=149110"}],"wp:term":[{"taxonomy":"category","embeddable":true,"href":"https:\/\/lavozdehellin.com\/noticias\/wp-json\/wp\/v2\/categories?post=149110"},{"taxonomy":"post_tag","embeddable":true,"href":"https:\/\/lavozdehellin.com\/noticias\/wp-json\/wp\/v2\/tags?post=149110"}],"curies":[{"name":"wp","href":"https:\/\/api.w.org\/{rel}","templated":true}]}}