{"id":149113,"date":"2024-02-28T11:18:12","date_gmt":"2024-02-28T10:18:12","guid":{"rendered":"https:\/\/lavozdehellin.com\/noticias\/?p=149113"},"modified":"2024-03-11T09:49:32","modified_gmt":"2024-03-11T08:49:32","slug":"v08-381-la-guardia-civil-de-albacete-detiene-a-tres-personas-por-el-robo-en-el-interior-de-una-vivienda-de-la-herrera","status":"publish","type":"post","link":"https:\/\/lavozdehellin.com\/noticias\/v08-381-la-guardia-civil-de-albacete-detiene-a-tres-personas-por-el-robo-en-el-interior-de-una-vivienda-de-la-herrera\/","title":{"rendered":"LVH NOTICIAS | LA GUARDIA CIVIL DE ALBACETE DETIENE A TRES PERSONAS POR EL ROBO EN EL INTERIOR DE UNA VIVIENDA DE LA HERRERA"},"content":{"rendered":"<p style=\"text-align: justify;\">La r\u00e1pida actuaci\u00f3n de la Guardia Civil evit\u00f3 la sustracci\u00f3n de efectos del interior de la vivienda<\/p>\n<p><!--more--><br \/>\n<!--publicidad-voz01--><a href=\"https:\/\/www.facebook.com\/SoloRadioHellin\/?locale=es_ES\"><img decoding=\"async\" class=\"alignnone size-medium\" src=\"https:\/\/blogger.googleusercontent.com\/img\/b\/R29vZ2xl\/AVvXsEiNncirNnyGedv00mhjZjh5Wl4_YPdJGanoAl8tL8zH-HwqE8uHqjEfSt340RHdx-9tuCSIkZ8rFamZiGyYlgDGxCsmXjCH_1xk5eYM3ntFZRvJP_jndOKR7w1UAo9Tu0vrZyOLfqRpHIxYI5SymJJ-pfGCQw6QVpggBH-UgfjiFQ2JOxqxG0Jx94kW83c\/s1600\/logo-principal.jpg\" width=\"100%\" height=\"100\" \/><\/a><!--bestpublic-voz01--><!--desk-in-out-voz01--><br \/>\n<!--publicidad-voz02--><a href=\"https:\/\/www.hellincf.com\/\"><img decoding=\"async\" class=\"alignnone size-medium\" src=\"https:\/\/blogger.googleusercontent.com\/img\/b\/R29vZ2xl\/AVvXsEhuZ4-XfBVj3UtdP8-RZugy3WVrg-Zv28c53m4oV47qYCxL1rX_dqWX_YddsGSnpH5SRDqZ7bZeKPIfDVCDncpjVlhy3aQs2vojcJBn7Gdv9hC2_Nzct_pRFrnFE1a7KTCdY1bT_kAgnY3-iadRZrGeJf1fR2P5fu11bokx0pWjaypoy-ctwCjklldpEbA\/s1600\/logo-principal7.jpg\" width=\"100%\" height=\"100\" \/><\/a><!--bestpublic-voz02--><!--desk-in-out-voz02--><\/p>\n<p style=\"text-align: justify;\">A los detenidos se le intervino un juego de ganz\u00faas, un tel\u00e9fono m\u00f3vil y dos turismos<\/p>\n<p style=\"text-align: justify;\">Efectivos de la Guardia Civil de Balazote y de la Unidad de Seguridad Ciudadana (USECIC), pertenecientes a la Comandancia de la Benem\u00e9rita albacete\u00f1a, han detenido a tres personas, de nacionalidades rumana y brasile\u00f1a, de 38, 40 y 62 a\u00f1os de edad, como presuntos autores del robo con fuerza en el interior de una vivienda de la localidad albacete\u00f1a de Balazote.<\/p>\n<p style=\"text-align: justify;\">Actuaciones<\/p>\n<p style=\"text-align: justify;\">Los operadores del Centro Operativo Complejo (COC) de la Guardia Civil de Albacete, que atienden el tel\u00e9fono de urgencias 062, recibieron la llamada de un ciudadano que informaba de la sospechosa presencia de dos veh\u00edculos por la pedan\u00eda de La Herrera, a altas horas de la madrugada, con unas caracter\u00edsticas concretas.<\/p>\n<p style=\"text-align: justify;\">Desplazada una patrulla de servicio del Puesto de Balazote, pr\u00f3xima al lugar del suceso, los agentes de la misma observaron a su llegada como en una de las calles de la poblaci\u00f3n se encontraban estos dos veh\u00edculos, con las puertas abiertas y las llaves puestas, junto a una vivienda, que tambi\u00e9n ten\u00eda la puerta abierta.<\/p>\n<p style=\"text-align: justify;\">Al aproximarse a la puerta de la vivienda, los guardias civiles observaron en su interior el movimiento de al menos tres personas que al percatarse de la presencia policial intentaron huir por el tejado del inmueble, y de este a los tejados de las viviendas colindantes quedando finalmente aislados y cercados por los agentes.<\/p>\n<p style=\"text-align: justify;\">Ante la negativa a bajar del tejado, desde el COC se solicit\u00f3 el apoyo de efectivos de la USECIC que se encontraban pr\u00f3ximos a la localidad de La Herrera, procediendo a su llegada a la detenci\u00f3n de estas tres personas, una de las cuales se hab\u00eda tirado previamente desde el tejado hasta el patio de una vivienda resultando herido.<\/p>\n<p style=\"text-align: justify;\">Uso de ganz\u00faas para abrir la puerta de la vivienda<\/p>\n<p style=\"text-align: justify;\">Tras la detenci\u00f3n de estas personas, la Guardia Civil realiz\u00f3 la inspecci\u00f3n ocular de la vivienda, observando c\u00f3mo la cerradura de la puerta hab\u00eda sido abierta con alg\u00fan tipo de llave falsa o similar. Ya en el interior se observ\u00f3 un gran desorden, fruto del registro que llevaron a cabo los detenidos en su af\u00e1n de sustraer dinero, joyas u otros efectos de valor, impidi\u00e9ndose con la r\u00e1pida actuaci\u00f3n de la Guardia Civil.<\/p>\n<p style=\"text-align: justify;\">Efectos recuperados<\/p>\n<p style=\"text-align: justify;\">A los detenidos se les intervino un juego de llaves-ganz\u00faas para la apertura de puertas de seguridad, guantes, una linterna, un tel\u00e9fono m\u00f3vil, adem\u00e1s de los dos veh\u00edculos con los que se hab\u00edan desplazado hasta la localidad donde cometieron el robo.<\/p>\n<p style=\"text-align: justify;\">Tel\u00e9fono de urgencias 062 y ALERTCOPS<\/p>\n<p style=\"text-align: justify;\">La Guardia Civil agradece nuevamente la colaboraci\u00f3n ciudadana y recuerda su tel\u00e9fono de urgencias, el 062, disponible las 24 horas del d\u00eda, donde los ciudadanos pueden comunicar cualquier vicisitud que pudiera resultarle sospechosa.<\/p>\n<p style=\"text-align: justify;\">Igualmente, se informa de la existencia de la aplicaci\u00f3n de m\u00f3vil gratuita ALERTCOPS para que ante cualquier eventualidad puedan ponerse en contacto con las Fuerzas y Cuerpos de Seguridad del Estado.<\/p>\n<p style=\"text-align: justify;\">Diligencias \/ detenidos<\/p>\n<p style=\"text-align: justify;\">Las diligencias instruidas por el robo investigado, junto con los detenidos, fueron entregadas en el Juzgado de Instrucci\u00f3n N\u00ba DOS de los de Albacete, en funciones de guardia.<\/p>\n<p><!--publicidad-voz03--><a href=\"https:\/\/www.facebook.com\/profile.php?id=100063593791305&amp;locale=es_ES\"><img decoding=\"async\" class=\"alignnone size-medium\" src=\"https:\/\/blogger.googleusercontent.com\/img\/b\/R29vZ2xl\/AVvXsEi8_n_ll8UOcGxCqzFvb_9Io4ICczlGC990BPtPj2w9Px-u7B3oqWUW5vtjZUqPNJ-nyjiUIorE0ATsib_l5tV8BVN-UJ03RTnU__IHJF_4DgDBtY4LIqXNG-FomrO-7ywes20CBCRM2Hcm7EJSh3UUw1dO-c_uTflUrtgY1i7uBRezj_DpympmEFkfbQY\/s1600\/logo-principal2.jpg\" width=\"100%\" height=\"100\" \/><\/a><!--bestpublic-voz03--><!--desk-in-out-voz03--><br \/>\n<!--publicidad-voz04--><a href=\"https:\/\/www.facebook.com\/profile.php?id=61557370768692&amp;locale=es_ES\"><img decoding=\"async\" class=\"alignnone size-medium\" src=\"https:\/\/blogger.googleusercontent.com\/img\/b\/R29vZ2xl\/AVvXsEgy5RdcfffrnrItnYTcV9bCJjgJwldsQLWssfVfrLbyfXeBNTFKgBf0rMIvhrUaGUhiXzVr9_eQgCbi-j63ZDpfTvLIty9w7s140y-m1yHe7eKmEK7v2NAHUJDVYGdfeiQFeRCqUjdwWmN1MX_AUxxz4IVdJ4WIM0APxit8bjWkXzrnEFGqBvW_1F13H1g\/s1600\/logo-principal5.jpg\" width=\"100%\" height=\"100\" \/><\/a><!--bestpublic-voz04--><!--desk-in-out-voz04--><br \/>\n<!--publicidad-voz05--><a href=\"https:\/\/www.facebook.com\/asociaciontamborileroshellin?locale=es_ES\"><img decoding=\"async\" class=\"alignnone size-medium\" src=\"https:\/\/blogger.googleusercontent.com\/img\/b\/R29vZ2xl\/AVvXsEhHEEpZsKK1VpwiYMrS7aE2ujtqIDZoLd4B5wtbiseSU9s2HdTdQfhF84So2XwEB1fv0BLw95GADm6hUl1bkKtzh-eIgVigXONuu_5RxeIMPhjk8q6uNX4EaEHbooKkbu7pCADWPpVJjhKIH5NQSJpWqedC-YBez4QAQeJYokkLot9bhrIaUAeztsGis6M\/s1600\/logo-principal3.jpg\" width=\"100%\" height=\"100\" \/><\/a><!--bestpublic-voz05--><!--desk-in-out-voz05--><br \/>\n<!--publicidad-voz06--><!--bestpublic-voz06--><!--desk-in-out-voz06--><br \/>\n<!--publicidad-voz07--><!--bestpublic-voz07--><!--desk-in-out-voz07--><br \/>\n<!--publicidad-voz08--><!--bestpublic-voz08--><!--desk-in-out-voz08--><br \/>\n<!--publicidad-voz09--><!--bestpublic-voz09--><!--desk-in-out-voz09--><br \/>\n<!--publicidad-voz10--><!--bestpublic-voz10--><!--desk-in-out-voz10--><br \/>\n<!--publicidad-voz11--><!--bestpublic-voz11--><!--desk-in-out-voz11--><br \/>\n<!--publicidad-voz12--><!--bestpublic-voz12--><!--desk-in-out-voz12--><br \/>\n<!--publicidad-voz13--><!--bestpublic-voz13--><!--desk-in-out-voz13--><br \/>\n<!--publicidad-voz14--><!--bestpublic-voz14--><!--desk-in-out-voz14--><br \/>\n<!--publicidad-voz15--><!--bestpublic-voz15--><!--desk-in-out-voz15--><br \/>\n<!--publicidad-voz16--><!--bestpublic-voz16--><!--desk-in-out-voz16--><\/p>\n","protected":false},"excerpt":{"rendered":"<p>La r\u00e1pida actuaci\u00f3n de la Guardia Civil evit\u00f3 la sustracci\u00f3n de efectos del interior de la vivienda<\/p>\n","protected":false},"author":2,"featured_media":149114,"comment_status":"closed","ping_status":"closed","sticky":false,"template":"","format":"standard","meta":{"footnotes":""},"categories":[753,718,715,716,717],"tags":[],"class_list":["post-149113","post","type-post","status-publish","format-standard","has-post-thumbnail","hentry","category-blog-lv034","category-blogger","category-la-voz-de-hellin","category-la-voz-de-hellin-la-voz-de-hellin","category-noticias"],"_links":{"self":[{"href":"https:\/\/lavozdehellin.com\/noticias\/wp-json\/wp\/v2\/posts\/149113","targetHints":{"allow":["GET"]}}],"collection":[{"href":"https:\/\/lavozdehellin.com\/noticias\/wp-json\/wp\/v2\/posts"}],"about":[{"href":"https:\/\/lavozdehellin.com\/noticias\/wp-json\/wp\/v2\/types\/post"}],"author":[{"embeddable":true,"href":"https:\/\/lavozdehellin.com\/noticias\/wp-json\/wp\/v2\/users\/2"}],"replies":[{"embeddable":true,"href":"https:\/\/lavozdehellin.com\/noticias\/wp-json\/wp\/v2\/comments?post=149113"}],"version-history":[{"count":0,"href":"https:\/\/lavozdehellin.com\/noticias\/wp-json\/wp\/v2\/posts\/149113\/revisions"}],"wp:featuredmedia":[{"embeddable":true,"href":"https:\/\/lavozdehellin.com\/noticias\/wp-json\/wp\/v2\/media\/149114"}],"wp:attachment":[{"href":"https:\/\/lavozdehellin.com\/noticias\/wp-json\/wp\/v2\/media?parent=149113"}],"wp:term":[{"taxonomy":"category","embeddable":true,"href":"https:\/\/lavozdehellin.com\/noticias\/wp-json\/wp\/v2\/categories?post=149113"},{"taxonomy":"post_tag","embeddable":true,"href":"https:\/\/lavozdehellin.com\/noticias\/wp-json\/wp\/v2\/tags?post=149113"}],"curies":[{"name":"wp","href":"https:\/\/api.w.org\/{rel}","templated":true}]}}