{"id":149116,"date":"2024-02-28T11:30:25","date_gmt":"2024-02-28T10:30:25","guid":{"rendered":"https:\/\/lavozdehellin.com\/noticias\/?p=149116"},"modified":"2024-03-11T09:49:32","modified_gmt":"2024-03-11T08:49:32","slug":"v08-382-el-ayuntamiento-de-hellin-comienza-a-instalar-camaras-de-control-del-trafico-en-diferentes-puntos-de-la-ciudad","status":"publish","type":"post","link":"https:\/\/lavozdehellin.com\/noticias\/v08-382-el-ayuntamiento-de-hellin-comienza-a-instalar-camaras-de-control-del-trafico-en-diferentes-puntos-de-la-ciudad\/","title":{"rendered":"LVH NOTICIAS | EL AYUNTAMIENTO DE HELL\u00cdN COMIENZA A INSTALAR C\u00c1MARAS DE CONTROL DEL TR\u00c1FICO EN DIFERENTES PUNTOS DE LA CIUDAD"},"content":{"rendered":"<p style=\"text-align: justify;\">NOTA DE PRENSA<\/p>\n<p><!--more--><br \/>\n<!--publicidad-voz01--><a href=\"https:\/\/www.facebook.com\/SoloRadioHellin\/?locale=es_ES\"><img decoding=\"async\" class=\"alignnone size-medium\" src=\"https:\/\/blogger.googleusercontent.com\/img\/b\/R29vZ2xl\/AVvXsEiNncirNnyGedv00mhjZjh5Wl4_YPdJGanoAl8tL8zH-HwqE8uHqjEfSt340RHdx-9tuCSIkZ8rFamZiGyYlgDGxCsmXjCH_1xk5eYM3ntFZRvJP_jndOKR7w1UAo9Tu0vrZyOLfqRpHIxYI5SymJJ-pfGCQw6QVpggBH-UgfjiFQ2JOxqxG0Jx94kW83c\/s1600\/logo-principal.jpg\" width=\"100%\" height=\"100\" \/><\/a><!--bestpublic-voz01--><!--desk-in-out-voz01--><br \/>\n<!--publicidad-voz02--><a href=\"https:\/\/www.hellincf.com\/\"><img decoding=\"async\" class=\"alignnone size-medium\" src=\"https:\/\/blogger.googleusercontent.com\/img\/b\/R29vZ2xl\/AVvXsEhuZ4-XfBVj3UtdP8-RZugy3WVrg-Zv28c53m4oV47qYCxL1rX_dqWX_YddsGSnpH5SRDqZ7bZeKPIfDVCDncpjVlhy3aQs2vojcJBn7Gdv9hC2_Nzct_pRFrnFE1a7KTCdY1bT_kAgnY3-iadRZrGeJf1fR2P5fu11bokx0pWjaypoy-ctwCjklldpEbA\/s1600\/logo-principal7.jpg\" width=\"100%\" height=\"100\" \/><\/a><!--bestpublic-voz02--><!--desk-in-out-voz02--><\/p>\n<p style=\"text-align: justify;\">El Ayuntamiento de Hell\u00edn comienza a instalar c\u00e1maras de control del tr\u00e1fico en diferentes puntos de la ciudad<\/p>\n<p style=\"text-align: justify;\">Nueva Ordenanza de Circulaci\u00f3n<\/p>\n<p style=\"text-align: justify;\">MEMORIA 2023<\/p>\n<p style=\"text-align: justify;\">Acompa\u00f1ado por el el Jefe de la Polic\u00eda Local \u2013 Francisco Jos\u00e9 Paterna-, el Alcalde de la ciudad -Manuel Serena- han presentado conjuntamente en la Sala de Prensa de la comisar\u00eda local la MEMORIA 2023, as\u00ed como la presentaci\u00f3n de la instalaci\u00f3n de c\u00e1maras de vigilancia en la ciudad y la nueva Ordenanza de Circulaci\u00f3n.<\/p>\n<p style=\"text-align: justify;\">El Ayuntamiento ha adjudicado a la empresa SOL-FIX de Guadalajara la instalaci\u00f3n y puesta en servicio de un sistema de televigilancia del tr\u00e1fico rodado.<\/p>\n<p style=\"text-align: justify;\">Seg\u00fan han informado ambos esta primera fase del proyecto va a contar con 4 grupos de c\u00e1maras de alta resoluci\u00f3n y visi\u00f3n nocturna en distintas calles del casco urbano ubicadas en un primer t\u00e9rmino en Plaza de la Guardia Civil, Cuatro Caminos, \u00e1rea de influencia del Jard\u00edn Mtnez Parras y Casa de la Cultura, las cu\u00e1les podr\u00e1n reubicarse igualmente en cualquier parte de la ciudad seg\u00fan las necesidades.<\/p>\n<p style=\"text-align: justify;\">A\u00f1ad\u00eda Paterna la necesidad de instalar c\u00e1maras de control del tr\u00e1fico en distintas ubicaciones con el objeto de \u00abmejorar en cu\u00e1nto a control de tr\u00e1fico y seguridad ciudadana, ayudando a complementar nuestra eficacia y gesti\u00f3n de los diferentes servicios policiales. La implantaci\u00f3n de c\u00e1maras y la l\u00f3gica asociada a las mismas contribuir\u00e1 al desarrollo de Hell\u00edn, dotando a la ciudad de m\u00e1s herramientas y recursos que recojan informaci\u00f3n que podamos procesar y analizar para mejorar la gesti\u00f3n y la toma de decisiones, as\u00ed como detectar con mayor antelaci\u00f3n aquellos problemas que requieran de una intervenci\u00f3n por parte nuestra\u00bb.<\/p>\n<p style=\"text-align: justify;\">Se trata de c\u00e1maras de reconocimiento que cuentan con lectura de matr\u00edculas de veh\u00edculos, lo que permite registrar los accesos y salidas a la ciudad y tr\u00e1nsito por zonas donde est\u00e9n instaladas al igual que el tr\u00e1nsito de peatones, adem\u00e1s de facilitar las intervenciones m\u00e1s r\u00e1pidas de la polic\u00eda local ante situaciones ocasionadas con motivo del tr\u00e1fico o situaciones delictivas.<\/p>\n<p style=\"text-align: justify;\">De igual manera, la Concejal\u00eda de Interior y la Jefatura de Polic\u00eda de Hell\u00edn est\u00e1n trabajando conjuntamente en pr\u00f3ximas fases del proyecto, para la ampliaci\u00f3n de las zonas del casco antiguo, extrarradios e interior de edificios e instalaciones municipales y as\u00ed reforzar la seguridad vial y ciudadana en barrios, pol\u00edgonos industriales, parques y jardines\u2026<\/p>\n<p style=\"text-align: justify;\">Igualmente, en otro orden de cosas, tanto Alcalde \u2013 M. Serena- como Jefe de Polic\u00eda Local -F.J. Paterna- anunciaban la puesta en marcha de la tramitaci\u00f3n para ser aprobada en pleno en breve de una nueva ORDENANZA DE CIRCULACI\u00d3N, la actual data de octubre de 2010. Tras m\u00e1s de un a\u00f1o de trabajos por fin se ha presentado por parte de la Jefatura la que ser\u00e1 la nueva ordenanza actualizada para as\u00ed complementar la casu\u00edstica adaptada a las nuevas realidades de la ciudad.<\/p>\n<p style=\"text-align: justify;\">Memoria de la Polic\u00eda local de Hell\u00edn<\/p>\n<p style=\"text-align: justify;\">Paterna, junto a Serena, presentaba la MEMORIA asentada en cinco grandes campos de intervenciones como JEFATURA, AYUNTAMIENTO, TR\u00c1FICO, JUDICIAL y ORDEN P\u00daBLICO, dentro de las cuales se asientan todas las labores policiales.<\/p>\n<p style=\"text-align: justify;\">A lo largo del a\u00f1o 2023 realizaban 10.608 intervenciones policiales, aumentando en m\u00e1s de 600 en relaci\u00f3n a las 9.933 de 2022 y las 9.518 de 2021. Una MEMORIA que consta de alrededor de 100 p\u00e1gs. de las que se extrae una continuidad en la implicaci\u00f3n de todo un colectivo y una apuesta por la eficacia en la respuesta a las demandas de los vecinos de la ciudad y sus pedan\u00edas.<\/p>\n<p style=\"text-align: justify;\">Se han realizado 143 atestados de tr\u00e1fico mientras que en 2022 ascendieron a 169, se han atendido un total de 294 accidentes de tr\u00e1fico de diversa consideraci\u00f3n (cifra a la baja respecto a 2022), 439 controles de tr\u00e1fico y 496 veh\u00edculo retirados con gr\u00faa a dep\u00f3sito municipal, 2.020 denuncias de tr\u00e1fico en 2023 y 2.152 en 2.022<\/p>\n<p style=\"text-align: justify;\">Respecto a las relaciones con la administraci\u00f3n de justicia se han realizado 1.216 intervenciones (polic\u00eda judicial) y en 2022 llegaron a 1.525, mientras que en el \u00e1rea de orden p\u00fablico y seguridad ciudadana ascendieron a 1.869 en 2023 y 1.783 en 2022.<\/p>\n<p style=\"text-align: justify;\">Destacar que en oficios de denuncia por infracciones a ordenanzas y otras reglamentaciones ascienden a 360 y 384 en 2022, medio ambiente 499 actuaciones\u2026<\/p>\n<p style=\"text-align: justify;\">En cuanto a la memoria en s\u00ed, el Jefe de Polic\u00eda ha destacado la colaboraci\u00f3n continua y estrecha con todos los departamentos internos del Ayuntamiento, as\u00ed como con la Polic\u00eda Nacional y la Guardia Civil. Con este \u00faltimo cuerpo, se ha colaborado durante el pasado a\u00f1o en las campa\u00f1as de uso del cintur\u00f3n, control de velocidad, uso del m\u00f3vil durante la conducci\u00f3n, controles de alcohol y drogas y documentaci\u00f3n.<\/p>\n<p style=\"text-align: justify;\">Otros aspectos que recoge la memoria, son las actuaciones con escolares tanto en clases de Educaci\u00f3n Vial (donde se ha llegado a m\u00e1s de 1000 alumnos de 3\u00ba \/ 4\u00ba \/ 5\u00ba de primaria), como en las de absentismo escolar y agente tutor, y la propia unidad de polic\u00eda local de VIOGEN en colaboraci\u00f3n con la UFAM del CNP o la EMUME de GC.<\/p>\n<p style=\"text-align: justify;\">As\u00ed, finalizaba Manuel Serena la intervenci\u00f3n junto al m\u00e1ximo responsable del Cuerpo Policial \u2013 Fco. Jos\u00e9 Paterna- a\u00f1adiendo que la informaci\u00f3n que ofrece la Memoria de 2023 revela la alta cualificaci\u00f3n y el elevado compromiso de nuestra Polic\u00eda Local con el inter\u00e9s general y el desarrollo eficaz de la funci\u00f3n p\u00fablica, y agradecen la encomiable labor que destila el informe de intervenciones que presentan, con la confianza plena de que los efectivos de este Cuerpo de funcionarios seguir\u00e1n demostrando su capacidad de servicio y su esp\u00edritu vocacional en cuantas funciones tengan atribuidas.<\/p>\n<p><!--publicidad-voz03--><a href=\"https:\/\/www.facebook.com\/profile.php?id=100063593791305&amp;locale=es_ES\"><img decoding=\"async\" class=\"alignnone size-medium\" src=\"https:\/\/blogger.googleusercontent.com\/img\/b\/R29vZ2xl\/AVvXsEi8_n_ll8UOcGxCqzFvb_9Io4ICczlGC990BPtPj2w9Px-u7B3oqWUW5vtjZUqPNJ-nyjiUIorE0ATsib_l5tV8BVN-UJ03RTnU__IHJF_4DgDBtY4LIqXNG-FomrO-7ywes20CBCRM2Hcm7EJSh3UUw1dO-c_uTflUrtgY1i7uBRezj_DpympmEFkfbQY\/s1600\/logo-principal2.jpg\" width=\"100%\" height=\"100\" \/><\/a><!--bestpublic-voz03--><!--desk-in-out-voz03--><br \/>\n<!--publicidad-voz04--><a href=\"https:\/\/www.facebook.com\/profile.php?id=61557370768692&amp;locale=es_ES\"><img decoding=\"async\" class=\"alignnone size-medium\" src=\"https:\/\/blogger.googleusercontent.com\/img\/b\/R29vZ2xl\/AVvXsEgy5RdcfffrnrItnYTcV9bCJjgJwldsQLWssfVfrLbyfXeBNTFKgBf0rMIvhrUaGUhiXzVr9_eQgCbi-j63ZDpfTvLIty9w7s140y-m1yHe7eKmEK7v2NAHUJDVYGdfeiQFeRCqUjdwWmN1MX_AUxxz4IVdJ4WIM0APxit8bjWkXzrnEFGqBvW_1F13H1g\/s1600\/logo-principal5.jpg\" width=\"100%\" height=\"100\" \/><\/a><!--bestpublic-voz04--><!--desk-in-out-voz04--><br \/>\n<!--publicidad-voz05--><a href=\"https:\/\/www.facebook.com\/asociaciontamborileroshellin?locale=es_ES\"><img decoding=\"async\" class=\"alignnone size-medium\" src=\"https:\/\/blogger.googleusercontent.com\/img\/b\/R29vZ2xl\/AVvXsEhHEEpZsKK1VpwiYMrS7aE2ujtqIDZoLd4B5wtbiseSU9s2HdTdQfhF84So2XwEB1fv0BLw95GADm6hUl1bkKtzh-eIgVigXONuu_5RxeIMPhjk8q6uNX4EaEHbooKkbu7pCADWPpVJjhKIH5NQSJpWqedC-YBez4QAQeJYokkLot9bhrIaUAeztsGis6M\/s1600\/logo-principal3.jpg\" width=\"100%\" height=\"100\" \/><\/a><!--bestpublic-voz05--><!--desk-in-out-voz05--><br \/>\n<!--publicidad-voz06--><!--bestpublic-voz06--><!--desk-in-out-voz06--><br \/>\n<!--publicidad-voz07--><!--bestpublic-voz07--><!--desk-in-out-voz07--><br \/>\n<!--publicidad-voz08--><!--bestpublic-voz08--><!--desk-in-out-voz08--><br \/>\n<!--publicidad-voz09--><!--bestpublic-voz09--><!--desk-in-out-voz09--><br \/>\n<!--publicidad-voz10--><!--bestpublic-voz10--><!--desk-in-out-voz10--><br \/>\n<!--publicidad-voz11--><!--bestpublic-voz11--><!--desk-in-out-voz11--><br \/>\n<!--publicidad-voz12--><!--bestpublic-voz12--><!--desk-in-out-voz12--><br \/>\n<!--publicidad-voz13--><!--bestpublic-voz13--><!--desk-in-out-voz13--><br \/>\n<!--publicidad-voz14--><!--bestpublic-voz14--><!--desk-in-out-voz14--><br \/>\n<!--publicidad-voz15--><!--bestpublic-voz15--><!--desk-in-out-voz15--><br \/>\n<!--publicidad-voz16--><!--bestpublic-voz16--><!--desk-in-out-voz16--><\/p>\n","protected":false},"excerpt":{"rendered":"<p>NOTA DE PRENSA<\/p>\n","protected":false},"author":2,"featured_media":149117,"comment_status":"closed","ping_status":"closed","sticky":false,"template":"","format":"standard","meta":{"footnotes":""},"categories":[753,718,715,716,717],"tags":[],"class_list":["post-149116","post","type-post","status-publish","format-standard","has-post-thumbnail","hentry","category-blog-lv034","category-blogger","category-la-voz-de-hellin","category-la-voz-de-hellin-la-voz-de-hellin","category-noticias"],"_links":{"self":[{"href":"https:\/\/lavozdehellin.com\/noticias\/wp-json\/wp\/v2\/posts\/149116","targetHints":{"allow":["GET"]}}],"collection":[{"href":"https:\/\/lavozdehellin.com\/noticias\/wp-json\/wp\/v2\/posts"}],"about":[{"href":"https:\/\/lavozdehellin.com\/noticias\/wp-json\/wp\/v2\/types\/post"}],"author":[{"embeddable":true,"href":"https:\/\/lavozdehellin.com\/noticias\/wp-json\/wp\/v2\/users\/2"}],"replies":[{"embeddable":true,"href":"https:\/\/lavozdehellin.com\/noticias\/wp-json\/wp\/v2\/comments?post=149116"}],"version-history":[{"count":0,"href":"https:\/\/lavozdehellin.com\/noticias\/wp-json\/wp\/v2\/posts\/149116\/revisions"}],"wp:featuredmedia":[{"embeddable":true,"href":"https:\/\/lavozdehellin.com\/noticias\/wp-json\/wp\/v2\/media\/149117"}],"wp:attachment":[{"href":"https:\/\/lavozdehellin.com\/noticias\/wp-json\/wp\/v2\/media?parent=149116"}],"wp:term":[{"taxonomy":"category","embeddable":true,"href":"https:\/\/lavozdehellin.com\/noticias\/wp-json\/wp\/v2\/categories?post=149116"},{"taxonomy":"post_tag","embeddable":true,"href":"https:\/\/lavozdehellin.com\/noticias\/wp-json\/wp\/v2\/tags?post=149116"}],"curies":[{"name":"wp","href":"https:\/\/api.w.org\/{rel}","templated":true}]}}