{"id":149119,"date":"2024-02-28T11:54:27","date_gmt":"2024-02-28T10:54:27","guid":{"rendered":"https:\/\/lavozdehellin.com\/noticias\/?p=149119"},"modified":"2024-03-11T09:49:32","modified_gmt":"2024-03-11T08:49:32","slug":"v08-384-la-diputacion-de-albacete-refuerza-su-compromiso-con-desarrollo-autismo-para-acondicionar-la-nueva-sede-de-la-asociacion-en-hellin","status":"publish","type":"post","link":"https:\/\/lavozdehellin.com\/noticias\/v08-384-la-diputacion-de-albacete-refuerza-su-compromiso-con-desarrollo-autismo-para-acondicionar-la-nueva-sede-de-la-asociacion-en-hellin\/","title":{"rendered":"LVH NOTICIAS | LA DIPUTACI\u00d3N DE ALBACETE REFUERZA SU COMPROMISO CON DESARROLLO AUTISMO PARA ACONDICIONAR LA NUEVA SEDE DE LA ASOCIACI\u00d3N EN HELL\u00cdN"},"content":{"rendered":"<p style=\"text-align: justify;\">Avanzando en su compromiso con la inclusi\u00f3n social y el bienestar de las personas con Trastorno del Espectro Autista (TEA) y sus familias, el presidente de la Diputaci\u00f3n de Albacete ha anunciado un apoyo extra de unos 10.000 euros a la contribuci\u00f3n que desde el Gobierno Provincial se viene haciendo a la Asociaci\u00f3n Desarrollo Autismo.<\/p>\n<p><!--more--><br \/>\n<!--publicidad-voz01--><a href=\"https:\/\/www.facebook.com\/SoloRadioHellin\/?locale=es_ES\"><img decoding=\"async\" class=\"alignnone size-medium\" src=\"https:\/\/blogger.googleusercontent.com\/img\/b\/R29vZ2xl\/AVvXsEiNncirNnyGedv00mhjZjh5Wl4_YPdJGanoAl8tL8zH-HwqE8uHqjEfSt340RHdx-9tuCSIkZ8rFamZiGyYlgDGxCsmXjCH_1xk5eYM3ntFZRvJP_jndOKR7w1UAo9Tu0vrZyOLfqRpHIxYI5SymJJ-pfGCQw6QVpggBH-UgfjiFQ2JOxqxG0Jx94kW83c\/s1600\/logo-principal.jpg\" width=\"100%\" height=\"100\" \/><\/a><!--bestpublic-voz01--><!--desk-in-out-voz01--><br \/>\n<!--publicidad-voz02--><a href=\"https:\/\/www.hellincf.com\/\"><img decoding=\"async\" class=\"alignnone size-medium\" src=\"https:\/\/blogger.googleusercontent.com\/img\/b\/R29vZ2xl\/AVvXsEhuZ4-XfBVj3UtdP8-RZugy3WVrg-Zv28c53m4oV47qYCxL1rX_dqWX_YddsGSnpH5SRDqZ7bZeKPIfDVCDncpjVlhy3aQs2vojcJBn7Gdv9hC2_Nzct_pRFrnFE1a7KTCdY1bT_kAgnY3-iadRZrGeJf1fR2P5fu11bokx0pWjaypoy-ctwCjklldpEbA\/s1600\/logo-principal7.jpg\" width=\"100%\" height=\"100\" \/><\/a><!--bestpublic-voz02--><!--desk-in-out-voz02--><\/p>\n<p style=\"text-align: justify;\">Ayuda que ser\u00e1 clave para que la entidad pueda adecuar y amueblar su nueva sede en Hell\u00edn, desde donde extiende sus servicios de atenci\u00f3n a ni\u00f1os, ni\u00f1as, j\u00f3venes (y sus familias) de toda la comarca.<\/p>\n<p style=\"text-align: justify;\">Santi Caba\u00f1ero, acompa\u00f1ado del diputado y coordinador del \u00c1rea Social en la instituci\u00f3n provincial, Jos\u00e9 Gonz\u00e1lez, del presidente de la entidad, Inocente Jim\u00e9nez, y del alcalde de la localidad, Manuel Serena, destacaba la importancia de este respaldo que la Diputaci\u00f3n materializar\u00e1 v\u00eda convenio extraordinario. Un gesto que, adem\u00e1s de esta infraestructura de apoyo clave para la provincia, refuerza el compromiso de la Diputaci\u00f3n con la promoci\u00f3n de la igualdad de oportunidades y la inclusi\u00f3n de las personas con TEA.<\/p>\n<p style=\"text-align: justify;\">\u00abLa Asociaci\u00f3n Desarrollo Autismo lleva m\u00e1s de dos d\u00e9cadas realizando una labor imprescindible en nuestra provincia, ofreciendo una atenci\u00f3n pr\u00e1cticamente transversal con servicios que van desde la psicolog\u00eda a la logopedia, pasando por terapia ocupacional y con proyectos tan valiosos como los del &#8216;Aula de Adultos&#8217;, el &#8216;Aula de Comunicaci\u00f3n&#8217; o su Escuela de Verano. Con esta aportaci\u00f3n, queremos asegurar que puedan continuar y expandir su e trabajo desde unas instalaciones dignas, adecuadamente acondicionadas, para el bienestar tanto de los usuarios como de los y las profesionales\u00bb, ha se\u00f1alado Caba\u00f1ero.<\/p>\n<p style=\"text-align: justify;\">Una labor comprometida que mira a la provincia<\/p>\n<p style=\"text-align: justify;\">El presidente ha hecho hincapi\u00e9 en lo crucial de la detecci\u00f3n temprana del TEA y del proyecto &#8216;BB Miradas&#8217; (financiado a trav\u00e9s de la convocatoria de IRPF, y que busca facilitar la detecci\u00f3n temprana del autismo en beb\u00e9s), subrayando el papel que la asociaci\u00f3n juega en el apoyo a usuarios y familiares desde la cercan\u00eda y el total acompa\u00f1amiento en las distintas etapas de la vida.<\/p>\n<p style=\"text-align: justify;\">\u00abPara el Gobierno de la Diputaci\u00f3n de Albacete es un privilegio poder trabajar de la mano de Desarrollo Autismo en ese af\u00e1n constante de mejorar la calidad de vida de las personas con TEA y de sus familias y, adem\u00e1s, hacerlo no s\u00f3lo en Albacete capital, sino mirando a la provincia, incluyendo \u00e1reas como \u00e9sta en Hell\u00edn, Villarrobledo o Almansa. Estos son siempre pasos adelante hacia esa normalizaci\u00f3n e integraci\u00f3n social que todos y todas deseamos\u00bb, ha a\u00f1adido.<\/p>\n<p style=\"text-align: justify;\">La colaboraci\u00f3n entre la Diputaci\u00f3n de Albacete y Desarrollo Autismo que, anualmente, se traduce en un convenio directo con la entidad por valor de 38.000 euros, refleja un modelo de gesti\u00f3n p\u00fablica comprometida con la atenci\u00f3n y el soporte a colectivos vulnerables, asegurando que toda la ciudadan\u00eda, sin importar sus capacidades, disfruten de una mejor calidad de vida cada d\u00eda.<\/p>\n<p style=\"text-align: justify;\">En Espa\u00f1a, seg\u00fan el Centro de Referencia Estatal de Autismo (CREA), se estima que alrededor de 450.000 personas tienen Trastorno del Espectro Autista (TEA). Este dato refleja la importancia de la conciencia y los esfuerzos para la comprensi\u00f3n y el apoyo a las personas con TEA y sus entornos.<\/p>\n<p><!--publicidad-voz03--><a href=\"https:\/\/www.facebook.com\/profile.php?id=100063593791305&amp;locale=es_ES\"><img decoding=\"async\" class=\"alignnone size-medium\" src=\"https:\/\/blogger.googleusercontent.com\/img\/b\/R29vZ2xl\/AVvXsEi8_n_ll8UOcGxCqzFvb_9Io4ICczlGC990BPtPj2w9Px-u7B3oqWUW5vtjZUqPNJ-nyjiUIorE0ATsib_l5tV8BVN-UJ03RTnU__IHJF_4DgDBtY4LIqXNG-FomrO-7ywes20CBCRM2Hcm7EJSh3UUw1dO-c_uTflUrtgY1i7uBRezj_DpympmEFkfbQY\/s1600\/logo-principal2.jpg\" width=\"100%\" height=\"100\" \/><\/a><!--bestpublic-voz03--><!--desk-in-out-voz03--><br \/>\n<!--publicidad-voz04--><a href=\"https:\/\/www.facebook.com\/profile.php?id=61557370768692&amp;locale=es_ES\"><img decoding=\"async\" class=\"alignnone size-medium\" src=\"https:\/\/blogger.googleusercontent.com\/img\/b\/R29vZ2xl\/AVvXsEgy5RdcfffrnrItnYTcV9bCJjgJwldsQLWssfVfrLbyfXeBNTFKgBf0rMIvhrUaGUhiXzVr9_eQgCbi-j63ZDpfTvLIty9w7s140y-m1yHe7eKmEK7v2NAHUJDVYGdfeiQFeRCqUjdwWmN1MX_AUxxz4IVdJ4WIM0APxit8bjWkXzrnEFGqBvW_1F13H1g\/s1600\/logo-principal5.jpg\" width=\"100%\" height=\"100\" \/><\/a><!--bestpublic-voz04--><!--desk-in-out-voz04--><br \/>\n<!--publicidad-voz05--><a href=\"https:\/\/www.facebook.com\/asociaciontamborileroshellin?locale=es_ES\"><img decoding=\"async\" class=\"alignnone size-medium\" src=\"https:\/\/blogger.googleusercontent.com\/img\/b\/R29vZ2xl\/AVvXsEhHEEpZsKK1VpwiYMrS7aE2ujtqIDZoLd4B5wtbiseSU9s2HdTdQfhF84So2XwEB1fv0BLw95GADm6hUl1bkKtzh-eIgVigXONuu_5RxeIMPhjk8q6uNX4EaEHbooKkbu7pCADWPpVJjhKIH5NQSJpWqedC-YBez4QAQeJYokkLot9bhrIaUAeztsGis6M\/s1600\/logo-principal3.jpg\" width=\"100%\" height=\"100\" \/><\/a><!--bestpublic-voz05--><!--desk-in-out-voz05--><br \/>\n<!--publicidad-voz06--><!--bestpublic-voz06--><!--desk-in-out-voz06--><br \/>\n<!--publicidad-voz07--><!--bestpublic-voz07--><!--desk-in-out-voz07--><br \/>\n<!--publicidad-voz08--><!--bestpublic-voz08--><!--desk-in-out-voz08--><br \/>\n<!--publicidad-voz09--><!--bestpublic-voz09--><!--desk-in-out-voz09--><br \/>\n<!--publicidad-voz10--><!--bestpublic-voz10--><!--desk-in-out-voz10--><br \/>\n<!--publicidad-voz11--><!--bestpublic-voz11--><!--desk-in-out-voz11--><br \/>\n<!--publicidad-voz12--><!--bestpublic-voz12--><!--desk-in-out-voz12--><br \/>\n<!--publicidad-voz13--><!--bestpublic-voz13--><!--desk-in-out-voz13--><br \/>\n<!--publicidad-voz14--><!--bestpublic-voz14--><!--desk-in-out-voz14--><br \/>\n<!--publicidad-voz15--><!--bestpublic-voz15--><!--desk-in-out-voz15--><br \/>\n<!--publicidad-voz16--><!--bestpublic-voz16--><!--desk-in-out-voz16--><\/p>\n","protected":false},"excerpt":{"rendered":"<p>Avanzando en su compromiso con la inclusi\u00f3n social y el bienestar de las personas con Trastorno del Espectro Autista (TEA) y sus familias, el presidente de la Diputaci\u00f3n de Albacete&#8230;<\/p>\n","protected":false},"author":2,"featured_media":149120,"comment_status":"closed","ping_status":"closed","sticky":false,"template":"","format":"standard","meta":{"footnotes":""},"categories":[753,718,715,716,717],"tags":[],"class_list":["post-149119","post","type-post","status-publish","format-standard","has-post-thumbnail","hentry","category-blog-lv034","category-blogger","category-la-voz-de-hellin","category-la-voz-de-hellin-la-voz-de-hellin","category-noticias"],"_links":{"self":[{"href":"https:\/\/lavozdehellin.com\/noticias\/wp-json\/wp\/v2\/posts\/149119","targetHints":{"allow":["GET"]}}],"collection":[{"href":"https:\/\/lavozdehellin.com\/noticias\/wp-json\/wp\/v2\/posts"}],"about":[{"href":"https:\/\/lavozdehellin.com\/noticias\/wp-json\/wp\/v2\/types\/post"}],"author":[{"embeddable":true,"href":"https:\/\/lavozdehellin.com\/noticias\/wp-json\/wp\/v2\/users\/2"}],"replies":[{"embeddable":true,"href":"https:\/\/lavozdehellin.com\/noticias\/wp-json\/wp\/v2\/comments?post=149119"}],"version-history":[{"count":0,"href":"https:\/\/lavozdehellin.com\/noticias\/wp-json\/wp\/v2\/posts\/149119\/revisions"}],"wp:featuredmedia":[{"embeddable":true,"href":"https:\/\/lavozdehellin.com\/noticias\/wp-json\/wp\/v2\/media\/149120"}],"wp:attachment":[{"href":"https:\/\/lavozdehellin.com\/noticias\/wp-json\/wp\/v2\/media?parent=149119"}],"wp:term":[{"taxonomy":"category","embeddable":true,"href":"https:\/\/lavozdehellin.com\/noticias\/wp-json\/wp\/v2\/categories?post=149119"},{"taxonomy":"post_tag","embeddable":true,"href":"https:\/\/lavozdehellin.com\/noticias\/wp-json\/wp\/v2\/tags?post=149119"}],"curies":[{"name":"wp","href":"https:\/\/api.w.org\/{rel}","templated":true}]}}