{"id":149122,"date":"2024-03-02T21:27:15","date_gmt":"2024-03-02T20:27:15","guid":{"rendered":"https:\/\/lavozdehellin.com\/noticias\/?p=149122"},"modified":"2024-03-11T09:48:44","modified_gmt":"2024-03-11T08:48:44","slug":"v08-385-la-policia-nacional-activa-un-plan-para-potenciar-la-identidad-digital-de-los-ciudadanos","status":"publish","type":"post","link":"https:\/\/lavozdehellin.com\/noticias\/v08-385-la-policia-nacional-activa-un-plan-para-potenciar-la-identidad-digital-de-los-ciudadanos\/","title":{"rendered":"LVH NOTICIAS | LA POLIC\u00cdA NACIONAL ACTIVA UN PLAN PARA POTENCIAR LA IDENTIDAD DIGITAL DE LOS CIUDADANOS"},"content":{"rendered":"<p style=\"text-align: justify;\">Para mejorar la eficacia y la eficiencia de la Administraci\u00f3n P\u00fablica<\/p>\n<p><!--more--><br \/>\n<!--publicidad-voz01--><a href=\"https:\/\/www.facebook.com\/SoloRadioHellin\/?locale=es_ES\"><img decoding=\"async\" class=\"alignnone size-medium\" src=\"https:\/\/blogger.googleusercontent.com\/img\/b\/R29vZ2xl\/AVvXsEiNncirNnyGedv00mhjZjh5Wl4_YPdJGanoAl8tL8zH-HwqE8uHqjEfSt340RHdx-9tuCSIkZ8rFamZiGyYlgDGxCsmXjCH_1xk5eYM3ntFZRvJP_jndOKR7w1UAo9Tu0vrZyOLfqRpHIxYI5SymJJ-pfGCQw6QVpggBH-UgfjiFQ2JOxqxG0Jx94kW83c\/s1600\/logo-principal.jpg\" width=\"100%\" height=\"100\" \/><\/a><!--bestpublic-voz01--><!--desk-in-out-voz01--><br \/>\n<!--publicidad-voz02--><a href=\"https:\/\/www.hellincf.com\/\"><img decoding=\"async\" class=\"alignnone size-medium\" src=\"https:\/\/blogger.googleusercontent.com\/img\/b\/R29vZ2xl\/AVvXsEhuZ4-XfBVj3UtdP8-RZugy3WVrg-Zv28c53m4oV47qYCxL1rX_dqWX_YddsGSnpH5SRDqZ7bZeKPIfDVCDncpjVlhy3aQs2vojcJBn7Gdv9hC2_Nzct_pRFrnFE1a7KTCdY1bT_kAgnY3-iadRZrGeJf1fR2P5fu11bokx0pWjaypoy-ctwCjklldpEbA\/s1600\/logo-principal7.jpg\" width=\"100%\" height=\"100\" \/><\/a><!--bestpublic-voz02--><!--desk-in-out-voz02--><\/p>\n<p style=\"text-align: justify;\">La Polic\u00eda Nacional activa un plan para potenciar la identidad digital de los ciudadanos<\/p>\n<p style=\"text-align: justify;\">Entre las diversas actuaciones que se van a llevar a cabo destaca la renovaci\u00f3n de 351 Puestos de Actualizaci\u00f3n de Documentaci\u00f3n instalados en las comisar\u00edas, que son los que permiten renovar los certificados del DNI, cambio de contrase\u00f1a para acceder a los certificados electr\u00f3nicos y llevar a cabo operaciones de consulta de datos y verificaci\u00f3n del DNI-e<\/p>\n<p style=\"text-align: justify;\">Otra de las actuaciones ya plenamente operativa es la posibilidad del pago de las tasas de expedici\u00f3n de documentos de identidad y viaje (DNI y Pasaporte) a trav\u00e9s de terminales de punto de venta (TPV) y la implementaci\u00f3n de la pasarela de pago con la Agencia Tributaria, un sistema que facilitar\u00e1 y agilizar\u00e1 este tr\u00e1mite a la ciudadan\u00eda.<\/p>\n<p style=\"text-align: justify;\">Este proyecto ha sido realizado por Banco Santander y Getnet, proveedor de pagos global de la entidad<\/p>\n<p style=\"text-align: justify;\">El proyecto conocido con el nombre \u00abDNI virtual\u00bb va a suponer una transformaci\u00f3n del modo de relacionarse con la Administraci\u00f3n P\u00fablica o con el sector privado, lo que requiere ineludiblemente que no se vea comprometida la garant\u00eda de la identidad segura que la legislaci\u00f3n vigente atribuye al DNl-e<\/p>\n<p style=\"text-align: justify;\">La Polic\u00eda Nacional ha puesto en funcionamiento un Plan de Identidad Digital con el objetivo de mejorar la eficacia y la eficiencia de la Administraci\u00f3n P\u00fablica y la accesibilidad de los servicios p\u00fablicos digitales a la ciudadan\u00eda y a las empresas. Los nuevos proyectos permitir\u00e1n dinamizar y extender el uso de la Identidad Digital. Entre estas nuevas iniciativas destaca el conocido con el nombre \u00abDNI virtual\u00bb, que va a suponer una transformaci\u00f3n del modo de relacionarse con la Administraci\u00f3n P\u00fablica o con el sector privado, lo que requiere ineludiblemente que no se vea comprometida la garant\u00eda de la identidad segura que la legislaci\u00f3n vigente atribuye al DNl-e.<\/p>\n<p style=\"text-align: justify;\">Son diversas las actuaciones que se van a llevar a cabo dentro de este ambicioso Plan. Una de ellas es la renovaci\u00f3n de 351 Puestos de Actualizaci\u00f3n de Documentaci\u00f3n (PAD) instalados en las comisar\u00edas de la Polic\u00eda Nacional, que son los que permiten renovar los certificados del DNI, cambio de contrase\u00f1a para acceder a los certificados electr\u00f3nicos y llevar a cabo operaciones de consulta de datos y verificaci\u00f3n del DNl electr\u00f3nico. Actualmente hay instalados un total de 577, y los nuevos dispondr\u00e1n de un dise\u00f1o m\u00e1s ergon\u00f3mico, funcional y operativo.<\/p>\n<p style=\"text-align: justify;\">En estos momentos ya se han instalado 20 de estos nuevos PAD, mientras que el resto estar\u00e1 listo a lo largo del presente a\u00f1o. Con el objetivo de acercar la Administraci\u00f3n a la ciudadan\u00eda, est\u00e1 prevista la adquisici\u00f3n de 210 PAD para su despliegue en m\u00e1s municipios. La instalaci\u00f3n de los citados puestos se iniciar\u00e1 en el mes de junio.<\/p>\n<p style=\"text-align: justify;\">Implantaci\u00f3n de un sistema de pago de tasas por TPV para facilitar el tr\u00e1mite a la ciudadan\u00eda<\/p>\n<p style=\"text-align: justify;\">Otra de las actuaciones que se encuentra ya plenamente operativa es la posibilidad del pago de las tasas de expedici\u00f3n de documentos de identidad y viaje (DNI y pasaporte) a trav\u00e9s de terminales de punto de venta (TPV) y la implementaci\u00f3n de la pasarela de pago con la Agencia Tributaria. Hasta ahora solo se pod\u00eda abonar la tasa online en el momento de solicitar la cita, pero en el marco de este Plan de Identidad Digital activado por la Polic\u00eda Nacional, y con el objetivo de agilizar y facilitar el proceso a la ciudadan\u00eda, se ha ampliado la posibilidad del pago con tarjeta a trav\u00e9s de los TPV instalados en las Unidades de Documentaci\u00f3n.<\/p>\n<p style=\"text-align: justify;\">El contrato fue adjudicado a Banco Santander y Getnet, que forma parte de PagoNxt, la plataforma global de pagos de Grupo Santander. Se han instalado m\u00e1s de 1800 terminales de pago en las comisar\u00edas de todas las regiones. Las unidades m\u00f3viles, que se desplazan en veh\u00edculos a los pueblos para renovar el DNI o el pasaporte, tambi\u00e9n disponen de terminales para aceptar el pago con tarjeta. Esto supone que todos los puestos de expedici\u00f3n de documentos espa\u00f1oles se encuentran cubiertos con dichos terminales y aceptan el pago con tarjeta o m\u00f3vil.<\/p>\n<p style=\"text-align: justify;\">Este sistema de pago es v\u00e1lido para las tarjetas m\u00e1s usadas por los ciudadanos o dispositivo m\u00f3vil con tecnolog\u00eda EMV contactless. Este proyecto ayudar\u00e1 a reducir el manejo de efectivo, al tiempo que fomenta la evoluci\u00f3n hacia una experiencia digitalizada, simplificando procesos y haci\u00e9ndolos m\u00e1s eficientes y c\u00f3modos, tanto para los trabajadores como para los ciudadanos.<\/p>\n<p style=\"text-align: justify;\">DNI en el m\u00f3vil<\/p>\n<p style=\"text-align: justify;\">El proyecto conocido con el nombre \u00abmiDNI\u00bb va a suponer una transformaci\u00f3n del modo de relacionarse con la Administraci\u00f3n P\u00fablica o con el sector privado, lo que requiere ineludiblemente que no se vea comprometida la garant\u00eda de la identidad segura que la legislaci\u00f3n vigente atribuye al DNl-e.<\/p>\n<p style=\"text-align: justify;\">En s\u00edntesis, la finalidad de este proyecto es que pueda acreditarse la identidad espa\u00f1ola a trav\u00e9s de medios telem\u00e1ticos y que el interesado acceda a sus datos almacenados en el fichero del DNI, acreditarse de la misma forma a como la har\u00eda si mostrase el soporte f\u00edsico del documento y operar en un entorno digital, ya sea p\u00fablico o privado. Con todo esto, la Polic\u00eda Nacional podr\u00eda facilitar a los ciudadanos el acceso telem\u00e1tico a determinados servicios asociados al DNI.<\/p>\n<p style=\"text-align: justify;\">En este proceso habr\u00e1 una primera fase para dotar a los ciudadanos de una representaci\u00f3n virtual del DNI f\u00edsico, que les permitir\u00eda identificarse y acreditar su identidad mediante la exhibici\u00f3n de esa imagen electr\u00f3nica de su DNI f\u00edsico. Esta imagen o representaci\u00f3n f\u00edsica mediante un QR estar\u00eda firmada electr\u00f3nicamente por la Polic\u00eda.<\/p>\n<p style=\"text-align: justify;\">Se desarrollar\u00e1 un sistema centralizado que proporcionar\u00e1 un servicio en l\u00ednea para la obtenci\u00f3n de la representaci\u00f3n virtual del DNI y su verificaci\u00f3n, as\u00ed como unas aplicaciones que permitan la descarga de la representaci\u00f3n f\u00edsica del DNI firmada por la Polic\u00eda.<\/p>\n<p style=\"text-align: justify;\">Al poder acreditar la identidad de igual forma que el DNI f\u00edsico, incluso garantizando que el documento no ha sido sustra\u00eddo o extraviado y que no existe una expedici\u00f3n posterior, podr\u00eda utilizarse para acreditar la identidad en cualquier proceso de registro p\u00fablico o privado, como apertura de cuenta bancaria, registro en un hotel o alquiler de un veh\u00edculo, entre otros.<\/p>\n<p style=\"text-align: justify;\">En una segunda fase se dotar\u00e1 a los ciudadanos de unos certificados de identificaci\u00f3n y firma electr\u00f3nica centralizada. Estos certificados tendr\u00e1n el mismo reconocimiento europeo que los del DNI.<\/p>\n<p style=\"text-align: justify;\">Nuevos m\u00f3dulos de expedici\u00f3n del DNI expr\u00e9s<\/p>\n<p style=\"text-align: justify;\">Dentro de este Plan de Identidad Digital, tambi\u00e9n se est\u00e1n desplegando los m\u00f3dulos de expedici\u00f3n m\u00faltiple (DNI expr\u00e9s). Esta medida posibilita la atenci\u00f3n simult\u00e1nea de dos personas, manteniendo la privacidad de cada ciudadano, por un \u00fanico expedidor en el tiempo equivalente a una expedici\u00f3n de DNI-e est\u00e1ndar. El sistema se basa en la sencillez del manejo tanto para el expedidor como para los ciudadanos.<\/p>\n<p style=\"text-align: justify;\">Aspecto importante del proyecto es la obtenci\u00f3n in situ de la fotograf\u00eda, incrementando con ello notablemente la seguridad de la expedici\u00f3n y descartando cualquier duda sobre la imagen del titular (prevenci\u00f3n de la usurpaci\u00f3n de la identidad). Tambi\u00e9n incluye la captura de otros datos biom\u00e9tricos del titular del documento en el mismo instante de su renovaci\u00f3n, y est\u00e1 equipado con una pantalla que permite al interesado personalizar la contrase\u00f1a para el acceso a los certificados electr\u00f3nicos almacenados en el chip del documento.<\/p>\n<p style=\"text-align: justify;\">Prioritariamente, se instalar\u00e1n en las Unidades de Documentaci\u00f3n con mayor carga de trabajo. El proyecto contempla la adquisici\u00f3n de 127 unidades de DNI expr\u00e9s. Ya se encuentran instalados DNI expr\u00e9s con plena operatividad en las Unidades de Documentaci\u00f3n de Barcelona Trafalgar, Bilbao, C\u00f3rdoba, Madrid-Santa Engracia, Granda-Centro, Granda-Norte, Madrid-Ciudad Lineal, M\u00e1laga, Toledo, Valencia-Hospital. En el resto de las Unidades estar\u00e1n instalados antes de que acabe el primer semestre de este a\u00f1o.<\/p>\n<p style=\"text-align: justify;\">Unidades M\u00f3viles de Documentaci\u00f3n<\/p>\n<p style=\"text-align: justify;\">Con este proyecto tambi\u00e9n se persigue la transformaci\u00f3n de los equipos m\u00f3viles de expedici\u00f3n actuales, dot\u00e1ndoles de un veh\u00edculo policial que permitir\u00e1 la expedici\u00f3n en unidad de acto (tal y como ocurre con la expedici\u00f3n en una dependencia policial) tanto del DNI como, por primera vez, del pasaporte.<\/p>\n<p style=\"text-align: justify;\">La conexi\u00f3n territorial, vertebraci\u00f3n del Estado y sensibilidad con la Espa\u00f1a m\u00e1s lejana se garantizar\u00eda con este nuevo servicio m\u00e1s cercano al ciudadano, y que ahorrar\u00eda en costes por su nuevo sistema de expedici\u00f3n documental.<\/p>\n<p style=\"text-align: justify;\">Este proyecto contempla continuar potenciando la documentaci\u00f3n para atender a la ciudadan\u00eda, teniendo en cuenta que, mejorando el procedimiento actualmente existente, se conseguir\u00e1 un servicio integral de documentaci\u00f3n. Se ha llevado a cabo la adquisici\u00f3n de 85 unidades m\u00f3viles de documentaci\u00f3n.<\/p>\n<p style=\"text-align: justify;\">Por \u00faltimo, se puede destacar los 155 nuevos Equipos Gesti\u00f3n de Esperas, que, sincronizados con el sistema de cita previa, facilitan la atenci\u00f3n a las personas que acuden a cualquier Unidad de Documentaci\u00f3n para la realizaci\u00f3n de un tr\u00e1mite mediante la asignaci\u00f3n del turno de espera.<\/p>\n<p><!--publicidad-voz03--><a href=\"https:\/\/www.facebook.com\/profile.php?id=100063593791305&amp;locale=es_ES\"><img decoding=\"async\" class=\"alignnone size-medium\" src=\"https:\/\/blogger.googleusercontent.com\/img\/b\/R29vZ2xl\/AVvXsEi8_n_ll8UOcGxCqzFvb_9Io4ICczlGC990BPtPj2w9Px-u7B3oqWUW5vtjZUqPNJ-nyjiUIorE0ATsib_l5tV8BVN-UJ03RTnU__IHJF_4DgDBtY4LIqXNG-FomrO-7ywes20CBCRM2Hcm7EJSh3UUw1dO-c_uTflUrtgY1i7uBRezj_DpympmEFkfbQY\/s1600\/logo-principal2.jpg\" width=\"100%\" height=\"100\" \/><\/a><!--bestpublic-voz03--><!--desk-in-out-voz03--><br \/>\n<!--publicidad-voz04--><a href=\"https:\/\/www.facebook.com\/profile.php?id=61557370768692&amp;locale=es_ES\"><img decoding=\"async\" class=\"alignnone size-medium\" src=\"https:\/\/blogger.googleusercontent.com\/img\/b\/R29vZ2xl\/AVvXsEgy5RdcfffrnrItnYTcV9bCJjgJwldsQLWssfVfrLbyfXeBNTFKgBf0rMIvhrUaGUhiXzVr9_eQgCbi-j63ZDpfTvLIty9w7s140y-m1yHe7eKmEK7v2NAHUJDVYGdfeiQFeRCqUjdwWmN1MX_AUxxz4IVdJ4WIM0APxit8bjWkXzrnEFGqBvW_1F13H1g\/s1600\/logo-principal5.jpg\" width=\"100%\" height=\"100\" \/><\/a><!--bestpublic-voz04--><!--desk-in-out-voz04--><br \/>\n<!--publicidad-voz05--><a href=\"https:\/\/www.facebook.com\/asociaciontamborileroshellin?locale=es_ES\"><img decoding=\"async\" class=\"alignnone size-medium\" src=\"https:\/\/blogger.googleusercontent.com\/img\/b\/R29vZ2xl\/AVvXsEhHEEpZsKK1VpwiYMrS7aE2ujtqIDZoLd4B5wtbiseSU9s2HdTdQfhF84So2XwEB1fv0BLw95GADm6hUl1bkKtzh-eIgVigXONuu_5RxeIMPhjk8q6uNX4EaEHbooKkbu7pCADWPpVJjhKIH5NQSJpWqedC-YBez4QAQeJYokkLot9bhrIaUAeztsGis6M\/s1600\/logo-principal3.jpg\" width=\"100%\" height=\"100\" \/><\/a><!--bestpublic-voz05--><!--desk-in-out-voz05--><br \/>\n<!--publicidad-voz06--><!--bestpublic-voz06--><!--desk-in-out-voz06--><br \/>\n<!--publicidad-voz07--><!--bestpublic-voz07--><!--desk-in-out-voz07--><br \/>\n<!--publicidad-voz08--><!--bestpublic-voz08--><!--desk-in-out-voz08--><br \/>\n<!--publicidad-voz09--><!--bestpublic-voz09--><!--desk-in-out-voz09--><br \/>\n<!--publicidad-voz10--><!--bestpublic-voz10--><!--desk-in-out-voz10--><br \/>\n<!--publicidad-voz11--><!--bestpublic-voz11--><!--desk-in-out-voz11--><br \/>\n<!--publicidad-voz12--><!--bestpublic-voz12--><!--desk-in-out-voz12--><br \/>\n<!--publicidad-voz13--><!--bestpublic-voz13--><!--desk-in-out-voz13--><br \/>\n<!--publicidad-voz14--><!--bestpublic-voz14--><!--desk-in-out-voz14--><br \/>\n<!--publicidad-voz15--><!--bestpublic-voz15--><!--desk-in-out-voz15--><br \/>\n<!--publicidad-voz16--><!--bestpublic-voz16--><!--desk-in-out-voz16--><\/p>\n","protected":false},"excerpt":{"rendered":"<p>Para mejorar la eficacia y la eficiencia de la Administraci\u00f3n P\u00fablica<\/p>\n","protected":false},"author":2,"featured_media":149123,"comment_status":"closed","ping_status":"closed","sticky":false,"template":"","format":"standard","meta":{"footnotes":""},"categories":[753,718,715,716,717],"tags":[],"class_list":["post-149122","post","type-post","status-publish","format-standard","has-post-thumbnail","hentry","category-blog-lv034","category-blogger","category-la-voz-de-hellin","category-la-voz-de-hellin-la-voz-de-hellin","category-noticias"],"_links":{"self":[{"href":"https:\/\/lavozdehellin.com\/noticias\/wp-json\/wp\/v2\/posts\/149122","targetHints":{"allow":["GET"]}}],"collection":[{"href":"https:\/\/lavozdehellin.com\/noticias\/wp-json\/wp\/v2\/posts"}],"about":[{"href":"https:\/\/lavozdehellin.com\/noticias\/wp-json\/wp\/v2\/types\/post"}],"author":[{"embeddable":true,"href":"https:\/\/lavozdehellin.com\/noticias\/wp-json\/wp\/v2\/users\/2"}],"replies":[{"embeddable":true,"href":"https:\/\/lavozdehellin.com\/noticias\/wp-json\/wp\/v2\/comments?post=149122"}],"version-history":[{"count":0,"href":"https:\/\/lavozdehellin.com\/noticias\/wp-json\/wp\/v2\/posts\/149122\/revisions"}],"wp:featuredmedia":[{"embeddable":true,"href":"https:\/\/lavozdehellin.com\/noticias\/wp-json\/wp\/v2\/media\/149123"}],"wp:attachment":[{"href":"https:\/\/lavozdehellin.com\/noticias\/wp-json\/wp\/v2\/media?parent=149122"}],"wp:term":[{"taxonomy":"category","embeddable":true,"href":"https:\/\/lavozdehellin.com\/noticias\/wp-json\/wp\/v2\/categories?post=149122"},{"taxonomy":"post_tag","embeddable":true,"href":"https:\/\/lavozdehellin.com\/noticias\/wp-json\/wp\/v2\/tags?post=149122"}],"curies":[{"name":"wp","href":"https:\/\/api.w.org\/{rel}","templated":true}]}}